{"id":664430,"date":"2026-09-04T10:26:16","date_gmt":"2026-09-04T10:26:16","guid":{"rendered":"https:\/\/www.europesays.com\/it\/664430\/"},"modified":"2026-09-04T10:26:16","modified_gmt":"2026-09-04T10:26:16","slug":"mctominay-napoli-per-il-rinnovo-servono-7-milioni","status":"publish","type":"post","link":"https:\/\/www.europesays.com\/it\/664430\/","title":{"rendered":"McTominay-Napoli, per il rinnovo servono 7 milioni"},"content":{"rendered":"<p>                                Il centrocampista scozzese vuole restare, ora il club dovr\u00e0 trovare la formula giusta\u00a0<\/p>\n<p class=\"paragraph\" spellcheck=\"true\">Come prima, magari non proprio pi\u00f9 di prima, per\u00f2 \u00e8 fatale che succeda, che si entri di slancio fin dentro a un tormentone che far\u00e0 compagnia notte e giorno, e un po\u2019 far\u00e0 sorridere e un po\u2019 sfinir\u00e0. \u00c8 il calcio di ieri, di oggi, indiscutibilmente quello di domani, perch\u00e9 il tempo passa, i contratti si avviano alla loro naturale estinzione e bisogna (ri)dargli vita, ritoccarli. Scott McTominay almeno \u00e8 stato diretto, ha eluso la diplomazia, ha fatto irruzione sull\u2019argomento con la sua disarmante sincerit\u00e0 ed ha avviato il dibattito: &#8220;Non \u00e8 importante parlarne ora. Non ci sono stati nuovi colloqui. La cosa che conta di pi\u00f9 ora \u00e8 la prestazione sul campo non la firma. Ancora non so se e quando rinnover\u00f2&#8221;. L\u2019inappuntabile (per onest\u00e0 intellettuale) Scott McTominay si \u00e8 espresso con chiarezza, ha sorvolato la retorica ed ha raccontato lo stato dell\u2019arte: le chiacchierate pi\u00f9 recenti risalgono a qualche mese fa, poi tra i Mondiali e le vacanze e le vesciche e l\u2019aritmia benigna che verr\u00e0 affrontata con un intervento da effettuare in Inghilterra (o in Scozia), non c\u2019\u00e8 stato modo di avvicinarsi, perch\u00e9 la distanza \u00e8 notevole.\u00a0<\/p>\n<p>    ora\u2014 \u00a0<\/p>\n<p class=\"paragraph is-inline\" spellcheck=\"true\">McTominay \u00e8 arrivato nell\u2019estate del 2024, trenta milioni al Manchester United e per lui un quadriennale a scalare che \u00e8 arrivato a 4 milioni e mezzo (netti). La storia racconta di un calciatore che si \u00e8 imposto immediatamente, ha segnato 12 gol nella sua prima stagione, \u00e8 stato eletto Mvp ed \u00e8 ha avuto un ruolo determinante nella conquista dello scudetto. Il Napoli e McTominay hanno avuto modo, chiaramente, di rivelarsi le rispettive intenzioni e se il club vuole tenere ancora con s\u00e9 il centrocampista, lo scozzese \u2014 chiaramente \u2014 intende offrirsi un ritocco degno del suo valore: per restare, per allungarsi sino al 2030, serviranno (servirebbero) 7 milioni di euro (quasi il doppio al lordo) e lo sforzo economico per la societ\u00e0 diventerebbe ragguardevole, andrebbe ad incidere sul bilancio in maniera consistente. E quindi si tratta, per cercare di trovare un incrocio che accontenti l\u2019uno e l\u2019altro e tracciare un orizzonte che garantisca serenit\u00e0 reciproca.\u00a0<\/p>\n<p><a class=\"is-partner-link\" href=\"https:\/\/ad.doubleclick.net\/ddm\/trackclk\/N1792338.340088CAIRORCSMEDIAS.P.\/B28038690.452531709;dc_trk_aid=646241311;dc_trk_cid=173665161;dc_lat=;dc_rdid=;tag_for_child_directed_treatment=;tfua=;gdpr=%24%7BGDPR%7D;gdpr_consent=%24%7BGDPR_CONSENT_755%7D;ltd=;dc_tdv=1\" rel=\"nofollow noopener\" target=\"_blank\">Guarda tutte le partite di Serie A Enilive in esclusiva nei locali Sky! Trova il locale pi\u00f9 vicino a te.<\/a><\/p>\n<p>    la linea\u2014 \u00a0<\/p>\n<p class=\"paragraph is-inline\" spellcheck=\"true\">Il Napoli ha appena concesso il rinnovo sino al 2032 a Marianucci, ha deciso di tenere con s\u00e9 fino a fine carriera Di Lorenzo \u2014 nel 2030 avr\u00e0 37 anni \u2014 e sul finale della passata stagione s\u2019era legato a Rrahmani fino al 2029; ma altre vicende, in passato, hanno richiesto mesi di trattative. Le casistiche sono varie, anche dolorose, si va da Kvara ad Higuain \u2014 gli addii pi\u00f9 laceranti \u2014 ma includono pure Hamsik, che per restare si accontentava di un fazzolettino di carta per metterci l\u2019autografo. Il rinnovo che Scott&#8230;a eccolo qua.<\/p>\n<p class=\"is-copyright\">\u00a9 RIPRODUZIONE RISERVATA<\/p>\n","protected":false},"excerpt":{"rendered":"Il centrocampista scozzese vuole restare, ora il club dovr\u00e0 trovare la formula giusta\u00a0 Come prima, magari non proprio&hellip;\n","protected":false},"author":3,"featured_media":664431,"comment_status":"","ping_status":"","sticky":false,"template":"","format":"standard","meta":{"footnotes":"","_share_on_mastodon":"0"},"categories":[176],"tags":[74225,366187,366188,26504,366189,366190,2922,366191,3077,3153,30108,8751,554,1537,90,89,50651,248,14751,21730,8327,104333,13349,12285,42607,245,244,577,7816,366186,5186,4969],"class_list":["post-664430","post","type-post","status-publish","format-standard","has-post-thumbnail","category-sport","tag-accontentava","tag-accontentava-fazzolettino","tag-accontentava-fazzolettino-carta","tag-accontenti","tag-accontenti-tracciare","tag-accontenti-tracciare-orizzonte","tag-addii","tag-addii-laceranti","tag-arrivato","tag-centrocampista","tag-centrocampista-scozzese","tag-chiaramente","tag-club","tag-it","tag-italia","tag-italy","tag-mctominay","tag-napoli","tag-restare","tag-rinnovo","tag-scott","tag-scott-mctominay","tag-scozzese","tag-se","tag-sino","tag-sport","tag-sports","tag-stagione","tag-tenere","tag-tenere-se","tag-trovare","tag-vuole"],"share_on_mastodon":{"url":"https:\/\/pubeurope.com\/@it\/117212295723088090","error":""},"_links":{"self":[{"href":"https:\/\/www.europesays.com\/it\/wp-json\/wp\/v2\/posts\/664430","targetHints":{"allow":["GET"]}}],"collection":[{"href":"https:\/\/www.europesays.com\/it\/wp-json\/wp\/v2\/posts"}],"about":[{"href":"https:\/\/www.europesays.com\/it\/wp-json\/wp\/v2\/types\/post"}],"author":[{"embeddable":true,"href":"https:\/\/www.europesays.com\/it\/wp-json\/wp\/v2\/users\/3"}],"replies":[{"embeddable":true,"href":"https:\/\/www.europesays.com\/it\/wp-json\/wp\/v2\/comments?post=664430"}],"version-history":[{"count":0,"href":"https:\/\/www.europesays.com\/it\/wp-json\/wp\/v2\/posts\/664430\/revisions"}],"wp:featuredmedia":[{"embeddable":true,"href":"https:\/\/www.europesays.com\/it\/wp-json\/wp\/v2\/media\/664431"}],"wp:attachment":[{"href":"https:\/\/www.europesays.com\/it\/wp-json\/wp\/v2\/media?parent=664430"}],"wp:term":[{"taxonomy":"category","embeddable":true,"href":"https:\/\/www.europesays.com\/it\/wp-json\/wp\/v2\/categories?post=664430"},{"taxonomy":"post_tag","embeddable":true,"href":"https:\/\/www.europesays.com\/it\/wp-json\/wp\/v2\/tags?post=664430"}],"curies":[{"name":"wp","href":"https:\/\/api.w.org\/{rel}","templated":true}]}}