{"id":664440,"date":"2026-09-04T10:31:17","date_gmt":"2026-09-04T10:31:17","guid":{"rendered":"https:\/\/www.europesays.com\/it\/664440\/"},"modified":"2026-09-04T10:31:17","modified_gmt":"2026-09-04T10:31:17","slug":"ceuta-cucciolo-di-delfino-morto-esibito-come-un-trofeo","status":"publish","type":"post","link":"https:\/\/www.europesays.com\/it\/664440\/","title":{"rendered":"Ceuta, cucciolo di delfino morto esibito come un trofeo"},"content":{"rendered":"<p>Un cucciolo di delfino \u00e8 stato trascinato fuori dall&#8217;acqua e ucciso mercoled\u00ec 2 settembre 2026 sulla spiaggia del Trampol\u00edn, a Ceuta. Secondo quanto denunciato da testimoni oculari e media locali, l&#8217;animale &#8211; disorientato e vicino alla riva &#8211; \u00e8 stato colpito violentemente alla testa con un bastone.\u00a0<\/p>\n<blockquote class=\"twitter-tweet\">\n<p lang=\"es\" dir=\"ltr\">\ud83d\udea9 La imagen la grabaron este mi\u00e9rcoles, se aprecia a unos inmigrantes con una cr\u00eda de delf\u00edn que, apuntan, ya estar\u00eda muerta. No saben cu\u00e1l ha sido su destino<a href=\"https:\/\/x.com\/hashtag\/Ceuta?src=hash&amp;ref_src=twsrc%5Etfw\" rel=\"nofollow\">#Ceuta<\/a> <a href=\"https:\/\/x.com\/hashtag\/FronteraSur?src=hash&amp;ref_src=twsrc%5Etfw\" rel=\"nofollow\">#FronteraSur<\/a> <a href=\"https:\/\/x.com\/hashtag\/Inmigraci%C3%B3n?src=hash&amp;ref_src=twsrc%5Etfw\" rel=\"nofollow\">#Inmigraci\u00f3n<\/a> <a href=\"https:\/\/t.co\/je0yzlQgAT\" rel=\"nofollow\">pic.twitter.com\/je0yzlQgAT<\/a><\/p>\n<p>\u2014 El Faro de Ceuta (@ElFarodeCeuta) <a href=\"https:\/\/x.com\/ElFarodeCeuta\/status\/2095515280583577974?ref_src=twsrc%5Etfw\" rel=\"nofollow\">September 3, 2026<\/a><\/p>\n<\/blockquote>\n<p>I responsabili hanno poi esibito il corpo senza vita del cetaceo, ormai deceduto, come un trofeo. Le immagini, diffuse sui social media e <a href=\"https:\/\/elfarodeceuta.es\/imagen-polemica-inmigrante-trampolin-cria-delfin\/\" target=\"_blank\" rel=\"nofollow noopener\">verificate<\/a> dal quotidiano locale El Faro de Ceuta, mostrano un gruppo di migranti che avanza verso la scogliera con il cucciolo tra le mani, per poi sparire dietro alcuni blocchi di cemento.\u00a0<\/p>\n<p>Nessun animale protetto dovrebbe essere toccato<\/p>\n<p>Anche nell&#8217;ipotesi in cui il cucciolo fosse stato trovato gi\u00e0 privo di vita, la procedura corretta sarebbe stata allertare il 112 per consentire il recupero dell&#8217;esemplare da parte delle autorit\u00e0 competenti dal momento che i delfini rientrano tra le specie sotto tutela.<\/p>\n<p lang=\"es\" dir=\"ltr\">undefined<\/p>\n<p>L&#8217;autore del video ha spiegato di aver notato il gruppo proprio perch\u00e9 si dirigeva verso la scogliera con l&#8217;animale in mano. I responsabili avrebbero poi tentato di riportare il delfino il mare, ma ormai l&#8217;animale era gi\u00e0 morto. La sorte della carcassa \u00e8 ancora sconosciuta. I testimoni hanno seguito il gruppo di migranti con lo sguardo fino a quando non si sono nascosti dietro i blocchi di cemento, dopodich\u00e9 ne hanno perso le tracce.<\/p>\n<blockquote class=\"twitter-tweet\">\n<p lang=\"es\" dir=\"ltr\">As\u00ed han cazado una cr\u00eda de delf\u00edn los inmigrantes en Ceuta: <a href=\"https:\/\/t.co\/LtqwtWDyjN\" rel=\"nofollow\">pic.twitter.com\/LtqwtWDyjN<\/a><\/p>\n<p>\u2014 Wall Street Wolverine (@wallstwolverine) <a href=\"https:\/\/x.com\/wallstwolverine\/status\/2095595001577148622?ref_src=twsrc%5Etfw\" rel=\"nofollow\">September 3, 2026<\/a><\/p>\n<\/blockquote>\n<p>L&#8217;uccello trasportato con le zampe legate<\/p>\n<p>Il giorno successivo, gioved\u00ec 3 settembre 2026, \u00e8 stato denunciato un secondo episodio nella zona del Pantano, sempre a Ceuta. Un migrante \u00e8 stato ripreso mentre trasportava un uccello con le zampe legate da fascette, per impedirgli di fuggire. Un residente avrebbe affrontato l&#8217;uomo intimandogli di liberare l&#8217;animale e lo ha seguito cercando di guadagnare tempo in attesa dell&#8217;arrivo della guardia civil. Il responsabile \u00e8 tuttavia riuscito a fuggire senza essere identificato n\u00e9 arrestato. La zona del Pantano \u00e8 un&#8217;area sottoposta a tutela e salvaguardia ambientale.<\/p>\n<p>La petizione su Change.org<\/p>\n<p>Intanto su Change.org \u00e8 stata lanciata <a href=\"https:\/\/www.change.org\/p\/justicia-para-la-cr%C3%ADa-de-delf%C3%ADn-asesinada-en-ceuta?recruited_by_id=04bfa5f0-a81e-11f1-bda2-2b89f6914e48&amp;utm_source=share_petition&amp;utm_campaign=psf_promote_or_share&amp;utm_medium=whatsapp&amp;share_id=8v6KtMc6kH&amp;fbclid=IwY2xjawUHQmFwZG9mBGV4dG4DYWVtAjEwAGJyaWQRMEw0OTFHMWZPQkJrdTZuQzJzcnRjBmFwcF9pZA81MTQ3NzE1NjkyMjgwNjEAAR69E6HSEQritrrDA0bijT-pyBdZXvV4O3VPvbb14Weh0rgE_ErolGzngGfrWA_aem_N4GxB7OEmeaYnZpQTi2ibg\" target=\"_blank\" rel=\"nofollow noopener\">una petizione<\/a> rivolta alla delegazione del governo di Ceuta, all&#8217;assessorato all&#8217;ambiente e al Seprona, il braccio operativo della guardia civil che si occupa della tutela della flora e della fauna. &#8220;Testimoni oculari e media locali &#8211; si legge &#8211; hanno riferito che l&#8217;animale \u00e8 stato trattato come un oggetto e colpito violentemente alla testa con un bastone, causandone la morte immediata. Immagini scioccanti che circolano sui social media mostrano i responsabili che esibiscono il corpo senza vita del cetaceo come se fosse un trofeo&#8221;.<\/p>\n<p>&#8220;Questo atto di crudelt\u00e0 eccessiva e ingiustificabile non pu\u00f2 restare impunito&#8221; proseguono i promotori della petizione. &#8220;I delfini sono specie rigorosamente protette dalle leggi spagnole ed europee, e maltrattarli costituisce un grave reato penale&#8221;.\u00a0<\/p>\n<p>      <script async src=\"https:\/\/platform.twitter.com\/widgets.js\" charset=\"utf-8\"><\/script><\/p>\n","protected":false},"excerpt":{"rendered":"Un cucciolo di delfino \u00e8 stato trascinato fuori dall&#8217;acqua e ucciso mercoled\u00ec 2 settembre 2026 sulla spiaggia del&hellip;\n","protected":false},"author":3,"featured_media":664441,"comment_status":"","ping_status":"","sticky":false,"template":"","format":"standard","meta":{"footnotes":"","_share_on_mastodon":"0"},"categories":[160],"tags":[336208,14,164,165,166,7,15,11,167,12,168,366193,161,162,163],"class_list":["post-664440","post","type-post","status-publish","format-standard","has-post-thumbnail","category-mondo","tag-ceuta","tag-cronaca","tag-dal-mondo","tag-dalmondo","tag-mondo","tag-news","tag-notizie","tag-ultime-notizie","tag-ultime-notizie-di-mondo","tag-ultimenotizie","tag-ultimenotiziedimondo","tag-violenze-animali","tag-world","tag-world-news","tag-worldnews"],"share_on_mastodon":{"url":"https:\/\/pubeurope.com\/@it\/117212314808220389","error":""},"_links":{"self":[{"href":"https:\/\/www.europesays.com\/it\/wp-json\/wp\/v2\/posts\/664440","targetHints":{"allow":["GET"]}}],"collection":[{"href":"https:\/\/www.europesays.com\/it\/wp-json\/wp\/v2\/posts"}],"about":[{"href":"https:\/\/www.europesays.com\/it\/wp-json\/wp\/v2\/types\/post"}],"author":[{"embeddable":true,"href":"https:\/\/www.europesays.com\/it\/wp-json\/wp\/v2\/users\/3"}],"replies":[{"embeddable":true,"href":"https:\/\/www.europesays.com\/it\/wp-json\/wp\/v2\/comments?post=664440"}],"version-history":[{"count":0,"href":"https:\/\/www.europesays.com\/it\/wp-json\/wp\/v2\/posts\/664440\/revisions"}],"wp:featuredmedia":[{"embeddable":true,"href":"https:\/\/www.europesays.com\/it\/wp-json\/wp\/v2\/media\/664441"}],"wp:attachment":[{"href":"https:\/\/www.europesays.com\/it\/wp-json\/wp\/v2\/media?parent=664440"}],"wp:term":[{"taxonomy":"category","embeddable":true,"href":"https:\/\/www.europesays.com\/it\/wp-json\/wp\/v2\/categories?post=664440"},{"taxonomy":"post_tag","embeddable":true,"href":"https:\/\/www.europesays.com\/it\/wp-json\/wp\/v2\/tags?post=664440"}],"curies":[{"name":"wp","href":"https:\/\/api.w.org\/{rel}","templated":true}]}}