{"id":664453,"date":"2026-09-04T10:46:15","date_gmt":"2026-09-04T10:46:15","guid":{"rendered":"https:\/\/www.europesays.com\/it\/664453\/"},"modified":"2026-09-04T10:46:15","modified_gmt":"2026-09-04T10:46:15","slug":"mercato-milan-nel-mirino-soltanto-top-player-rabiot-e-pavlovic-saranno-blindati","status":"publish","type":"post","link":"https:\/\/www.europesays.com\/it\/664453\/","title":{"rendered":"Mercato Milan, nel mirino soltanto top player: Rabiot e Pavlovic saranno blindati"},"content":{"rendered":"<p>                                Il mercato estivo ha fatto capire come si muover\u00e0 il Diavolo: stop a spese per calciatori low cost. Per gennaio in prima fila Inacio dello Sporting<\/p>\n<p>            <a class=\"image is-50x50\" href=\"https:\/\/www.gazzetta.it\/redazione\/andrea-ramazzotti\/\" rel=\"nofollow noopener\" target=\"_blank\"><br \/>\n                <img decoding=\"async\" class=\"is-rounded\" src=\"https:\/\/www.europesays.com\/it\/wp-content\/uploads\/2025\/11\/andrea_ramazzotti_avatar.png\" alt=\"Andrea Ramazzotti\"\/><br \/>\n            <\/a><\/p>\n<p>Giornalista<\/p>\n<p>                    4 settembre &#8211; 11:33  &#8211; MILANO<\/p>\n<p class=\"paragraph\" spellcheck=\"true\">Il mercato estivo del Milan ha fatto capire come si muover\u00e0 il club in futuro, ovvero gli acquisti saranno solo top player. Giocatori&#8230; da Milan. Come Gon\u00e7alo Ramos, Gila e Moreira per i quali Cardinale ha investito in tutto 150 milioni di euro solo per i cartellini. Stop con i calciatori low cost, elementi presi magari&#8230; all\u2019ultimo minuto per tappare un buco o avere un volto nuovo in pi\u00f9. La linea sar\u00e0 quella utilizzata per il bomber portoghese e il difensore spagnolo, presi tra fine giugno e inizio luglio anticipando la concorrenza, anche a costo di spendere qualcosa in pi\u00f9. Perch\u00e9? Perch\u00e9 erano prime scelte della societ\u00e0 e del tecnico, operazioni &#8220;studiate e approvate&#8221; da tempo (superavano i parametri di scouting, dati, carattere e compatibilit\u00e0 con il sistema di gioco) e perch\u00e9 cos\u00ec Amorim ha potuto lavorare con loro fin dall\u2019inizio della preparazione (vacanze post Mondiale permettendo, per il bomber). Se fosse stato possibile, sarebbe stata fatta la stessa cosa con Moreira. Da qui in avanti dunque non ci saranno pi\u00f9 trattative infinite per risparmiare 2-3 milioni. Quei soldi rischiano di tramutarsi in allenamenti e soprattutto punti persi. E il Diavolo che va di fretta non pu\u00f2 pi\u00f9 permetterselo.<\/p>\n<p>    Colpo sfumato\u2014 \u00a0<\/p>\n<p class=\"paragraph is-inline\" spellcheck=\"true\">Il Milan a dire la verit\u00e0 nelle ultime 48 ore di mercato un altro calciatore ha provato a prenderlo, ma anche questo era un top player, Gon\u00e7alo Inacio. Sul tavolo dello Sporting Lisbona era stata messa un\u2019offerta da oltre 40 milioni e la risposta era stata s\u00ec, ma era subordinata all\u2019acquisto da parte dei portoghesi di un sostituto. Cosa che non \u00e8 successa. Per questo niente Gon\u00e7alo Inacio in rossonero. Almeno per ora. A gennaio si vedr\u00e0&#8230; Quanto a Tiago Gabriel, la richiesta del Lecce \u00e8 stata giudicata troppo alta: sarebbero serviti 30 milioni come per Gila e il neo rossonero \u00e8 giudicato molto superiore. Cardinale, i suoi uomini e Amorim hanno cos\u00ec deciso di non andare avanti. La scelta di reintegrare Fikayo Tomori, che sar\u00e0 utile soprattutto in Europa League per fare riposare Gila, dunque \u00e8 stata la pi\u00f9 logica perch\u00e9 il reparto non fosse numericamente &#8220;corto&#8221; in caso di un infortunio, come quello attuale di Gabbia. Per l\u2019inglese era arrivata un\u2019offerta del Fulham, ma era troppo bassa. Fikayo, che ha disputato oltre 200 presenze in rossonero, \u00e8 considerato un professionista esemplare e la decisione del club di cederlo era stata presa nell\u2019ottica di una pianificazione a lungo termine. Un difensore top in pi\u00f9, in ogni caso, avrebbe fatto comodo, ma in via Aldo Rossi sapevano gi\u00e0 da tempo che non sarebbe stato possibile correggere tutti insieme i difetti della rosa 2025-26.<\/p>\n<p>    Altri colpi\u2014 \u00a0<\/p>\n<p class=\"paragraph is-inline\" spellcheck=\"true\">Il programma di rafforzamento del Milan per\u00f2 va avanti e l\u2019intenzione non \u00e8 quella di riportare la squadra a vincere in tre anni. Cardinale vuole fare pi\u00f9 in fretta. \u00c8 convinto di aver fatto passi importanti nella giusta direzione gi\u00e0 nella prima finestra di mercato gestita da lui e dal suo nuovo team di collaboratori. Se a gennaio ci saranno esigenze, interverr\u00e0 con un altro paio di operazioni di alto profilo. Senza aspettare gli ultimi giorni di contrattazioni. Il resto sar\u00e0 fatto la prossima estate e, come detto, arriveranno altri&#8230; Gon\u00e7alo Ramos ovvero grandi giocatori da Milan. L\u2019obiettivo \u00e8 alzare il prima possibile un trofeo perch\u00e9 il numero uno di RedBird ha fame di vittorie. La sua storia professionale dice chiaramente che non ama &#8220;solo&#8221; partecipare. Un contributo importante possono darlo anche i giovani della rosa, che sono rimasti non per fare numero, ma perch\u00e9 tutti credono in loro. Amorim allo Sporting ne ha lanciati diversi nel grande calcio e vuole ripetersi. Proprio l\u2019allenatore dal punto di vista tecnico-tattico ha avuto da Gerry Cardinale l\u2019ultima parola nelle scelte e non a caso gli elementi acquistati sono accomunati dalla forte etica del lavoro e dalla disponibilit\u00e0 al sacrificio in favore della  squadra. Esattamente come piace a Ruben.\u00a0<\/p>\n<p><a class=\"is-partner-link\" href=\"https:\/\/fantacampionato.gazzetta.it\/?intcmp=FC2627_CTArticolo2627\" rel=\"nofollow noopener\" target=\"_blank\">Sfida l&#8217;Italia intera con Fantacampionato: la classifica generale parte alla sesta giornata, gioca ora!<\/a><\/p>\n<p>    Rinnovi ed esuberi\u2014 \u00a0<\/p>\n<p class=\"paragraph is-inline\" spellcheck=\"true\">In attesa di vedere se a gennaio ci saranno altri colpi, nelle prossime settimana il club lavorer\u00e0 ai rinnovi di Rabiot e Pavlovic. Cardinale ha gi\u00e0 parlato con loro e con altri calciatori, compreso Saelemaekers, per il quale \u00e8 stata rifiutata una proposta dell\u2019Atalanta: \u00e8 giudicato troppo importante per gli equilibri della squadra per privarsi di lui. Che parta dalla panchina o titolare, il belga d\u00e0 sempre la giusta energia e garantisce il massimo impegno. Capitolo esuberi: anche in futuro se ci saranno elementi considerati non funzionali, la linea sar\u00e0 la stessa usata per Tomori, Fofana, Nkunku e Gimenez ovvero i calciatori non lavoreranno pi\u00f9 con il gruppo. Fofana, che ha rifiutato di andare in Turchia (sia al Galatasaray sia al Besiktas), si \u00e8 convinto all\u2019ultimo minuto ad accettare il Siviglia perch\u00e9 ha capito che sarebbe stato in tribuna, regolarmente pagato, fino a gennaio.<\/p>\n<p class=\"is-copyright\">\u00a9 RIPRODUZIONE RISERVATA<\/p>\n","protected":false},"excerpt":{"rendered":"Il mercato estivo ha fatto capire come si muover\u00e0 il Diavolo: stop a spese per calciatori low cost.&hellip;\n","protected":false},"author":3,"featured_media":664454,"comment_status":"","ping_status":"","sticky":false,"template":"","format":"standard","meta":{"footnotes":"","_share_on_mastodon":"0"},"categories":[1452],"tags":[50020,32,3318,1952,366195,366196,721,6880,366197,843,554,2023,5371,26944,33569,8001,4053,3592,8671,5688,138767,21096,1740,3087,2614,3028,3412,275718,76897,1374,39996,310320,39997,48,66808,1302,1537,90,89,4781,33581,33582,1412,25441,553,3483,92339,18830,4565,9611,1739,245,4815,244,1857,3413],"class_list":["post-664453","post","type-post","status-publish","format-standard","has-post-thumbnail","category-calcio","tag-amorim","tag-andare","tag-bomber","tag-calciatori","tag-calciatori-low","tag-calciatori-low-cost","tag-calcio","tag-capire","tag-capire-muovera","tag-cardinale","tag-club","tag-colpi","tag-colpo","tag-convinto","tag-cost","tag-diavolo","tag-difensore","tag-elementi","tag-estivo","tag-esuberi","tag-fikayo","tag-fofana","tag-football","tag-fretta","tag-gennaio","tag-gila","tag-giocatori","tag-giocatori-milan","tag-giudicato","tag-giusta","tag-goncalo","tag-goncalo-inacio","tag-goncalo-ramos","tag-importante","tag-inacio","tag-inizio","tag-it","tag-italia","tag-italy","tag-linea","tag-low","tag-low-cost","tag-mercato","tag-mercato-estivo","tag-milan","tag-minuto","tag-moreira","tag-ovvero","tag-possibile","tag-rossonero","tag-soccer","tag-sport","tag-sporting","tag-sports","tag-squadra","tag-top"],"share_on_mastodon":{"url":"","error":"Validation failed: Text character limit of 500 exceeded"},"_links":{"self":[{"href":"https:\/\/www.europesays.com\/it\/wp-json\/wp\/v2\/posts\/664453","targetHints":{"allow":["GET"]}}],"collection":[{"href":"https:\/\/www.europesays.com\/it\/wp-json\/wp\/v2\/posts"}],"about":[{"href":"https:\/\/www.europesays.com\/it\/wp-json\/wp\/v2\/types\/post"}],"author":[{"embeddable":true,"href":"https:\/\/www.europesays.com\/it\/wp-json\/wp\/v2\/users\/3"}],"replies":[{"embeddable":true,"href":"https:\/\/www.europesays.com\/it\/wp-json\/wp\/v2\/comments?post=664453"}],"version-history":[{"count":0,"href":"https:\/\/www.europesays.com\/it\/wp-json\/wp\/v2\/posts\/664453\/revisions"}],"wp:featuredmedia":[{"embeddable":true,"href":"https:\/\/www.europesays.com\/it\/wp-json\/wp\/v2\/media\/664454"}],"wp:attachment":[{"href":"https:\/\/www.europesays.com\/it\/wp-json\/wp\/v2\/media?parent=664453"}],"wp:term":[{"taxonomy":"category","embeddable":true,"href":"https:\/\/www.europesays.com\/it\/wp-json\/wp\/v2\/categories?post=664453"},{"taxonomy":"post_tag","embeddable":true,"href":"https:\/\/www.europesays.com\/it\/wp-json\/wp\/v2\/tags?post=664453"}],"curies":[{"name":"wp","href":"https:\/\/api.w.org\/{rel}","templated":true}]}}