{"id":664486,"date":"2026-09-04T11:13:13","date_gmt":"2026-09-04T11:13:13","guid":{"rendered":"https:\/\/www.europesays.com\/it\/664486\/"},"modified":"2026-09-04T11:13:13","modified_gmt":"2026-09-04T11:13:13","slug":"tutte-le-probabili-formazioni-per-la-3a-giornata-di-serie-a","status":"publish","type":"post","link":"https:\/\/www.europesays.com\/it\/664486\/","title":{"rendered":"Tutte le probabili formazioni per la 3a giornata di Serie A"},"content":{"rendered":"<p class=\"font-bold md:hidden text-ink leading-[22px]\">\n            1 di 11\n        <\/p>\n<p>                    <a href=\"https:\/\/www.sosfanta.com\/news-formazioni\/fantacalcio-ultime-campi-tutte-probabili-formazioni-3a-giornata-seriea-2026-2027\/2\/\" class=\"flex justify-center items-center w-12 h-12 rounded-full cursor-pointer md:px-4 md:w-auto md:h-12 bg-primary-light md:gap-[11px] hover:bg-primary\" aria-label=\"Scheda successiva\" rel=\"nofollow noopener\" target=\"_blank\"><\/p>\n<p>                   Prossima scheda 1 di 11<\/p>\n<p>            <\/a><\/p>\n<p>        GENOA-COMO<\/p>\n<p>\n\ud83d\udccc <strong>GENOA-COMO<\/strong>\n<\/p>\n<p>\n<strong>GENOA<\/strong> &#8211; <strong>Tentazione Osmajic<\/strong> per Daniele De Rossi in casa Genoa per la sfida contro il Como: c&#8217;\u00e8 lui in vantaggio su Vitinha in attacco, per il posto accanto a Colombo. A centrocampo provato il terzetto Baldanzi-Frendrup-Sow, con Ellertsson in pole a sinistra e a destra c&#8217;\u00e8 <strong>Sabelli in vantaggio su Mitaj<\/strong> (quest&#8217;ultimo nel caso giocherebbe a sinistra, con Ellertsson a destra). Difesa a tre composta da Marcandalli, Ostigard e Vasquez. <strong>Subito a disposizione l&#8217;ultimo arrivato El Shaarawy e anche Traor\u00e9 \u00e8 sempre pi\u00f9 vicino al top<\/strong> della condizione.\n<\/p>\n<p>\nLa probabile formazione &#8211; Bijlow; Marcandalli, Ostigard, Vasquez; Sabelli\/Mitaj, Baldanzi, Frendrup, Sow, Ellertsson; Osmajic\/Vitinha, Colombo.\n<\/p>\n<p>        <img src=\"https:\/\/www.europesays.com\/it\/wp-content\/uploads\/2026\/09\/Perri-1495694d38b0-1200x800.jpg\"   width=\"715\" height=\"403\" alt=\"Perri\" title=\"Perri\" loading=\"eager\" fetchpriority=\"high\" decoding=\"sync\" class=\"w-full h-auto aspect-3\/2 object-cover object-top rounded-lg\"\/><\/p>\n<p>\n<strong>COMO<\/strong> &#8211; Il Como fa visita al Genoa a pochi giorni dall&#8217;esordio in Champions League: occhio alle possibili rotazioni di Fabregas. Milla a centrocampo ha fatto benissimo ma pu\u00f2 partire fuori con vista sull&#8217;Europa: <strong>ci sono in pole Da Cunha e Perrone<\/strong> per questa gara. Sulla trequarti Baturina e Nico Paz verso la titolarit\u00e0, per la terza maglia c&#8217;\u00e8 il ballottaggio tra Diao e Rodriguez.<strong> Douvikas in attacco rimane in pole sul nuovo arrivato Kean<\/strong>, ma Moise comunque pu\u00f2 esordire a gara in corso. <strong>Tutto apertissimo infine in difesa<\/strong>: Kempf potrebbe giocare al posto di uno tra Ramon e Chalobah, come terzini Couto e Valle rispettivamente favoriti su Smolcic e Kaiki. Ma \u00e8 tutto apertissimo. In porta per questa gara \u00e8 atteso ancora Butez.\n<\/p>\n<p>\nLa probabile formazione &#8211; Butez; Couto\/Smolcic, Ramon\/Kempf, Chalobah\/Kempf, Valle\/Kaiki; Perrone, Da Cunha\/Milla; Diao\/Rodriguez, Nico Paz, Baturina; Douvikas\/Kean.\n<\/p>\n<p class=\"font-bold md:hidden text-ink leading-[22px]\">\n            1 di 11\n        <\/p>\n<p>                    <a href=\"https:\/\/www.sosfanta.com\/news-formazioni\/fantacalcio-ultime-campi-tutte-probabili-formazioni-3a-giornata-seriea-2026-2027\/2\/\" class=\"flex justify-center items-center w-12 h-12 rounded-full cursor-pointer md:px-4 md:w-auto md:h-12 bg-primary-light md:gap-[11px] hover:bg-primary\" aria-label=\"Scheda successiva\" rel=\"nofollow noopener\" target=\"_blank\"><\/p>\n<p>                   Prossima scheda 1 di 11<\/p>\n<p>            <\/a><\/p>\n","protected":false},"excerpt":{"rendered":"1 di 11 Prossima scheda 1 di 11 GENOA-COMO \ud83d\udccc GENOA-COMO GENOA &#8211; Tentazione Osmajic per Daniele De&hellip;\n","protected":false},"author":3,"featured_media":664487,"comment_status":"","ping_status":"","sticky":false,"template":"","format":"standard","meta":{"footnotes":"","_share_on_mastodon":"0"},"categories":[1452],"tags":[334869,5781,19599,57032,366213,366214,54487,226625,55649,21134,172009,172010,189767,323350,70390,195886,3076,1960,2537,1495,193795,366215,57037,151508,2540,3077,5263,569,52702,765,583,196052,27679,366216,366217,45685,215710,8440,135877,171134,36017,29374,19898,4988,57039,43259,5471,54727,7545,57041,62379,5706,57045,155041,102268,54002,38754,3439,158792,14753,168772,586,13941,15429,74826,27704,366218,51666,105851,4701,355906,81936,51669,31854,6300,113036,721,563,242455,723,366220,292474,366219,3196,37899,6880,40216,366221,3363,57055,104,62202,7204,57056,5204,366222,366223,36045,22394,11785,46661,5523,594,27017,335398,366224,3705,33543,278846,47429,34619,7801,2490,3858,7080,2235,149906,58895,221205,790,8032,78063,8460,51886,5009,9849,277,4702,355907,21109,22048,225898,57071,57072,3177,767,6258,7757,1341,2730,32040,7171,720,25352,15558,3964,2263,1740,1974,5281,629,6298,1889,17151,13968,158225,299522,350,1537,90,89,558,82432,5188,6296,9647,2219,55415,553,11121,248,4978,28215,3484,6301,242721,16590,366211,5527,57014,3237,1917,902,366212,366210,32898,987,6299,215708,201011,3461,315,325559,1739,82436,13635,245,244,99202,4211,86540,33591,26462,56241,1641,1899,51890,2817,3481,222,37090],"class_list":["post-664486","post","type-post","status-publish","format-standard","has-post-thumbnail","category-calcio","tag-abankwah","tag-accanto","tag-adams","tag-adopo","tag-adopo-winks","tag-adopo-winks-romano","tag-adzic","tag-affaticato","tag-akanji","tag-akinsanmiro","tag-akor","tag-akor-adams","tag-alajbegovic","tag-alhassane","tag-alisson","tag-alisson-santos","tag-allegri","tag-allenatore","tag-altra","tag-altre","tag-altre-maglie","tag-altre-maglie-attacco","tag-anguissa","tag-apertissimo","tag-arrivati","tag-arrivato","tag-assenza","tag-atalanta","tag-atta","tag-attacco","tag-atteso","tag-bakola","tag-baldanzi","tag-baldanzi-frendrup","tag-baldanzi-frendrup-sow","tag-ballottaggio","tag-ballottaggio-apertissimo","tag-barella","tag-barella-calhanoglu","tag-barella-calhanoglu-zielinski","tag-bartesaghi","tag-basic","tag-bastoni","tag-baturina","tag-belahyane","tag-belghali","tag-bella","tag-bella-kotchap","tag-berardi","tag-bernabe","tag-bernardeschi","tag-bernasconi","tag-bertola","tag-beto","tag-bilal","tag-bilal-toure","tag-birindelli","tag-bisogna","tag-bisogna-capire","tag-bisseck","tag-boga","tag-bologna","tag-bologna-sassuolo","tag-bowie","tag-bracaglia","tag-bremer","tag-bremer-lucumi","tag-brempt","tag-britschgi","tag-bruyne","tag-bruyne-vergara","tag-busio","tag-butez","tag-cacciamani","tag-cagliari","tag-cagliari-lecce","tag-calcio","tag-calhanoglu","tag-calhanoglu-zielinski","tag-calo","tag-calo-masini","tag-calvani","tag-calvani-monterisi","tag-cambiaghi","tag-capira","tag-capire","tag-carboni","tag-carboni-birindelli","tag-carlos","tag-celik","tag-centro","tag-centro-sinistra","tag-centrocampo","tag-centrocampo-pronti","tag-certezza","tag-certezza-fianco","tag-certezza-fianco-maglie","tag-chalobah","tag-chukwueze","tag-cinquegrano","tag-cisse","tag-coco","tag-colombo","tag-colpani","tag-comert","tag-comert-ismajli","tag-como","tag-completano","tag-completano-reparto","tag-composta","tag-comuzzo","tag-conceicao","tag-condizione","tag-condizioni","tag-confermare","tag-coppia","tag-correia","tag-corsie","tag-corsie-laterali","tag-corso","tag-coulibaly","tag-couto","tag-cristante","tag-cunha","tag-cutrone","tag-davis","tag-de","tag-de-bruyne","tag-de-bruyne-vergara","tag-de-ketelaere","tag-de-winter","tag-de-winter-pavlovic","tag-deiola","tag-delprato","tag-destra","tag-difesa","tag-disposizione","tag-dubbi","tag-dubbio","tag-el","tag-ellertsson","tag-esposito","tag-fantacalcio","tag-favoriti","tag-favorito","tag-fianco","tag-fiorentina","tag-football","tag-formazione","tag-frosinone","tag-gara","tag-genoa","tag-giocare","tag-gonzalez","tag-guidare","tag-guidare-attacco","tag-gzn_page_title","tag-inter","tag-it","tag-italia","tag-italy","tag-juventus","tag-kempf","tag-lazio","tag-lecce","tag-legato","tag-maglia","tag-maglie","tag-milan","tag-monza","tag-napoli","tag-nico","tag-nico-gonzalez","tag-panchina","tag-parma","tag-perri","tag-pole","tag-pole-arrivato","tag-probabile","tag-probabile-formazione","tag-pronti","tag-pronto","tag-rimane","tag-rimane-favorito","tag-rimane-pole","tag-rodriguez","tag-roma","tag-sassuolo","tag-scalpita","tag-schmid","tag-sfida","tag-sinistra","tag-sinistra-destra","tag-soccer","tag-sohm","tag-soule","tag-sport","tag-sports","tag-stones","tag-supporto","tag-terzini","tag-thuram","tag-titolare","tag-titolarita","tag-torino","tag-tornare","tag-trequarti","tag-udinese","tag-vantaggio","tag-venezia","tag-vergara"],"share_on_mastodon":{"url":"","error":"Validation failed: Text character limit of 500 exceeded"},"_links":{"self":[{"href":"https:\/\/www.europesays.com\/it\/wp-json\/wp\/v2\/posts\/664486","targetHints":{"allow":["GET"]}}],"collection":[{"href":"https:\/\/www.europesays.com\/it\/wp-json\/wp\/v2\/posts"}],"about":[{"href":"https:\/\/www.europesays.com\/it\/wp-json\/wp\/v2\/types\/post"}],"author":[{"embeddable":true,"href":"https:\/\/www.europesays.com\/it\/wp-json\/wp\/v2\/users\/3"}],"replies":[{"embeddable":true,"href":"https:\/\/www.europesays.com\/it\/wp-json\/wp\/v2\/comments?post=664486"}],"version-history":[{"count":0,"href":"https:\/\/www.europesays.com\/it\/wp-json\/wp\/v2\/posts\/664486\/revisions"}],"wp:featuredmedia":[{"embeddable":true,"href":"https:\/\/www.europesays.com\/it\/wp-json\/wp\/v2\/media\/664487"}],"wp:attachment":[{"href":"https:\/\/www.europesays.com\/it\/wp-json\/wp\/v2\/media?parent=664486"}],"wp:term":[{"taxonomy":"category","embeddable":true,"href":"https:\/\/www.europesays.com\/it\/wp-json\/wp\/v2\/categories?post=664486"},{"taxonomy":"post_tag","embeddable":true,"href":"https:\/\/www.europesays.com\/it\/wp-json\/wp\/v2\/tags?post=664486"}],"curies":[{"name":"wp","href":"https:\/\/api.w.org\/{rel}","templated":true}]}}