{"id":664502,"date":"2026-09-04T11:22:11","date_gmt":"2026-09-04T11:22:11","guid":{"rendered":"https:\/\/www.europesays.com\/it\/664502\/"},"modified":"2026-09-04T11:22:11","modified_gmt":"2026-09-04T11:22:11","slug":"maurizio-mattioli-sparito-dai-social-lannuncio-dal-letto-dospedale-perche-non-mi-vedete-piu","status":"publish","type":"post","link":"https:\/\/www.europesays.com\/it\/664502\/","title":{"rendered":"Maurizio Mattioli sparito dai social, l&#8217;annuncio dal letto d&#8217;ospedale: &#8220;Perch\u00e9 non mi vedete pi\u00f9&#8221;"},"content":{"rendered":"<p>Chi lo segue da tempo se n\u2019era accorto subito. Niente video, pure le battute in romanesco mancavano, insieme a quelle uscite fulminanti che in pochi secondi ti mettono di buonumore. <strong>Maurizio Mattioli<\/strong> dai social era semplicemente sparito, e per chi si \u00e8 abituato alla sua faccia rassicurante da amico di famiglia quel silenzio ha iniziato a pesare. I commenti sotto gli ultimi post si erano riempiti di domande, sempre le stesse: dov\u2019\u00e8 finito, come sta, perch\u00e9 non pubblica pi\u00f9 nulla. Poi \u00e8 arrivato il video che tutti aspettavano, girato senza filtri e senza troppe cerimonie: \u201cAmici miei, tutto ok\u201d.\n<\/p>\n<p>Maurizio Mattioli, come sta l\u2019attore dopo l\u2019operazione alla schiena<\/p>\n<p>L\u2019attore e comico ha scelto di <strong>raccontare la verit\u00e0<\/strong> con la stessa naturalezza con cui racconterebbe una serata tra amici. Dietro l\u2019assenza c\u2019era un problema alla schiena che si trascinava da parecchio tempo e che era diventato serio, di quelli che a un certo punto non lasciano pi\u00f9 margine per rimandare. La decisione di\u00a0<strong>operarsi<\/strong> \u00e8 arrivata dopo una lunga riflessione, con quella prudenza che \u00e8 propria di chi convive con un dolore e spera sempre che passi da solo. Alla fine il passo \u00e8 stato fatto, il <strong>ricovero<\/strong>\u00a0\u00e8 andato come doveva andare e l\u2019intervento ha risolto la questione.<\/p>\n<p>Nel messaggio che ha voluto lasciare sui social c\u2019\u00e8 il ringraziamento agli amici e ai colleghi che gli sono stati vicini in quei giorni, con telefonate, messaggi, visite. E c\u2019\u00e8 la parte che i fan aspettavano davvero: <strong>la promessa di tornare presto<\/strong>, e di tornare in condizioni migliori di prima. <a href=\"https:\/\/dilei.it\/vip\/maurizio-mattioli-chi\/2337999\/\" rel=\"nofollow noopener\" target=\"_blank\">Maurizio Mattioli<\/a> si \u00e8 comunque rimesso in piedi con grande forza, aiutato da un busto ortopedico che lo sta sostenendo nei giorni successivi all\u2019operazione.<\/p>\n<blockquote class=\"instagram-media\" data-instgrm-captioned=\"\" data-instgrm-permalink=\"https:\/\/www.instagram.com\/p\/Dc1U84RIsEQ\/?utm_source=ig_embed&amp;utm_campaign=loading\" data-instgrm-version=\"14\" style=\" background:#FFF; border:0; border-radius:3px; box-shadow:0 0 1px 0 rgba(0,0,0,0.5),0 1px 10px 0 rgba(0,0,0,0.15); margin: 1px; max-width:100%; min-width:326px; padding:0; width:99.375%; width:-webkit-calc(100% - 2px); width:calc(100% - 2px);\"\/>\n<p>Perch\u00e9 il silenzio sui social aveva preoccupato i fan<\/p>\n<p>Quando un volto familiare smette all\u2019improvviso di farsi vedere, la mente corre. \u00c8 successo anche stavolta, e la reazione dice molto su che tipo di rapporto\u00a0<strong>Mattioli<\/strong> abbia costruito in decenni di carriera tra cinema e televisione. Non \u00e8 quello distante della star, ma quello del vicino di casa simpatico, del romano verace che entra in scena e ti sembra di conoscerlo da sempre. Per questo la sua assenza non \u00e8 stata vissuta come una pausa professionale, ma come la scomparsa di una presenza quotidiana.<\/p>\n<p>C\u2019\u00e8 poi un dettaglio che rende il tutto ancora pi\u00f9 comprensibile. Chi ha superato una certa et\u00e0 sa benissimo che la schiena \u00e8 un capitolo delicato, che un intervento chirurgico non \u00e8 mai una passeggiata e che il recupero richiede pazienza. Il fatto che <strong>l\u2019attore abbia aggiornato tutti direttamente<\/strong>, con un video in cui lo vediamo stare bene, ha avuto un effetto immediato: ha spento le voci e restituito serenit\u00e0 a chi si era preoccupato sul serio.<\/p>\n<p>Ora la palla passa alla convalescenza, che \u00e8 la parte meno spettacolare e pi\u00f9 noiosa di tutta la faccenda. Ma il tono del messaggio lascia poco spazio ai dubbi: la\u00a0<strong>ripresa<\/strong>\u00a0procede bene e il ritorno \u00e8 questione di giorni, non di mesi. Il pubblico intanto lo aspetta esattamente dove l\u2019ha lasciato, pronto a riprendere il filo di una conversazione che dura da una vita.<\/p>\n<p>E se lo conosciamo un minimo, la prima cosa che far\u00e0 appena rimesso in piedi sar\u00e0 scherzarci sopra. Perch\u00e9 in fondo \u00e8 cos\u00ec che ha sempre affrontato tutto, anche le cose serie.<\/p>\n<p>\t\t\t\tScopri i personaggi in trend, le storie del momento e molto altro.<br \/>Dove? Sul <a href=\"https:\/\/whatsapp.com\/channel\/0029Vb68mVyHVvTWezDm7d0R\" target=\"_blank\" rel=\"noopener nofollow\">canale WhatsApp di DiLei!<\/a><\/p>\n<p>\t\t\t<a class=\"buttonCall\" href=\"https:\/\/whatsapp.com\/channel\/0029Vb68mVyHVvTWezDm7d0R\" target=\"_blank\" rel=\"noopener nofollow\" title=\"Seguici su WhatsApp\"><br \/>\n\t\t\t\tSeguici su WhatsApp<br \/>\n\t\t\t<\/a><\/p>\n<p>\t<script async src=\"\/\/www.instagram.com\/embed.js\"><\/script><\/p>\n","protected":false},"excerpt":{"rendered":"Chi lo segue da tempo se n\u2019era accorto subito. Niente video, pure le battute in romanesco mancavano, insieme&hellip;\n","protected":false},"author":3,"featured_media":664503,"comment_status":"","ping_status":"","sticky":false,"template":"","format":"standard","meta":{"footnotes":"","_share_on_mastodon":"0"},"categories":[174],"tags":[203,204,1537,90,89,1686,86],"class_list":["post-664502","post","type-post","status-publish","format-standard","has-post-thumbnail","category-intrattenimento","tag-entertainment","tag-intrattenimento","tag-it","tag-italia","tag-italy","tag-social","tag-vip"],"share_on_mastodon":{"url":"https:\/\/pubeurope.com\/@it\/117212515496084068","error":""},"_links":{"self":[{"href":"https:\/\/www.europesays.com\/it\/wp-json\/wp\/v2\/posts\/664502","targetHints":{"allow":["GET"]}}],"collection":[{"href":"https:\/\/www.europesays.com\/it\/wp-json\/wp\/v2\/posts"}],"about":[{"href":"https:\/\/www.europesays.com\/it\/wp-json\/wp\/v2\/types\/post"}],"author":[{"embeddable":true,"href":"https:\/\/www.europesays.com\/it\/wp-json\/wp\/v2\/users\/3"}],"replies":[{"embeddable":true,"href":"https:\/\/www.europesays.com\/it\/wp-json\/wp\/v2\/comments?post=664502"}],"version-history":[{"count":0,"href":"https:\/\/www.europesays.com\/it\/wp-json\/wp\/v2\/posts\/664502\/revisions"}],"wp:featuredmedia":[{"embeddable":true,"href":"https:\/\/www.europesays.com\/it\/wp-json\/wp\/v2\/media\/664503"}],"wp:attachment":[{"href":"https:\/\/www.europesays.com\/it\/wp-json\/wp\/v2\/media?parent=664502"}],"wp:term":[{"taxonomy":"category","embeddable":true,"href":"https:\/\/www.europesays.com\/it\/wp-json\/wp\/v2\/categories?post=664502"},{"taxonomy":"post_tag","embeddable":true,"href":"https:\/\/www.europesays.com\/it\/wp-json\/wp\/v2\/tags?post=664502"}],"curies":[{"name":"wp","href":"https:\/\/api.w.org\/{rel}","templated":true}]}}