{"id":664510,"date":"2026-09-04T11:26:21","date_gmt":"2026-09-04T11:26:21","guid":{"rendered":"https:\/\/www.europesays.com\/it\/664510\/"},"modified":"2026-09-04T11:26:21","modified_gmt":"2026-09-04T11:26:21","slug":"sondaggi-politici-vannacci-supera-forza-italia-anche-per-youtrend-pd-piu-vicino-a-fdi-43-punti-lega-al-44","status":"publish","type":"post","link":"https:\/\/www.europesays.com\/it\/664510\/","title":{"rendered":"Sondaggi politici, Vannacci supera Forza Italia anche per Youtrend. Pd pi\u00f9 vicino a Fdi (4,3 punti), Lega al 4,4%"},"content":{"rendered":"<p>\n                            Commenti e retroscena del panorama politico<br \/>\n                            <b>Iscriviti<\/b> e ricevi le notizie via email\n                        <\/p>\n<p>Le avvisaglie di sorpasso\u00a0su <a href=\"https:\/\/www.ilmessaggero.it\/t\/forza-italia\" rel=\"nofollow noopener\" target=\"_blank\">Forza Italia<\/a> erano gi\u00e0 emerse\u00a0nelle rilevazioni di luglio, ora arriva una nuova conferma: <strong>Futuro Nazionale di <a href=\"https:\/\/www.ilmessaggero.it\/t\/roberto-vannacci\" rel=\"nofollow noopener\" target=\"_blank\">Roberto Vannacci<\/a> sale al 7,9% e diventa la quarta forza politica italiana<\/strong>. Il sondaggio YouTrend per <a href=\"https:\/\/www.ilmessaggero.it\/t\/sky-tg24\" rel=\"nofollow noopener\" target=\"_blank\">Sky TG24<\/a> fotografa un cambiamento negli equilibri del centrodestra, mentre il <a href=\"https:\/\/www.ilmessaggero.it\/t\/partito-democratico\" rel=\"nofollow noopener\" target=\"_blank\">Partito Democratico<\/a> si avvicina a Fratelli d\u2019Italia e il <a href=\"https:\/\/www.ilmessaggero.it\/t\/movimento-5-stelle\" rel=\"nofollow noopener\" target=\"_blank\">Movimento 5 Stelle<\/a> recupera consensi.<\/p>\n<p>&#13;<br \/>\n    APPROFONDIMENTI&#13;<br \/>\n    &#13;<\/p>\n<p><strong>Vannacci supera Forza Italia<\/strong>. <\/p>\n<p>Fratelli d\u2019Italia resta saldamente al primo posto con il 26,5%, in crescita di 0,1 punti rispetto al 22 luglio. Alle sue spalle il Pd raggiunge il 22,2%, guadagnando lo 0,3%: il distacco tra i primi due partiti si riduce cos\u00ec a 4,3 punti. L\u2019incremento pi\u00f9 consistente \u00e8 per\u00f2 quello del Movimento 5 Stelle, che sale di 1,1 punti e arriva al 12,6%, recuperando il terreno perso nelle ultime settimane di luglio. Nel centrodestra si concretizza invece il sorpasso di Futuro Nazionale: la formazione di Vannacci cresce al 7,9%, mentre Forza Italia scende al 7,1%, lasciando sul terreno 0,8 punti. Arretra anche la Lega, ora al 4,4% (-0,5%), mentre Noi Moderati si attesta allo 0,9%.<\/p>\n<p><strong>La maggioranza composta da <a href=\"https:\/\/www.ilmessaggero.it\/t\/fdi\" rel=\"nofollow noopener\" target=\"_blank\">FdI<\/a>, FI, Lega e Noi Moderati vale complessivamente il 38,9%<\/strong>, in calo di 1,1 punti. Inserendo anche Futuro Nazionale, l\u2019intera area di centrodestra raggiunge invece il 46,8%. Sul fronte opposto, <strong>il Campo largo formato da Pd, <a href=\"https:\/\/www.ilmessaggero.it\/t\/m5s\" rel=\"nofollow noopener\" target=\"_blank\">M5S<\/a> e Alleanza Verdi-Sinistra arriva al 40,6%<\/strong>. Supera dunque di quasi due punti l\u2019attuale maggioranza di governo, ma resta distante dal centrodestra allargato a Vannacci. Gli indecisi e gli astenuti scendono al 33,6%, con un calo di 4,4 punti.<\/p>\n<p><img decoding=\"async\" alt=\"\" class=\"wnv-lazy\" src=\"https:\/\/www.europesays.com\/it\/wp-content\/uploads\/2026\/09\/sond_04114102.jpg\"\/><\/p>\n<p>Bollette e sanit\u00e0, le priorit\u00e0 per la manovra <\/p>\n<p>Il sondaggio ha rilevato anche le richieste degli italiani per l\u2019ultima manovra della legislatura. Al primo posto ci sono gli aiuti a famiglie e imprese per le bollette, indicati dal 25% degli intervistati. Seguono l\u2019aumento della spesa sanitaria al 24% e la riduzione delle tasse sui redditi medi al 21%. Pi\u00f9 indietro l\u2019aumento delle pensioni pi\u00f9 basse, scelto dal 9%, la riduzione del debito pubblico all\u20198% e la spesa per difesa e sicurezza al 4%. Le preferenze cambiano in base all\u2019appartenenza politica. Le bollette sono la principale preoccupazione degli elettori del M5S, di AVS e di Futuro Nazionale. La sanit\u00e0 raccoglie particolare attenzione tra gli elettori di <a href=\"https:\/\/www.ilmessaggero.it\/t\/avs\" rel=\"nofollow noopener\" target=\"_blank\">AVS<\/a>, gli over 65 e i laureati. Il taglio delle tasse sui redditi medi, invece, \u00e8 la prima richiesta non soltanto degli elettori del centrodestra, ma anche di quelli del Partito Democratico, che lo indicano nel 35% dei casi.<\/p>\n<p> <img decoding=\"async\" class=\"wnv-lazy\" src=\"https:\/\/www.europesays.com\/it\/wp-content\/uploads\/2026\/09\/4ce0ff60bb044d114963d69e23f669fbefd0bffba7e052df966defe7aed04d3a.jpg\"\/>  <\/p>\n<p><strong>Energia e immigrazione, governo bocciato<\/strong>. Sulla capacit\u00e0 del <a href=\"https:\/\/www.ilmessaggero.it\/t\/governo\" rel=\"nofollow noopener\" target=\"_blank\">governo<\/a> di affrontare i rincari di energia e carburanti, il 68% degli italiani dichiara poca o nessuna fiducia. Soltanto il 20% ne ha molta o abbastanza, mentre il 12% non si esprime. La fiducia prevale esclusivamente tra gli elettori di Fratelli d\u2019Italia. Il giudizio sulla gestione dell\u2019immigrazione \u00e8 leggermente meno negativo, ma resta comunque sfavorevole: il 28% esprime molta o abbastanza fiducia nel governo, contro il 64% che ne ha poca o nessuna. In questo caso gli elettori di Futuro Nazionale risultano spaccati quasi perfettamente a met\u00e0.<\/p>\n<p>&#13;<br \/>\n                            \u00a9 RIPRODUZIONE RISERVATA&#13;<\/p>\n<p>&#13;<\/p>\n","protected":false},"excerpt":{"rendered":"Commenti e retroscena del panorama politico Iscriviti e ricevi le notizie via email Le avvisaglie di sorpasso\u00a0su Forza&hellip;\n","protected":false},"author":3,"featured_media":664511,"comment_status":"","ping_status":"","sticky":false,"template":"","format":"standard","meta":{"footnotes":"","_share_on_mastodon":"0"},"categories":[79],"tags":[14,93,94,8764,124,25429,126,1537,90,89,29631,7,15,5168,68426,106348,243,11,84,91,12,85,92,18099],"class_list":["post-664510","post","type-post","status-publish","format-standard","has-post-thumbnail","category-italia","tag-cronaca","tag-cronaca-italiana","tag-cronacaitaliana","tag-elly-schlein","tag-fdi","tag-forza-italia","tag-giorgia-meloni","tag-it","tag-italia","tag-italy","tag-movimento-5-stelle","tag-news","tag-notizie","tag-partito-democratico","tag-roberto-vannacci","tag-sondaggi-politici","tag-ultima-ora","tag-ultime-notizie","tag-ultime-notizie-e-news-di-oggi","tag-ultime-notizie-italia","tag-ultimenotizie","tag-ultimenotizieenewsdioggi","tag-ultimenotizieitalia","tag-vannacci"],"share_on_mastodon":{"url":"https:\/\/pubeurope.com\/@it\/117212532168549728","error":""},"_links":{"self":[{"href":"https:\/\/www.europesays.com\/it\/wp-json\/wp\/v2\/posts\/664510","targetHints":{"allow":["GET"]}}],"collection":[{"href":"https:\/\/www.europesays.com\/it\/wp-json\/wp\/v2\/posts"}],"about":[{"href":"https:\/\/www.europesays.com\/it\/wp-json\/wp\/v2\/types\/post"}],"author":[{"embeddable":true,"href":"https:\/\/www.europesays.com\/it\/wp-json\/wp\/v2\/users\/3"}],"replies":[{"embeddable":true,"href":"https:\/\/www.europesays.com\/it\/wp-json\/wp\/v2\/comments?post=664510"}],"version-history":[{"count":0,"href":"https:\/\/www.europesays.com\/it\/wp-json\/wp\/v2\/posts\/664510\/revisions"}],"wp:featuredmedia":[{"embeddable":true,"href":"https:\/\/www.europesays.com\/it\/wp-json\/wp\/v2\/media\/664511"}],"wp:attachment":[{"href":"https:\/\/www.europesays.com\/it\/wp-json\/wp\/v2\/media?parent=664510"}],"wp:term":[{"taxonomy":"category","embeddable":true,"href":"https:\/\/www.europesays.com\/it\/wp-json\/wp\/v2\/categories?post=664510"},{"taxonomy":"post_tag","embeddable":true,"href":"https:\/\/www.europesays.com\/it\/wp-json\/wp\/v2\/tags?post=664510"}],"curies":[{"name":"wp","href":"https:\/\/api.w.org\/{rel}","templated":true}]}}