{"id":664522,"date":"2026-09-04T11:41:16","date_gmt":"2026-09-04T11:41:16","guid":{"rendered":"https:\/\/www.europesays.com\/it\/664522\/"},"modified":"2026-09-04T11:41:16","modified_gmt":"2026-09-04T11:41:16","slug":"juve-milan-amorim-e-i-precedenti-allallianz-stadium","status":"publish","type":"post","link":"https:\/\/www.europesays.com\/it\/664522\/","title":{"rendered":"Juve-Milan, Amorim e i precedenti all&#8217;Allianz Stadium"},"content":{"rendered":"<p>                                L&#8217;attuale tecnico del Milan era il perno del centrocampo del Benfica che ferm\u00f2 i bianconeri di Conte sullo 0-0 e si qualific\u00f2 per la finale. Ma 9 anni pi\u00f9 tardi, da allenatore dello Sporting, le cose non sono andate altrettanto bene<\/p>\n<p>            <a class=\"image is-50x50\" href=\"https:\/\/www.gazzetta.it\/redazione\/fabio-russo\/\" rel=\"nofollow noopener\" target=\"_blank\"><br \/>\n                <img decoding=\"async\" class=\"is-rounded\" src=\"https:\/\/www.europesays.com\/it\/wp-content\/uploads\/2025\/11\/fabio_russo_avatar.png\" alt=\"Fabio Russo\"\/><br \/>\n            <\/a><\/p>\n<p>Giornalista<\/p>\n<p>                    4 settembre &#8211; 12:29  &#8211; MILANO<\/p>\n<p class=\"paragraph\" spellcheck=\"true\">Per Ruben Amorim, l&#8217;Allianz Stadium di Torino avr\u00e0 un&#8217;atmosfera familiare. Quando domenica sera entrer\u00e0 in campo per guidare il Milan dalla panchina contro la Juve di Spalletti, ripenser\u00e0 sicuramente ai ricordi dolciamari che lo legano allo stadio bianconero. Due gare da calciatore e una da allenatore, concluse con due pareggi (il primo di gioia, il secondo di dolore) e un bruciante ko. Ma ripensare a quella prima volta dell&#8217;ex centrocampista del Benfica contro la Vecchia Signora, far\u00e0 male ai tifosi juventini.\u00a0<\/p>\n<p>    amorim e quello juve-benfica del 2014\u2014 \u00a0<\/p>\n<p class=\"paragraph is-inline\" spellcheck=\"true\">\u00c8 il primo maggio 2014, la Juve di Conte affronta il Benfica nel ritorno della semifinale di Europa League. Il campionato \u00e8 gi\u00e0 praticamente vinto (anche se l&#8217;aritmetica arriver\u00e0 soltanto 4 giorni dopo), l&#8217;ex tecnico bianconero vuole inseguire il record dei 102 punti, ma i tifosi sognano di giocare in casa la finale della seconda competizione europea, fissata all&#8217;Allianz il 14 maggio. Basterebbe una vittoria per 1-0 contro i portoghesi per ribaltare il 2-1 subito all&#8217;andata, ma Conte non fa turnover tre giorni prima contro il Sassuolo e i bianconeri non arrivano nelle migliori condizioni fisiche alla partita.\u00a0<\/p>\n<p class=\"paragraph\" spellcheck=\"true\">Ruben Amorim \u00e8 il perno del centrocampo del Benfica e si cala perfettamente nel clima di una gara tesissima, <a href=\"https:\/\/www.gazzetta.it\/Calcio\/Serie-A\/Juventus\/01-05-2014\/europa-league-juventus-benfica-0-0-portoghesi-finale-80558943854.shtml\" rel=\"nofollow noopener\" target=\"_blank\">finita 0-0<\/a>, con due espulsioni tra i portoghesi (Perez e Markovic) e una juventina (Vucinic), accuse di perdite di tempo da parte bianconera (<a href=\"https:\/\/www.gazzetta.it\/Calcio\/Serie-A\/Juventus\/01-05-2014\/juventus-conte-passa-chi-non-meritava-arbitro-ci-ha-preso-giro-80559413832.shtml\" rel=\"nofollow noopener\" target=\"_blank\">&#8220;L&#8217;arbitro ci ha preso in giro&#8221;<\/a>, sbotter\u00e0 Conte) e un&#8217;unica, clamorosa occasione per Pogba e compagni, con Luisao autore di un miracoloso salvataggio sulla linea su colpo di testa di Vidal. &#8220;\u00c8 il vero schermo davanti alla difesa, sporca parecchi palloni, inizia a soffrire nel finale di primo tempo. Ripresa attenta e senza sbavature. Una roccia&#8221;, \u00e8 il giudizio della Gazzetta sulla prova dell&#8217;attuale tecnico del Milan, al quale assegna un bel 6,5.<\/p>\n<p><a class=\"is-partner-link\" href=\"https:\/\/ad.doubleclick.net\/ddm\/trackclk\/N1792338.340088CAIRORCSMEDIAS.P.\/B28038690.452531709;dc_trk_aid=646241311;dc_trk_cid=173665161;dc_lat=;dc_rdid=;tag_for_child_directed_treatment=;tfua=;gdpr=%24%7BGDPR%7D;gdpr_consent=%24%7BGDPR_CONSENT_755%7D;ltd=;dc_tdv=1\" rel=\"nofollow noopener\" target=\"_blank\">Guarda tutte le partite di Serie A Enilive in esclusiva nei locali Sky! Trova il locale pi\u00f9 vicino a te.<\/a><\/p>\n<p>    juve, amorim avversario nel 2023 con lo sporting\u2014 \u00a0<\/p>\n<p class=\"paragraph is-inline\" spellcheck=\"true\">Amorim torner\u00e0 quindi a Torino esattamente due settimane dopo, ma stavolta sar\u00e0 una delusione. Pure nella finale di Europa League contro il Benfica \u00e8 titolare e gioca tutti i 120&#8242;, ma stavolta lo 0-0 si trasforma in una dolorosissima sconfitta ai rigori, che conferma la validit\u00e0 della maledizione di Bela Guttman per i portoghesi. L&#8217;attuale allenatore milanista all&#8217;Allianz Stadium si presenter\u00e0 poi in panchina ben 9 anni pi\u00f9 tardi (con l&#8217;etichetta di &#8220;nuovo Mourinho&#8221;), per sfidare la Juve di Allegri nei quarti di finale di Europa League. Finir\u00e0 1-0, grazie <a href=\"https:\/\/www.gazzetta.it\/Calcio\/Serie-A\/Juventus\/13-04-2023\/juventus-sporting-lisbona-1-0-gol-gatti-miracoli-perin-4601115926115.shtml\" rel=\"nofollow noopener\" target=\"_blank\">al primo gol bianconero di Gatti e ai miracoli di Perin<\/a> (subentrato a Szczesny, <a href=\"https:\/\/www.gazzetta.it\/Calcio\/Serie-A\/Juventus\/13-04-2023\/spavento-szczesny-esce-44-un-improvviso-dolore-petto-4601115926353.shtml\" rel=\"nofollow noopener\" target=\"_blank\">vittima di uno strano malore improvviso<\/a>) nel finale.\u00a0&#8220;Merita i complimenti per come fa giocare la squadra, per\u00f2 gli manca il colpo del k.o.&#8221;, eloger\u00e0 la Gazzetta Amorim. Quello che il portoghese si augura di trovare domenica sera contro la Juve di Spalletti. Anche perch\u00e9 il Milan, in quell&#8217;Allianz Stadium, non esulta da tre partite e da pi\u00f9 di tre anni&#8230;<\/p>\n<p class=\"is-copyright\">\u00a9 RIPRODUZIONE RISERVATA<\/p>\n","protected":false},"excerpt":{"rendered":"L&#8217;attuale tecnico del Milan era il perno del centrocampo del Benfica che ferm\u00f2 i bianconeri di Conte sullo&hellip;\n","protected":false},"author":3,"featured_media":664523,"comment_status":"","ping_status":"","sticky":false,"template":"","format":"standard","meta":{"footnotes":"","_share_on_mastodon":"0"},"categories":[1452],"tags":[1960,38821,51873,50020,1963,187855,366232,4432,585,10575,721,7204,366233,5371,2790,1112,16954,3085,39015,1426,176640,176641,1740,1280,1889,1537,90,89,565,113324,1980,707,553,3484,117619,362307,63689,1739,245,244,26884,3375],"class_list":["post-664522","post","type-post","status-publish","format-standard","has-post-thumbnail","category-calcio","tag-allenatore","tag-allianz","tag-allianz-stadium","tag-amorim","tag-attuale","tag-attuale-tecnico","tag-attuale-tecnico-milan","tag-benfica","tag-bianconeri","tag-bianconero","tag-calcio","tag-centrocampo","tag-centrocampo-benfica","tag-colpo","tag-conte","tag-domenica","tag-domenica-sera","tag-europa","tag-europa-league","tag-finale","tag-finale-europa","tag-finale-europa-league","tag-football","tag-gazzetta","tag-giocare","tag-it","tag-italia","tag-italy","tag-juve","tag-juve-spalletti","tag-league","tag-maggio","tag-milan","tag-panchina","tag-perno","tag-perno-centrocampo","tag-portoghesi","tag-soccer","tag-sport","tag-sports","tag-stadium","tag-tecnico"],"share_on_mastodon":{"url":"","error":"Validation failed: Text character limit of 500 exceeded"},"_links":{"self":[{"href":"https:\/\/www.europesays.com\/it\/wp-json\/wp\/v2\/posts\/664522","targetHints":{"allow":["GET"]}}],"collection":[{"href":"https:\/\/www.europesays.com\/it\/wp-json\/wp\/v2\/posts"}],"about":[{"href":"https:\/\/www.europesays.com\/it\/wp-json\/wp\/v2\/types\/post"}],"author":[{"embeddable":true,"href":"https:\/\/www.europesays.com\/it\/wp-json\/wp\/v2\/users\/3"}],"replies":[{"embeddable":true,"href":"https:\/\/www.europesays.com\/it\/wp-json\/wp\/v2\/comments?post=664522"}],"version-history":[{"count":0,"href":"https:\/\/www.europesays.com\/it\/wp-json\/wp\/v2\/posts\/664522\/revisions"}],"wp:featuredmedia":[{"embeddable":true,"href":"https:\/\/www.europesays.com\/it\/wp-json\/wp\/v2\/media\/664523"}],"wp:attachment":[{"href":"https:\/\/www.europesays.com\/it\/wp-json\/wp\/v2\/media?parent=664522"}],"wp:term":[{"taxonomy":"category","embeddable":true,"href":"https:\/\/www.europesays.com\/it\/wp-json\/wp\/v2\/categories?post=664522"},{"taxonomy":"post_tag","embeddable":true,"href":"https:\/\/www.europesays.com\/it\/wp-json\/wp\/v2\/tags?post=664522"}],"curies":[{"name":"wp","href":"https:\/\/api.w.org\/{rel}","templated":true}]}}