{"id":664524,"date":"2026-09-04T11:42:11","date_gmt":"2026-09-04T11:42:11","guid":{"rendered":"https:\/\/www.europesays.com\/it\/664524\/"},"modified":"2026-09-04T11:42:11","modified_gmt":"2026-09-04T11:42:11","slug":"luca-argentero-la-vita-ha-sorpreso-me-e-mia-moglie-cristina-ancora-una-volta-ho-un-obiettivo-tra-7-anni-poter-dire-dei-no-sul-lavoro-e-dedicarmi-alla-famiglia","status":"publish","type":"post","link":"https:\/\/www.europesays.com\/it\/664524\/","title":{"rendered":"Luca Argentero: \u00abLa vita ha sorpreso me e mia moglie Cristina ancora una volta. Ho un obiettivo: tra 7 anni poter dire dei no sul lavoro e dedicarmi alla famiglia\u00bb"},"content":{"rendered":"<p>                                                                                                                      di Candida Morvillo<\/p>\n<p class=\"summary-art is-line-h-12\">L\u2019attore piemontese, 48 anni e in attesa del terzo figlio con la moglie Cristina Marino, torna in tv per la quarta stagione della fiction in cui interpreta Andrea Fanti. La scambiano mai per medico? \u00abUn uomo in spiaggia mi ha appena detto: d\u00e0 un\u2019occhiata al mio gesso?\u00bb, racconta lui, ripercorrendo la sua carriera, a cominciare dal &#8220;Grande Fratello&#8221;. \u00abSapevo che cosa non volevo, che \u00e8 gi\u00e0 qualcosa. Ma non sapevo ancora cosa volessi davvero\u00bb<\/p>\n<p class=\"chapter-paragraph\"><b>Luca Argentero, come sta?<\/b><br \/>\u00abLe rispondo con tutta la gioia che abbiamo nel cuore! La vita ci ha sorpreso ancora una volta\u00bb.<\/p>\n<p class=\"chapter-paragraph\"><b>Dopo Nina Speranza, che ha sei anni, e No\u00e8 Roberto, che ne ha tre, lei e Cristina Marino aspettate il terzo figlio.<\/b><br \/>\u00abSiamo entusiasti di iniziare questo nuovo capitolo della nostra meravigliosa avventura familiare\u00bb.    &#13;<br \/>\n&#13;<br \/>\n&#13;<br \/>\n&#13;<br \/>\n&#13;<br \/>\n&#13;<br \/>\n&#13;<br \/>\n&#13;<br \/>\n&#13;<br \/>\n&#13;<br \/>\n&#13;<br \/>\n&#13;<br \/>\n&#13;<br \/>\n&#13;<br \/>\n&#13;<br \/>\n&#13;<br \/>\n&#13;<br \/>\n&#13;<br \/>\n&#13;<br \/>\n&#13;<br \/>\n&#13;<br \/>\n&#13;<br \/>\n&#13;<br \/>\n&#13;<br \/>\n&#13;<br \/>\n&#13;<br \/>\n&#13;<br \/>\n&#13;<br \/>\n&#13;<br \/>\n&#13;<br \/>\n&#13;<br \/>\n&#13;<br \/>\n&#13;<br \/>\n&#13;<br \/>\n&#13;<br \/>\n&#13;<br \/>\n&#13;<br \/>\n&#13;<br \/>\n&#13;<br \/>\n&#13;<br \/>\n&#13;<br \/>\n&#13;<br \/>\n&#13;<br \/>\n&#13;<br \/>\n&#13;<br \/>\n&#13;<br \/>\n&#13;<br \/>\n&#13;<br \/>\n&#13;<br \/>\n&#13;<br \/>\n&#13;<br \/>\n&#13;<br \/>\n&#13;\n<\/p>\n<p class=\"chapter-paragraph\"><b>In passato, lei aveva detto che, diventato padre, sarebbero venuti \u00abprima i figli\u00bb. La realt\u00e0 ha confermato quella promessa?<\/b><br \/>\u00abPromessa mantenuta. Ma senza mia moglie Cristina non ci sarei riuscito: prendo tutte le decisioni professionali in funzione della famiglia. Per girare la nuova stagione di Doc, si \u00e8 trasferita con me e i bambini da Milano a Roma per sei mesi\u00bb.<\/p>\n<p class=\"chapter-paragraph\">Da sei anni, Luca Argentero entra ed esce dallo scrub del primario di Doc \u2013 Nelle tue mani, il medico che, dopo aver perso la memoria, ritrova s\u00e9 stesso diventando finalmente empatico coi pazienti. Doveva essere una trilogia in 48 episodi, ma, sulla spinta di ascolti al 30 per cento, dal primo ottobre, torna su Rai Uno con una quarta stagione. Lui racconta: \u00abRientrare nel personaggio del dottor Andrea Fanti \u00e8 istantaneo. Ormai, \u00e8 una memoria muscolare acquisita: potrei tornare a interpretare Doc fra dieci anni e non cambierebbe nulla. Mi basta indossare lo scrub \u2014 quella divisa con pantaloni e casacca a maniche corte che porta lui \u2014 e lui ritorna\u00bb.<\/p>\n<p class=\"chapter-paragraph\"><b>Il suo Doc ha perso dodici anni di memoria, ricostruito la propria identit\u00e0, riconquistato il ruolo di primario e affrontato le colpe del passato. Che cosa resta ancora da scoprire?<\/b><br \/>\u00abNella quarta stagione, il peggior nemico di Doc sar\u00e0 Doc stesso: la sua idea assoluta di medicina, il suo modo di mettere il paziente davanti a tutto. Oggi, l\u2019ospedale \u00e8 anche un\u2019azienda, con logiche di bilancio, redditivit\u00e0 e profitto. Fanti, invece, non concepisce che non ci sia un letto o che un malato venga mandato altrove perch\u00e9 il reparto spende meno. La domanda della nuova stagione, e in fondo di tutta la serie, sar\u00e0: che cosa significa essere medico oggi? E come si pu\u00f2 trasmettere ai giovani un\u2019idea di medicina che forse non \u00e8 pi\u00f9 praticabile?\u00bb.<\/p>\n<p class=\"chapter-paragraph\"><b>Con un successo cos\u00ec, le capita che fan e telespettatori la trattino da medico?<\/b><br \/>\u00abS\u00ec, ma per attaccare bottone e chiedere un selfie. Dieci minuti fa, in spiaggia, un uomo col gesso al piede mi fa: dottore, mi dia un\u2019occhiata alla gamba!\u00bb.<\/p>\n<p class=\"chapter-paragraph\"><b>Lei \u00e8 uno che si fa possedere dal personaggio o la sera ne esce?<\/b><br \/>\u00abNon \u00e8 stato sempre facile uscire dai ruoli. Doc lo amo: perfino io, guardando la nuova prima puntata, mi sono emozionato, per\u00f2, interpretarlo mi sfinisce: mi confronto per mesi con il dolore, la malattia, la morte. Quando raccontavo la perdita di suo figlio, tornavo a casa e mia moglie era incinta di Nina Speranza: sono cose emotivamente forti. Oggi, per\u00f2, non posso permettermi di portarmi a casa il set: ho due bambini. In passato, mi \u00e8 capitato di immergermi in Leonardo o in Copperman. Oggi stacco, torno a casa e gioco con le macchinine o con le bamboline\u00bb.<\/p>\n<p class=\"chapter-paragraph\"><b>\u00c8 un cambiamento che le ha portato pi\u00f9 la paternit\u00e0 o pi\u00f9 l\u2019esperienza?<\/b><br \/>\u00abLa paternit\u00e0 mi ha cambiato radicalmente come uomo e come attore. \u00c8 come se mi avesse aperto dei chakra che prima erano chiusi. Provo livelli di emozione diversi da prima: mi sento pi\u00f9 sensibile e pi\u00f9 completo. Sul set, non me ne sono accorto in modo repentino, ma piano piano, mi sono sentito pi\u00f9 largo, pi\u00f9 pesante; mi sembrava di occupare pi\u00f9 spazio\u00bb.<\/p>\n<p class=\"chapter-paragraph\"><b>Dell\u2019Avvocato Ligas, Sky ha annunciato la seconda e la terza stagione. Personaggio opposto a Doc: tanto Fanti \u00e8 buono e empatico, tanto Ligas \u00e8 manipolatore, menefreghista e sfacciato. Come si entra e si esce da due personaggi tanto opposti?<\/b><br \/>\u00abLa lunga serialit\u00e0 \u00e8 un vantaggio: nella prima stagione, hai tempo per entrare nel personaggio, nelle successive, devi solo ritrovarlo. Con Doc e Ligas \u00e8 successo qualcosa di molto raro: li ho \u201cimbroccati\u201d subito. Nel provino di Ligas, senza una preparazione particolare, ho trovato immediatamente il tono giusto e infatti la produzione mi ha aspettato anche se avevo altri impegni\u00bb.<\/p>\n<p class=\"chapter-paragraph\"><b>Perch\u00e9 la sfacciataggine di Ligas le \u00e8 venuta cos\u00ec facile?<\/b><br \/>\u00abSe lo sapessi, applicherei sempre la stessa ricetta. So solo che ho letto il copione, l\u2019ho immaginato e qualcosa si \u00e8 appiccicato a me. Lo stesso \u00e8 successo con Doc. \u00c8 rarissimo indovinare due personaggi uno dietro l\u2019altro, per giunta agli antipodi\u00bb.<\/p>\n<p class=\"chapter-paragraph\"><b>Appunto. Chi le assomiglia di pi\u00f9?<\/b><br \/>\u00abDoc lo sento pi\u00f9 vicino. Ci accomuna una forma sviluppata di empatia. Lui guarda una persona e senti che gli importa davvero di lei. Ligas, invece, rappresenta tutto quello che avrei voluto fare e non ho avuto il coraggio di fare. \u00c8 la liberazione estrema dall\u2019essere piemontese, dalla riservatezza. Io non potrei mai vivere come Ligas, ma l\u2019idea di essere come lui mi diverte tantissimo. A differenza di Doc, la cui lavorazione \u00e8 sempre faticosa perch\u00e9 mi confronto con il dolore e la perdita, Ligas, invece, \u00e8 proprio volato. Interpretarlo \u00e8 stato liberatorio. \u00c8 il mio opposto: uno che si permette di dire tutto quello che pensa e nel modo in cui lo dice lui. La sera, tornavo a casa molto pi\u00f9 rilassato di come ne ero uscito\u00bb.<\/p>\n<p class=\"chapter-paragraph\"><b>In che cosa consiste la sua educazione piemontese?<\/b><br \/>\u00abI capisaldi sono: cortesia, gentilezza, educazione. Non importa se sono arrabbiato, stanco o stressato: devo sempre comportarmi con cortesia. Poi abbiamo una grande forma di riservatezza ed \u00e8 una cosa con la quale combatto perch\u00e9 col mestiere che faccio sono anche costretto a raccontare i fatti miei\u00bb.<\/p>\n<p class=\"chapter-paragraph\"><b>Il dottor Andrea Fanti scopre di essere stato un uomo arrogante. Se lei perdesse dodici anni di memoria, quale verit\u00e0 su s\u00e9 stesso avrebbe pi\u00f9 paura di scoprire e quale ricordo avrebbe pi\u00f9 paura di perdere?<\/b><br \/>\u00abAvrei paura di perdere i ricordi legati alla nascita dei miei figli. Ero in sala parto: sono emozioni ancestrali, che si piantano nel cervello. Dimenticarle sarebbe disastroso. Invece, mi spaventerebbe scoprire quanto posso essere irascibile. Appaio calmo, carino, pacato, ma ho eccessi di rabbia forti. E poi sono tremendamente permaloso, mi offendo, me la lego al dito. Mia moglie me lo rimprovera spesso e ha ragione: posso ancora migliorare parecchio\u00bb.<\/p>\n<p class=\"chapter-paragraph\"><b>Non solo Doc e Ligas ma molti dei suoi lavori recenti parlano di seconde possibilit\u00e0: Arturo di Motorvalley, su Netflix, \u00e8 un ex pilota che, dopo un incidente, si reinventa allenatore; lo spettacolo teatrale che ha portato in tourn\u00e9e, \u00c8 questa la vita che sognavo da bambino?, racconta destini imprevisti; e in Call My Agent interpreta s\u00e9 stesso che vuole ritirarsi a vivere in montagna. \u00c8 una coincidenza o cambiare vita \u00e8 una possibilit\u00e0 che accarezza?<\/b><br \/>\u00ab\u00c8 una felice coincidenza. Per\u00f2 mi affascina moltissimo l\u2019idea di ci\u00f2 che la vita pu\u00f2 ancora riservarti, oltre a quello che ti ha gi\u00e0 dato. Pi\u00f9 che di seconda possibilit\u00e0 in senso di riscatto, parlerei di cambiamento: non sento il bisogno di riscattarmi, mi \u00e8 andato tutto per il verso giusto, ma mi piacerebbe, nella terza parte della vita, fare qualcosa di completamente diverso. Per esempio, amo molto scrivere, ho sempre storie in testa. Ho pubblicato un romanzo, Disdici tutti i miei impegni, con Mondadori, e ne sono molto orgoglioso. Vorrei scriverne altri, ma mi manca il tempo\u00bb.<\/p>\n<p class=\"chapter-paragraph\"><b>Il valore del tempo \u00e8 al centro di quel libro, lo \u00e8 anche per lei?<\/b><br \/>\u00ab\u00c8 un tema che mi riguarda molto: oggi seleziono le persone e i progetti ai quali dedicarlo, lavoro meno per avere pi\u00f9 tempo per la mia famiglia e per i miei figli. Perch\u00e9 quel tempo non torna\u00bb.<\/p>\n<p class=\"chapter-paragraph\"><b>Anni fa, diceva di voler arrivare, a 55 anni, a una forma di pensione. Mancano sette anni alla scadenza: ha rivisto i suoi piani?<\/b><br \/>\u00abNo, il progetto \u00e8 ancora valido. Ma non voglio smettere di recitare: voglio riuscire a lavorare con un ritmo diverso da quello di oggi e, soprattutto, senza essere obbligato da motivi economici. Recitare \u00e8 il mestiere di cui vivo e non sempre scelgo un film solo perch\u00e9 lo desidero: qualche volta, lavoro perch\u00e9 devo lavorare. Nella fase pi\u00f9 matura della mia vita vorrei potermi permettere di scegliere davvero: dire dei no, prendermi tempo per la famiglia, partire per un lungo viaggio. Mi sembra un obiettivo sanissimo e, anzi, sono in linea con il programma che mi ero dato\u00bb.<\/p>\n<p class=\"chapter-paragraph\"><b>Un programma lo aveva anche quando, nel 2003, partecip\u00f2 al Grande Fratello. Era laureato in Economia, non era il classico concorrente di reality, e disse che aveva partecipato per guadagnare in fretta: \u00abHo sempre pensato: sfrutto il sistema, non mi faccio sfruttare\u00bb.<\/b><\/p>\n<p class=\"chapter-paragraph\">\u00abFunzion\u00f2: tutto quello che \u00e8 successo dopo \u00e8 arrivato su quell\u2019onda\u00bb.<\/p>\n<p class=\"chapter-paragraph\"><b>Non voleva fare finanza o il commercialista? Perch\u00e9 la televisione?<\/b><br \/>\u00abSapevo che cosa non volevo, che \u00e8 gi\u00e0 qualcosa, ma non sapevo ancora che cosa volessi. Non volevo finire in giacca e cravatta, chiuso dieci ore al giorno in un ufficio, n\u00e9 scegliere una professione con un coefficiente di responsabilit\u00e0 altissimo. Per\u00f2 non avevo mai pensato di diventare attore. Poi, il primo giorno sul set di Carabinieri, al primo ciak, ho capito immediatamente che era ci\u00f2 che volevo fare. Ho pensato: questo \u00e8 esattamente il mio destino\u00bb.<\/p>\n<p class=\"chapter-paragraph\"><b>Oggi, a parte i suoi figli, che cosa la rende felice?<\/b><br \/>\u00abL\u2019associazione 1 Caff\u00e8. Da quindici anni, aiutiamo piccole realt\u00e0 che fanno cose straordinarie. Penso, per esempio, a un pulmino che in Puglia accompagna i bambini malati oncologici, alle carrozzine che permettono ai ragazzi disabili di fare il bagno in mare&#8230; L\u2019idea \u00e8 che, se invece di offrire un caff\u00e8 a qualcuno lo offrissimo a chi ne ha davvero bisogno, potremmo cambiare molte cose. E poi mi rende felice l\u2019affetto del pubblico. Quando una famiglia mi ferma e mi dice: \u201cGrazie, erano anni che non ci sedevamo tutti insieme sul divano a guardare la stessa cosa, emozionandoci e piangendo insieme\u201d, per me non c\u2019\u00e8 gratificazione pi\u00f9 grande. Puoi incassare milioni o vincere premi, ma sentire che il tuo lavoro \u00e8 servito a unire le persone vale pi\u00f9 di tutto\u00bb.<\/p>\n<p>    CHI E&#8217;\u00a0<\/p>\n<p class=\"chapter-paragraph\">Luca Argentero nasce\u00a0a Torino il 12 aprile 1978. Dopo le superiori lavora come barista e nel 2004 si laurea in Economia e Commercio all\u2019Universit\u00e0 degli Studi di Torino. Diventa noto al grande pubblico con la partecipazione al Grande Fratello (2003) dove si classifica al terzo posto. In seguito lavora come modello ed esordisce nel 2005 come attore nella serie tv Carabinieri. L\u2019anno successivo arriva sul grande schermo con A casa nostra di Francesca Comencini. Nel 2009 sposa l\u2019attrice Myriam Catania da cui si \u00e8 separato nel 2016. Dal 2021 \u00e8 sposato con Cristina Marino. La coppia ha due figli, Nina Speranza e No\u00e8 Roberto, ed \u00e8 in attesa del terzo.<\/p>\n<p class=\"chapter-paragraph\"><b>Cinema e serie<\/b><br \/>Luca Argentero \u00e8 nel cast di film di successo come Saturno contro di Ferzan \u00d6zpetek (qui sotto con Pierfrancesco Favino), Mangia, prega, ama con Julia Roberts, Bianca come il latte, rossa come il sangue e Un boss in salotto. \u00c8 anche protagonista delle serie tv acclamate dal pubblico<br \/>Doc-Nelle tue mani\u00a0e Avvocato Ligas<\/p>\n<p class=\"is-last-update\" datetime=\"2026-09-04T12:18:16+02:00\">4 settembre 2026 ( modifica il 4 settembre 2026 | 12:18)<\/p>\n<p class=\"is-copyright\">\n            \u00a9 RIPRODUZIONE RISERVATA\n        <\/p>\n","protected":false},"excerpt":{"rendered":"di Candida Morvillo L\u2019attore piemontese, 48 anni e in attesa del terzo figlio con la moglie Cristina Marino,&hellip;\n","protected":false},"author":3,"featured_media":664525,"comment_status":"","ping_status":"","sticky":false,"template":"","format":"standard","meta":{"footnotes":"","_share_on_mastodon":"0"},"categories":[1451],"tags":[9521,2700,323531,97535,2382,1239,217835,788,37,4927,4913,2554,3905,1621,1620,483,87978,2491,366234,122,10091,38549,1277,1278,1891,5316,5225,56197,366235,316011,4418,366236,1905,24427,138224,366237,184,4938,205395,203,12028,50662,3222,2606,1909,281648,2245,2731,2716,454,2498,435,3688,178383,1975,128,10154,8675,23811,8311,126584,204,1537,90,89,3441,3776,3599,76917,6991,37558,487,329,5277,452,12572,15265,1229,146230,42219,280001,366238,340900,340901,273,11917,809,297259,32671,489,72722,5238,366239,23,8013,9891,3386,3965,2379,975,6251,1916,7901,6092,21907,10663,897,5240,179,14384,15181,1989,3969,5242,20617,12285,27675,1821,3645,14057,577,1886,4960,5583,253,5203],"class_list":["post-664524","post","type-post","status-publish","format-standard","has-post-thumbnail","category-celebrita","tag-amo","tag-andrea","tag-andrea-fanti","tag-argentero","tag-attore","tag-avvocato","tag-avvocato-ligas","tag-bambini","tag-bisogno","tag-caffe","tag-cambiamento","tag-cambiare","tag-carabinieri","tag-celebrita","tag-celebrities","tag-cio","tag-coincidenza","tag-confronto","tag-confronto-dolore","tag-cose","tag-cristina","tag-cristina-marino","tag-dato","tag-davvero","tag-devo","tag-dieci","tag-diverso","tag-doc","tag-doc-ligas","tag-doc-mani","tag-dodici","tag-dodici-memoria","tag-dolore","tag-dottor","tag-dottor-andrea","tag-dottor-andrea-fanti","tag-economia","tag-educazione","tag-empatico","tag-entertainment","tag-entra","tag-entra-esce","tag-esce","tag-facile","tag-famiglia","tag-fanti","tag-felice","tag-figli","tag-figlio","tag-film","tag-forma","tag-forti","tag-fratello","tag-gesso","tag-giusto","tag-idea","tag-immediatamente","tag-impegni","tag-importa","tag-interpreta","tag-interpretarlo","tag-intrattenimento","tag-it","tag-italia","tag-italy","tag-lavora","tag-lavorare","tag-letto","tag-ligas","tag-luca","tag-luca-argentero","tag-mani","tag-marino","tag-medicina","tag-medico","tag-memoria","tag-mestiere","tag-moglie","tag-moglie-cristina","tag-nina","tag-nina-speranza","tag-nina-speranza-noe","tag-noe","tag-noe-roberto","tag-nuova","tag-nuova-stagione","tag-obiettivo","tag-occhiata","tag-opposto","tag-passato","tag-paternita","tag-paura","tag-paura-perdere","tag-pensato","tag-perdere","tag-perdita","tag-perso","tag-personaggi","tag-personaggio","tag-piano","tag-piemontese","tag-portato","tag-possibilita","tag-posso","tag-potrei","tag-primario","tag-programma","tag-promessa","tag-pubblico","tag-quarta","tag-quarta-stagione","tag-racconta","tag-realta","tag-sapevo","tag-scoprire","tag-se","tag-sento","tag-serie","tag-set","tag-speranza","tag-stagione","tag-successo","tag-terzo","tag-torna","tag-tv","tag-volevo"],"share_on_mastodon":{"url":"","error":"Validation failed: Text character limit of 500 exceeded"},"_links":{"self":[{"href":"https:\/\/www.europesays.com\/it\/wp-json\/wp\/v2\/posts\/664524","targetHints":{"allow":["GET"]}}],"collection":[{"href":"https:\/\/www.europesays.com\/it\/wp-json\/wp\/v2\/posts"}],"about":[{"href":"https:\/\/www.europesays.com\/it\/wp-json\/wp\/v2\/types\/post"}],"author":[{"embeddable":true,"href":"https:\/\/www.europesays.com\/it\/wp-json\/wp\/v2\/users\/3"}],"replies":[{"embeddable":true,"href":"https:\/\/www.europesays.com\/it\/wp-json\/wp\/v2\/comments?post=664524"}],"version-history":[{"count":0,"href":"https:\/\/www.europesays.com\/it\/wp-json\/wp\/v2\/posts\/664524\/revisions"}],"wp:featuredmedia":[{"embeddable":true,"href":"https:\/\/www.europesays.com\/it\/wp-json\/wp\/v2\/media\/664525"}],"wp:attachment":[{"href":"https:\/\/www.europesays.com\/it\/wp-json\/wp\/v2\/media?parent=664524"}],"wp:term":[{"taxonomy":"category","embeddable":true,"href":"https:\/\/www.europesays.com\/it\/wp-json\/wp\/v2\/categories?post=664524"},{"taxonomy":"post_tag","embeddable":true,"href":"https:\/\/www.europesays.com\/it\/wp-json\/wp\/v2\/tags?post=664524"}],"curies":[{"name":"wp","href":"https:\/\/api.w.org\/{rel}","templated":true}]}}