{"id":664530,"date":"2026-09-04T11:46:15","date_gmt":"2026-09-04T11:46:15","guid":{"rendered":"https:\/\/www.europesays.com\/it\/664530\/"},"modified":"2026-09-04T11:46:15","modified_gmt":"2026-09-04T11:46:15","slug":"the-cranberries-arriva-per-la-1-volta-lalbum-live-at-the-london-astoria-ii-registrato-nel-1994-i-sky-tg24","status":"publish","type":"post","link":"https:\/\/www.europesays.com\/it\/664530\/","title":{"rendered":"The Cranberries, arriva per la 1\u00b0 volta l\u2019album Live At The London Astoria II registrato nel 1994 I Sky TG24"},"content":{"rendered":"<p>Esce oggi, 4 settembre 2026, la registrazione rimasterizzata di un concerto che per anni era stato considerato perduto. La performance risale a met\u00e0 anni Novanta, quando la band irlandese guidata da <strong>Dolores O\u2019Riordan<\/strong> era nel pieno della sua ascesa internazionale<\/p>\n<p>I <a data-intcmp=\"skytg24_foglia articolo_interlink_text\" href=\"https:\/\/tg24.sky.it\/spettacolo\/2018\/01\/16\/dieci-canzoni-piu-famose-cranberries\" target=\"_self\" rel=\"nofollow noopener\">Cranberries<\/a> tornano con un disco dal valore speciale. Esce oggi, <strong>4 settembre 2026<\/strong>, Live at The London Astoria II, 1994, registrazione rimasterizzata di un concerto che per anni era stato considerato perduto. La performance risale al 1994, quando la band irlandese guidata da <strong>Dolores O\u2019Riordan<\/strong> era nel pieno della sua ascesa internazionale. Sul palco del leggendario London Astoria II arrivarono alcuni dei brani destinati a diventare simboli del gruppo, da Linger a Dreams, fino a Zombie.<\/p>\n<p>\u00a0<\/p>\n<p>Il concerto arriv\u00f2 dopo il successo dell\u2019album d\u2019esordio Everybody else is doing it, so why can\u2019t we?, pubblicato nel 1993. I Cranberries erano appena rientrati da un tour negli Stati Uniti e si preparavano alla consacrazione mondiale di No need to argue, uscito nel 1994.<\/p>\n<p>\u201cSuonare all\u2019Astoria era un\u2019emozione travolgente, c\u2019era un fermento palpabile\u201d, ha ricordato il batterista <strong>Fergal Lawler<\/strong>. La band si ritrov\u00f2 davanti a molti dei suoi fan pi\u00f9 appassionati, in un momento decisivo della propria carriera.<\/p>\n<p>\t\t \tDa Linger a Zombie<\/p>\n<p>Lo show propone nove brani che sarebbero poi confluiti in No need to argue. Tra questi c\u2019era anche la super hit della band irlandese Zombie, eseguita in quell\u2019occasione in una versione unica e destinata a diventare uno dei pezzi pi\u00f9 rappresentativi dei Cranberries.<\/p>\n<p>\u00a0<\/p>\n<p>Il brano, ispirato alle giovani vittime civili del conflitto nordirlandese, sarebbe stato pubblicato come singolo sette mesi dopo. Avrebbe raggiunto il primo posto della Billboard Modern Rock Tracks negli Stati Uniti e le vette delle classifiche in diversi Paesi.<\/p>\n<p>\t\t\t<a class=\"c-inline-card j-inline-card c-inline-card--with-image\" href=\"https:\/\/tg24.sky.it\/lifestyle\/2022\/08\/31\/dolores-fumetto\" rel=\"follow nofollow noopener\" data-intcmp=\"skytg24_articolo_approfondimenti_inline\" target=\"_blank\"><\/p>\n<p>\t\t\t         <img decoding=\"async\" crossorigin=\"anonymous\" alt=\"\"  loading=\"lazy\"  src=\"https:\/\/www.europesays.com\/it\/wp-content\/uploads\/2026\/09\/2 out.jpg\"\/><\/p>\n<p>\n\t\t\t         Approfondimento<br \/>\n\t\t\t         Dolores, la leader dei Cranberries rivive in un fumetto pieno d&#8217;amore\n\t\t\t      <\/p>\n<p>\t\t\t<\/a><\/p>\n<p>\t\t \tQuindici tracce dal vivo<\/p>\n<p>Il nuovo album raccoglie <strong>15 registrazioni dal vivo<\/strong>. Sette arrivano da Everybody else is doing it, so why can\u2019t we?, comprese Pretty, Linger e Dreams. Nove sono invece legate a No need to argue, con brani come Dreaming my dream, Daffodil lament ed Empty.<\/p>\n<p>Nel disco trovano spazio anche Liar, originariamente presente nella colonna sonora di Empire Records del 1995, e So cold in Ireland, lato B del singolo Ode to my family.<\/p>\n<p>Il ricordo di Dolores<\/p>\n<p>La pubblicazione riporta cos\u00ec al centro la voce di Dolores O\u2019Riordan, scomparsa nel 2018. Negli ultimi anni la musica dei Cranberries \u00e8 stata protagonista di diverse ristampe celebrative.<\/p>\n<p>Nel 2025 la band ha inoltre ricevuto l\u2019Icon Award ai Rolling Stone UK Awards. In quell\u2019occasione il bassista <strong>Mike Hogan<\/strong> ha ricordato la cantante: \u201cCi ha lasciati quasi otto anni fa, quindi il fatto che le nostre canzoni siano durate cos\u00ec a lungo ne \u00e8 una testimonianza\u201d.<\/p>\n<p>Una testimonianza che oggi si rinnova con Live at The London Astoria II, 1994, riportando alla luce uno dei momenti pi\u00f9 intensi della storia dei Cranberries.<\/p>\n<p>\t\t\t<a class=\"c-inline-card j-inline-card c-inline-card--with-image\" href=\"https:\/\/tg24.sky.it\/spettacolo\/musica\/2020\/07\/25\/cranberries-dolores-oridordan-no-need-to-argue\" rel=\"follow nofollow noopener\" data-intcmp=\"skytg24_articolo_approfondimenti_inline\" target=\"_blank\"><\/p>\n<p>\t\t\t         <img decoding=\"async\" crossorigin=\"anonymous\" alt=\"\"  loading=\"lazy\"  src=\"https:\/\/www.europesays.com\/it\/wp-content\/uploads\/2026\/09\/cranberries.png\"\/><\/p>\n<p>\n\t\t\t         Approfondimento<br \/>\n\t\t\t         Cranberries, pronte nuove versioni rimasterizzate di No Need to Argue\n\t\t\t      <\/p>\n<p>\t\t\t<\/a><\/p>\n<p>\t\t \tCranberries, un gruppo entrato nella leggenda\u00a0<\/p>\n<p>I Cranberries hanno segnato profondamente il rock degli anni Novanta, imponendosi sulla scena internazionale con la voce inconfondibile di Dolores O\u2019Riordan e brani diventati generazionali. <\/p>\n<p>\u00a0<\/p>\n<p>Formati a Limerick nel 1989, raggiunsero la fama dopo il tour negli Stati Uniti del 1993 e con No Need to Argue del 1994 conquistarono il loro pi\u00f9 grande successo, trainato da Zombie, canzone simbolo dedicata al conflitto in Irlanda del Nord. Dopo anni di attivit\u00e0, tourn\u00e9e mondiali e alcuni momenti di forte pressione, la band si prese una pausa nel 2003, per poi tornare sulle scene nel 2009. <\/p>\n<p>Negli anni successivi pubblic\u00f2 Roses e Something Else, continuando a esibirsi anche in Italia, dove partecip\u00f2 pi\u00f9 volte al Festival di Sanremo. <\/p>\n<p>\u00a0<\/p>\n<p>La morte improvvisa di O\u2019Riordan, il 15 gennaio 2018, segn\u00f2 la fine del gruppo: i tre musicisti rimasti completarono l\u2019ultimo album, In the End, pubblicato nel 2019 e seguito dallo scioglimento definitivo. Negli anni successivi la musica dei Cranberries \u00e8 tornata pi\u00f9 volte al centro dell\u2019attenzione attraverso ristampe, raccolte e pubblicazioni d\u2019archivio, mantenendo vivo il lascito di una delle band irlandesi pi\u00f9 amate degli ultimi decenni.<\/p>\n<p>\t\t\t<a class=\"c-inline-card j-inline-card c-inline-card--with-image\" href=\"https:\/\/tg24.sky.it\/spettacolo\/musica\/2020\/07\/09\/cranberries-no-need-to-argue\" rel=\"follow nofollow noopener\" data-intcmp=\"skytg24_articolo_approfondimenti_inline\" target=\"_blank\"><\/p>\n<p>\t\t\t         <img decoding=\"async\" crossorigin=\"anonymous\" alt=\"\"  loading=\"lazy\"  src=\"https:\/\/www.europesays.com\/it\/wp-content\/uploads\/2026\/09\/cranberries.jpg\"\/><\/p>\n<p>\n\t\t\t         Approfondimento<br \/>\n\t\t\t         Cranberries, in arrivo la riedizione di \u201cNo need to Argue\u201d con inediti\n\t\t\t      <\/p>\n<p>\t\t\t<\/a><\/p>\n<p>\t            TAG:<\/p>\n","protected":false},"excerpt":{"rendered":"Esce oggi, 4 settembre 2026, la registrazione rimasterizzata di un concerto che per anni era stato considerato perduto.&hellip;\n","protected":false},"author":3,"featured_media":664531,"comment_status":"","ping_status":"","sticky":false,"template":"","format":"standard","meta":{"footnotes":"","_share_on_mastodon":"0"},"categories":[1443],"tags":[8133,203,204,1537,90,89,1538,1539],"class_list":["post-664530","post","type-post","status-publish","format-standard","has-post-thumbnail","category-musica","tag-album","tag-entertainment","tag-intrattenimento","tag-it","tag-italia","tag-italy","tag-music","tag-musica"],"share_on_mastodon":{"url":"https:\/\/pubeurope.com\/@it\/117212611384836204","error":""},"_links":{"self":[{"href":"https:\/\/www.europesays.com\/it\/wp-json\/wp\/v2\/posts\/664530","targetHints":{"allow":["GET"]}}],"collection":[{"href":"https:\/\/www.europesays.com\/it\/wp-json\/wp\/v2\/posts"}],"about":[{"href":"https:\/\/www.europesays.com\/it\/wp-json\/wp\/v2\/types\/post"}],"author":[{"embeddable":true,"href":"https:\/\/www.europesays.com\/it\/wp-json\/wp\/v2\/users\/3"}],"replies":[{"embeddable":true,"href":"https:\/\/www.europesays.com\/it\/wp-json\/wp\/v2\/comments?post=664530"}],"version-history":[{"count":0,"href":"https:\/\/www.europesays.com\/it\/wp-json\/wp\/v2\/posts\/664530\/revisions"}],"wp:featuredmedia":[{"embeddable":true,"href":"https:\/\/www.europesays.com\/it\/wp-json\/wp\/v2\/media\/664531"}],"wp:attachment":[{"href":"https:\/\/www.europesays.com\/it\/wp-json\/wp\/v2\/media?parent=664530"}],"wp:term":[{"taxonomy":"category","embeddable":true,"href":"https:\/\/www.europesays.com\/it\/wp-json\/wp\/v2\/categories?post=664530"},{"taxonomy":"post_tag","embeddable":true,"href":"https:\/\/www.europesays.com\/it\/wp-json\/wp\/v2\/tags?post=664530"}],"curies":[{"name":"wp","href":"https:\/\/api.w.org\/{rel}","templated":true}]}}