{"id":664621,"date":"2026-09-04T12:49:15","date_gmt":"2026-09-04T12:49:15","guid":{"rendered":"https:\/\/www.europesays.com\/it\/664621\/"},"modified":"2026-09-04T12:49:15","modified_gmt":"2026-09-04T12:49:15","slug":"sondaggi-politici-il-53-degli-italiani-boccia-il-governo-meloni-si-va-nella-direzione-sbagliata","status":"publish","type":"post","link":"https:\/\/www.europesays.com\/it\/664621\/","title":{"rendered":"Sondaggi politici, il 53% degli italiani boccia il governo Meloni: \u201cSi va nella direzione sbagliata\u201d"},"content":{"rendered":"<p>\u00c8 il giorno dei festeggiamenti del <a href=\"https:\/\/bari.repubblica.it\/cronaca\/2026\/09\/04\/news\/meloni_il_giorno_della_parata_fra_panzerotti_e_luminarie_nessun_invito_a_leccese_e_decaro-425563687\/?ref=RHLF-BG-P5-S3-T1-r35679\" rel=\"nofollow noopener\" target=\"_blank\"><strong>governo Meloni<\/strong> a Bari<\/a> per il <a href=\"https:\/\/www.repubblica.it\/politica\/2026\/09\/04\/news\/meloni_sicurezza_e_fisco_nello_spot_di_fine_mandato_ma_si_puo_fare_di_piu-425563832\/?ref=RHLF-BG-P5-S2-T1-r35679\" rel=\"nofollow noopener\" target=\"_blank\">record di \u201clongevit\u00e0\u201d<\/a>. Ma rispetto alle aspettative di quattro anni fa, quando l\u2019esecutivo si \u00e8 insediato nell\u2019ottobre 2022, secondo il sondaggio di Youtrend per Sky TG24, alla domanda se l\u2019Italia sia andata nella direzione giusta o sbagliata, il 53% risponde \u201cdirezione sbagliata\u201d e il 31% \u201cdirezione giusta\u201d, con il 16% di indecisi. Il giudizio ricalca le differenze politiche (97% \u201cdirezione giusta\u201d fra gli elettori <strong>FdI<\/strong>, 88% \u201cdirezione sbagliata\u201d fra quelli <strong>Pd<\/strong>) mentre gli elettori di <strong>Futuro Nazionale<\/strong> si dividono (57% \u201cdirezione giusta\u201d, 41% \u201cdirezione sbagliata\u201d). Il segmento pi\u00f9 critico \u00e8 quello dei 18-34enni (60% \u201cdirezione sbagliata\u201d), quello meno critico gli over 50 (44% \u201cdirezione sbagliata\u201d fra i 50-64enni).<\/p>\n<p>Non solo. Il 39% degli italiani giudica il lavoro del governo peggiore di quanto si aspettasse, il 26% in linea con le attese, l\u201911% migliore; il 17% dichiara di non avere avuto aspettative particolari e il 7% non si esprime. Dalla rilevazione emerge anche che fra gli elettori <strong>FdI<\/strong> il 38% ritiene che il governo abbia fatto meglio del previsto e il 49% in linea; fra quelli di <strong>Futuro Nazionale<\/strong> prevale invece la delusione, con il 47% che indica \u201cpeggio di quanto mi aspettavo\u201d (base campionaria ridotta).<\/p>\n<p>Intenzioni di voto<\/p>\n<p>Anche il sondaggio di Youtrend per Sky TG24 conferma il sorpasso di Futuro Nazionale su Forza Italia, segna il M5S in recupero, mentre cala l\u2019area del non voto. <strong>Fratelli d\u2019Italia<\/strong> si conferma primo partito al 26,5% (+0,1% rispetto al 22 luglio). Il <strong>Partito democratico<\/strong> sale al 22,2% (+0,3%) e il distacco fra i due si attesta a 4,3 punti. Il <strong>Movimento 5 Stelle <\/strong>registra la crescita pi\u00f9 consistente della rilevazione e risale al 12,6% (+1,1%), recuperando il terreno perso nelle ultime settimane di luglio.<\/p>\n<p>Cosa succede invece nel centrodestra? Nella coalizione si compie il sorpasso che le rilevazioni di luglio avevano preannunciato: Futuro Nazionale di Roberto Vannacci sale al 7,9% (+0,3%) e supera<strong> Forza Italia<\/strong>, che scende al 7,1% (-0,8%), diventando la quarta forza nazionale. La <strong>Lega<\/strong> arretra al 4,4% (-0,5%) e <strong>Noi Moderati <\/strong>\u00e8 allo 0,9% (+0,1%). La <strong>maggioranza di governo<\/strong> (FdI, FI, Lega, NM) si ferma al 38,9% (-1,1%); includendo Futuro Nazionale, l\u2019intera area di centrodestra vale il 46,8%.<\/p>\n<p>A sinistra <strong>Alleanza Verdi-Sinistra<\/strong> scende al 5,8% (-1%). Il <strong>campo Largo (Pd, M5S, Avs)<\/strong> si attesta complessivamente al 40,6%, sopra la maggioranza di governo di quasi due punti ma sotto il centrodestra allargato a Fv.<\/p>\n<p>Nell\u2019area centrista <strong>Azione<\/strong> sale al 3,9% (+0,2%), <strong>Italia Viva<\/strong> al 2,4% (+0,3%), mentre <strong>+Europa<\/strong> scende all\u20191,6% (-0,3%); il <strong>Partito Liberaldemocratico<\/strong> \u00e8 all\u20191,3% e la lista<strong> Ora<\/strong> all\u20191,1%. L\u2019area degli indecisi e astenuti torna a calare sensibilmente, al 33,6% (-4,4%), riassorbendo buona parte del calo di affluenza registrato a fine luglio.<\/p>\n<p>                <a href=\"https:\/\/www.repubblica.it\/politica\/2026\/09\/03\/news\/governo_meloni_record_longevita_tutti_flop_fact_checking-425561648\/\" rel=\"nofollow noopener\" target=\"_blank\"><\/p>\n<p>\t\t\t\t\t\t<img loading=\"lazy\" decoding=\"async\" src=\"https:\/\/www.europesays.com\/it\/wp-content\/uploads\/2026\/09\/221651906-b8b3dcea-9c7a-4505-b149-29678a266b12.jpg\" alt=\"\" class=\"lazyload\" width=\"125\" height=\"125\"\/> <\/p>\n<p>                <\/a><\/p>\n<p>Giudizio sul governo per temi<\/p>\n<p>Promossa (relativamente) la politica estera, bocciature pi\u00f9 pesanti su energia, sanit\u00e0 e tasse. Su nessuno dei nove temi proposti i giudizi positivi raggiungono la maggioranza. Il tema in cui il governo ottiene il risultato migliore \u00e8 la <strong>politica estera<\/strong> e il ruolo internazionale dell\u2019Italia (33% positivi, 52% negativi, 15% non sa), seguita da <strong>immigrazione<\/strong> (27% positivi, 63% negativi) ed economia e crescita (26%-63%). Su <strong>lavoro e salari<\/strong> (24%-65%),<strong> sicurezza<\/strong> (24%-68%) e <strong>giustizia<\/strong> (22%-67%) i positivi sono poco sopra un quinto. Le bocciature pi\u00f9 nette riguardano i temi che toccano direttamente il portafoglio: <strong>sanit\u00e0<\/strong> (20% positivi, 72% negativi), tasse (18%-72%) e soprattutto <strong>costo dell\u2019energia e delle bollette<\/strong>, dove i positivi si fermano al 16% contro il 76% di negativi (49% \u201cmolto negativo\u201d).<\/p>\n<p>Le crepe raggiungono anche l\u2019elettorato di governo. Fra gli elettori FdI il consenso \u00e8 altissimo su immigrazione (84%), politica estera (84%) ed economia (79%), ma scende al 57% sulle tasse e sull\u2019energia i negativi (49%) superano i positivi (41%). Fra gli elettori di FI, Lega e Noi Moderati i positivi sono maggioritari su politica estera (81%), economia, lavoro, immigrazione e sanit\u00e0, mentre su tasse (43%-57%) ed energia (37%-62%) prevalgono i negativi. Fra gli elettori di Futuro Nazionale il giudizio \u00e8 negativo su tutti i temi tranne la politica estera (47%-51%, quasi in parit\u00e0), con punte di bocciatura sulla sanit\u00e0 (80% negativi) e sull\u2019energia (65%) (basi campionarie ridotte).<\/p>\n<p>Governo pi\u00f9 longevo della Repubblica: per il 59% contano i risultati non la durata<\/p>\n<p>Di fronte al record di longevit\u00e0 del governo Meloni, che supera il secondo <strong>governo Berlusconi<\/strong>, il 59% degli italiani ritiene che la durata in s\u00e9 non conti e che contino i risultati ottenuti, mentre il 30% giudica positivo il fatto che un governo duri a lungo dopo tanti anni di instabilit\u00e0; l\u201911% non si esprime. L\u2019apprezzamento per la stabilit\u00e0 \u00e8 un tratto quasi esclusivo dell\u2019elettorato FdI (90%). Fra gli elettori di FI, Lega e Noi Moderati le due opinioni si dividono (50% stabilit\u00e0, 39% risultati), mentre fra quelli di Futuro Nazionale prevale la lettura \u201ccontano i risultati\u201d (46% contro 36%). Nel campo largo la stabilit\u00e0 in s\u00e9 non \u00e8 considerata un valore da circa 9 elettori su 10 (86% Pd, 91% M5S).<\/p>\n","protected":false},"excerpt":{"rendered":"\u00c8 il giorno dei festeggiamenti del governo Meloni a Bari per il record di \u201clongevit\u00e0\u201d. Ma rispetto alle&hellip;\n","protected":false},"author":3,"featured_media":664622,"comment_status":"","ping_status":"","sticky":false,"template":"","format":"standard","meta":{"footnotes":"","_share_on_mastodon":"0"},"categories":[6],"tags":[14,8,1537,90,89,7,15,82,9,83,10,13,11,80,84,12,81,85],"class_list":["post-664621","post","type-post","status-publish","format-standard","has-post-thumbnail","category-ultime-notizie","tag-cronaca","tag-headlines","tag-it","tag-italia","tag-italy","tag-news","tag-notizie","tag-notizie-di-cronaca","tag-notizie-principali","tag-notiziedicronaca","tag-notizieprincipali","tag-titoli","tag-ultime-notizie","tag-ultime-notizie-di-cronaca","tag-ultime-notizie-e-news-di-oggi","tag-ultimenotizie","tag-ultimenotiziedicronaca","tag-ultimenotizieenewsdioggi"],"share_on_mastodon":{"url":"https:\/\/pubeurope.com\/@it\/117212858403370030","error":""},"_links":{"self":[{"href":"https:\/\/www.europesays.com\/it\/wp-json\/wp\/v2\/posts\/664621","targetHints":{"allow":["GET"]}}],"collection":[{"href":"https:\/\/www.europesays.com\/it\/wp-json\/wp\/v2\/posts"}],"about":[{"href":"https:\/\/www.europesays.com\/it\/wp-json\/wp\/v2\/types\/post"}],"author":[{"embeddable":true,"href":"https:\/\/www.europesays.com\/it\/wp-json\/wp\/v2\/users\/3"}],"replies":[{"embeddable":true,"href":"https:\/\/www.europesays.com\/it\/wp-json\/wp\/v2\/comments?post=664621"}],"version-history":[{"count":0,"href":"https:\/\/www.europesays.com\/it\/wp-json\/wp\/v2\/posts\/664621\/revisions"}],"wp:featuredmedia":[{"embeddable":true,"href":"https:\/\/www.europesays.com\/it\/wp-json\/wp\/v2\/media\/664622"}],"wp:attachment":[{"href":"https:\/\/www.europesays.com\/it\/wp-json\/wp\/v2\/media?parent=664621"}],"wp:term":[{"taxonomy":"category","embeddable":true,"href":"https:\/\/www.europesays.com\/it\/wp-json\/wp\/v2\/categories?post=664621"},{"taxonomy":"post_tag","embeddable":true,"href":"https:\/\/www.europesays.com\/it\/wp-json\/wp\/v2\/tags?post=664621"}],"curies":[{"name":"wp","href":"https:\/\/api.w.org\/{rel}","templated":true}]}}