{"id":664633,"date":"2026-09-04T13:02:15","date_gmt":"2026-09-04T13:02:15","guid":{"rendered":"https:\/\/www.europesays.com\/it\/664633\/"},"modified":"2026-09-04T13:02:15","modified_gmt":"2026-09-04T13:02:15","slug":"allegri-prima-di-inter-napoli-la-conferenza-stampa","status":"publish","type":"post","link":"https:\/\/www.europesays.com\/it\/664633\/","title":{"rendered":"Allegri prima di Inter-Napoli, la conferenza stampa"},"content":{"rendered":"<p>                                Il tecnico degli azzurri sul ritorno a San Siro: &#8220;Giocare in uno stadio del genere \u00e8 meraviglioso. Sar\u00e0 un bello spot per il calcio italiano&#8221;<\/p>\n<p>\n                                                                    Salvatore Malfitano\n                            <\/p>\n<p>                    4 settembre (modifica alle 14:33)  &#8211; NAPOLI<\/p>\n<p>        <a href=\"https:\/\/www.gazzetta.it\/en\/football\/teams\/napoli\/news\/04-09-2026\/allegri-s-press-conference-ahead-of-inter-napoli.shtml\" class=\"button button--link-dark\" rel=\"nofollow noopener\" target=\"_blank\"><\/p>\n<p>            English version<\/p>\n<p>        <\/a><\/p>\n<p class=\"paragraph\" spellcheck=\"true\">Massimiliano Allegri cerca di tenere a bada gli impulsi di un ambiente deluso dal calciomercato e non entusiasta di aver perso all\u2019esordio al Maradona. \u201cCapisco che si vivano esaltazione e depressione, ma siamo soltanto alla terza giornata. Siamo dispiaciuti della sconfitta col Como in casa ma deve regnare l\u2019equilibrio, non abbiamo fatto neanche una brutta prestazione. Abbiamo tante partite da giocare e la Champions da iniziare. Dobbiamo migliorare sul piano fisico. Domani sar\u00e0 una bellissima gara, da affrontare con la massima fiducia\u201d ha detto l\u2019allenatore nella conferenza stampa di presentazione della sfida con l\u2019Inter. Anche se \u00e8 presto per parlare di lotta per lo scudetto, resta un incrocio suggestivo. \u201cL\u2019Inter \u00e8 la vera favorita per la vittoria del campionato, noi invece dobbiamo essere pi\u00f9 attenti perch\u00e9 domenica scorsa abbiamo concesso due gol che potevamo evitare. Giocare a San Siro \u00e8 sempre meraviglioso, sono partite magnifiche per il calcio italiano. Poi \u00e8 Inter-Napoli, le squadre che si stanno dando battaglia negli ultimi anni per lo scudetto. Dovremo essere all\u2019altezza, soprattutto dal punto di vista tecnico e agonistico perch\u00e9 sono incontri che non finiscono mai\u201d.\u00a0<\/p>\n<p>    attenzione\u2014 \u00a0<\/p>\n<p class=\"paragraph is-inline\" spellcheck=\"true\">Allegri ha tracciato le varie aree di miglioramento, soffermandosi soprattutto su quella tecnica e quella fisica. \u201cDurante la stagione ci sta subire delle reti, ma in modo diverso, bisogna costringere gli avversari a fare qualcosa in pi\u00f9. Su questo comunque miglioreremo sicuramente. A inizio anno le partite sono sempre un po\u2019 pi\u00f9 strane, c\u2019\u00e8 meno attenzione. La condizione \u00e8 in miglioramento, pi\u00f9 giochiamo e pi\u00f9 miglioriamo. Sono contento di ci\u00f2 che stanno facendo i ragazzi, poi ovviamente il risultato condiziona le valutazioni sulla partita ma noi dobbiamo restare fuori da questo modo di ragionare. Ci sono stati troppi errori tecnici e in fase difensiva, dobbiamo alzare il livello di attenzione perch\u00e9 avremo un margine d\u2019errore sempre pi\u00f9 basso contro Inter e Arsenal\u201d. Il mercato alla fine si \u00e8 concluso senza alcun ulteriore innesto, nonostante fossero circolati diversi nomi interessanti, in particolar modo per l\u2019attacco. \u201cIo sono contento della rosa che ho a disposizione, quanto alle nostre rivali \u00e8 inutile guardare come si sono rinforzate. Pensiamo a lavorare bene, perch\u00e9 in questo pezzo di stagione bisogna mettere le basi per il finale, facendo uno step alla volta\u201d.\u00a0<\/p>\n<p><a class=\"is-partner-link\" href=\"https:\/\/ad.doubleclick.net\/ddm\/trackclk\/N1792338.340088CAIRORCSMEDIAS.P.\/B28038690.452531709;dc_trk_aid=646241311;dc_trk_cid=173665161;dc_lat=;dc_rdid=;tag_for_child_directed_treatment=;tfua=;gdpr=%24%7BGDPR%7D;gdpr_consent=%24%7BGDPR_CONSENT_755%7D;ltd=;dc_tdv=1\" rel=\"nofollow noopener\" target=\"_blank\">Guarda tutte le partite di Serie A Enilive in esclusiva nei locali Sky! Trova il locale pi\u00f9 vicino a te.<\/a><\/p>\n<p>    valutazioni\u2014 \u00a0<\/p>\n<p class=\"paragraph is-inline\" spellcheck=\"true\">Negli ultimi giorni, il Napoli ha perso sia McTominay che Giovane. Rientreranno entrambi dopo la prossima sosta. \u201cGli infortuni capitano. Per Scott abbiamo preso insieme questa decisione, dal 10 ottobre avremo nove partite in 25-26 giorni e ci serve che sia nelle migliori condizioni. Quindi meglio aver fermato lui e Giovane adesso, perch\u00e9 poi ci sar\u00e0 un periodo pi\u00f9 delicato\u201d. Il vuoto lasciato dallo scozzese nell\u2019undici titolare dovrebbe essere riempito da De Bruyne, ma l\u2019allenatore non si \u00e8 sbilanciato a questo proposito. \u201cSono soddisfatto di Kevin, \u00e8 in crescita sul piano fisico. Poi \u00e8 normale che debba gestire le energie, dovr\u00f2 fare delle valutazioni su chi far scendere in campo visto che poi mercoled\u00ec giochiamo di nuovo. Nel calcio di oggi si gioca in sedici, non in undici, specialmente adesso che ci sono temperature molto alte. Vergara? Sta bene, ma credo che dargli troppa responsabilit\u00e0 non sia giusto, andiamoci piano. Ha fatto 12 partite nel Napoli, \u00e8 un buon giocatore. Badiashile sar\u00e0 convocato e sono molto contento di quello che sto vedendo\u201d. Nella passata stagione, gli scontri diretti con l\u2019Inter sono andati molto bene sia al Napoli che al Milan, che era allenato da Allegri. \u201cSono statistiche, ogni anno \u00e8 diverso dal precedente. Anche a livello tattico, si parte in un modo ma poi si cambia, bisogna saper leggere le partite e indovinare le mosse giuste. Gli scontri diretti vanno giocati, altre sfide invece vanno vinte. Questo \u00e8 uno scontro diretto, ce la giocheremo\u201d ha concluso il tecnico.<\/p>\n<p class=\"is-copyright\">\u00a9 RIPRODUZIONE RISERVATA<\/p>\n","protected":false},"excerpt":{"rendered":"Il tecnico degli azzurri sul ritorno a San Siro: &#8220;Giocare in uno stadio del genere \u00e8 meraviglioso. Sar\u00e0&hellip;\n","protected":false},"author":3,"featured_media":664634,"comment_status":"","ping_status":"","sticky":false,"template":"","format":"standard","meta":{"footnotes":"","_share_on_mastodon":"0"},"categories":[1452],"tags":[3076,1960,2109,3439,721,23069,8240,4972,2144,939,5225,2149,9606,157515,366291,29326,5016,1740,1889,119490,229,350,1537,90,1599,89,6110,44444,13115,248,4283,3386,975,366292,532,9612,8567,66055,6072,2181,3461,9613,1739,245,244,577,3375,47180],"class_list":["post-664633","post","type-post","status-publish","format-standard","has-post-thumbnail","category-calcio","tag-allegri","tag-allenatore","tag-attenzione","tag-bisogna","tag-calcio","tag-calcio-italiano","tag-concluso","tag-contento","tag-depressione","tag-diretti","tag-diverso","tag-dobbiamo","tag-equilibrio","tag-esaltazione","tag-esaltazione-depressione","tag-favorita","tag-fisico","tag-football","tag-giocare","tag-giochiamo","tag-giovane","tag-inter","tag-it","tag-italia","tag-italiano","tag-italy","tag-livello","tag-meraviglioso","tag-miglioramento","tag-napoli","tag-partite","tag-perso","tag-piano","tag-piano-fisico","tag-san","tag-san-siro","tag-scontri","tag-scontri-diretti","tag-scudetto","tag-serve","tag-sfida","tag-siro","tag-soccer","tag-sport","tag-sports","tag-stagione","tag-tecnico","tag-valutazioni"],"share_on_mastodon":{"url":"","error":"Validation failed: Text character limit of 500 exceeded"},"_links":{"self":[{"href":"https:\/\/www.europesays.com\/it\/wp-json\/wp\/v2\/posts\/664633","targetHints":{"allow":["GET"]}}],"collection":[{"href":"https:\/\/www.europesays.com\/it\/wp-json\/wp\/v2\/posts"}],"about":[{"href":"https:\/\/www.europesays.com\/it\/wp-json\/wp\/v2\/types\/post"}],"author":[{"embeddable":true,"href":"https:\/\/www.europesays.com\/it\/wp-json\/wp\/v2\/users\/3"}],"replies":[{"embeddable":true,"href":"https:\/\/www.europesays.com\/it\/wp-json\/wp\/v2\/comments?post=664633"}],"version-history":[{"count":0,"href":"https:\/\/www.europesays.com\/it\/wp-json\/wp\/v2\/posts\/664633\/revisions"}],"wp:featuredmedia":[{"embeddable":true,"href":"https:\/\/www.europesays.com\/it\/wp-json\/wp\/v2\/media\/664634"}],"wp:attachment":[{"href":"https:\/\/www.europesays.com\/it\/wp-json\/wp\/v2\/media?parent=664633"}],"wp:term":[{"taxonomy":"category","embeddable":true,"href":"https:\/\/www.europesays.com\/it\/wp-json\/wp\/v2\/categories?post=664633"},{"taxonomy":"post_tag","embeddable":true,"href":"https:\/\/www.europesays.com\/it\/wp-json\/wp\/v2\/tags?post=664633"}],"curies":[{"name":"wp","href":"https:\/\/api.w.org\/{rel}","templated":true}]}}