{"id":664645,"date":"2026-09-04T13:09:14","date_gmt":"2026-09-04T13:09:14","guid":{"rendered":"https:\/\/www.europesays.com\/it\/664645\/"},"modified":"2026-09-04T13:09:14","modified_gmt":"2026-09-04T13:09:14","slug":"f1-gp-monza-le-prove-libere-in-diretta-leclerc-il-piu-veloce-davanti-a-hamilton-la-ferrari-parte-bene-quinto-antonelli","status":"publish","type":"post","link":"https:\/\/www.europesays.com\/it\/664645\/","title":{"rendered":"F1 Gp Monza, le prove libere in diretta. Leclerc il pi\u00f9 veloce davanti a Hamilton, la Ferrari parte bene. Quinto Antonelli"},"content":{"rendered":"<p>\t\t\tLa Ferrari parte fortissimo, la McLaren si nasconde<\/p>\n<p>(di Daniele Sparisci, da Monza) Meglio di cos\u00ec non poteva partire nel Gp di casa. Uno-due con Leclerc davanti a Hamilton, non c&#8217;\u00e8 ancora il pienone a Monza ma il rosso domina su tutti gli altri colori nonostante Antonelli sia leader del Mondiale.\u00a0<\/p>\n<p>E&#8217; normale che sia cos\u00ec, la Ferrari muove masse enormi. E i suoi primi passi a Monza sono svelti e incoraggianti: piloti in fiducia, cavalli freschi aggiunti dal nuovo motore, Charles e Lewis molto vicini nelle prestazioni. In teoria questa non dovrebbe essere una pista favorevole ma la Rossa ha gi\u00e0 trionfato su circuiti veloci quest&#8217;anno, Barcellona e Silverstone. Il weekend per\u00f2 \u00e8 ancora lunghissimo, Russell terzo con gomme pi\u00f9 veloci: se fosse vero questo dato non ci sarebbe storia.\u00a0<\/p>\n<p>Ma con due turni di libere ancora da disputare (uno alle 16 e un altro domattina) gli equilibri possono variare di parecchio, lo abbiamo gi\u00e0 visto in altre occasioni. Antonelli, comunque vadano le qualifiche, scatter\u00e0 dal fondo per via della penalit\u00e0: Kimi ha provato il passo, il quinto tempo gli d\u00e0 fiducia visto che l&#8217;obiettivo \u00e8 salire nella top 5. Mancano dei riferimenti: sulla Red Bull non c&#8217;era Verstappen (Iwasa al posto dell&#8217;olandese), e Lawson ha stampato un buon quarto crono, un indizio sulle qualit\u00e0 del motore inglese, secondo la Fia \u00e8 il migliore della griglia. La McLaren non si \u00e8 vista: sesto Norris e 11\u00b0 Piastri, ma il team di Stella impiega sempre un po&#8217; a carburare.\u00a0<\/p>\n","protected":false},"excerpt":{"rendered":"La Ferrari parte fortissimo, la McLaren si nasconde (di Daniele Sparisci, da Monza) Meglio di cos\u00ec non poteva&hellip;\n","protected":false},"author":3,"featured_media":664646,"comment_status":"","ping_status":"","sticky":false,"template":"","format":"standard","meta":{"footnotes":"","_share_on_mastodon":"0"},"categories":[176],"tags":[32,3993,92346,295827,295828,2285,13800,366296,25346,3361,366297,6708,1534,366298,366299,26703,2138,366300,366301,10871,1932,3365,366294,47256,701,14334,790,9018,366302,366303,7438,6018,3566,368,366304,366305,366306,366307,366308,6668,366309,3593,45,3440,629,12727,10862,3345,28213,23680,3337,242829,1537,90,89,366293,3994,26625,7754,25338,6233,10866,366295,5993,11121,1309,10861,68,10859,696,5810,6234,559,10331,7759,9509,4005,245,244,3413,10881,566,10860],"class_list":["post-664645","post","type-post","status-publish","format-standard","has-post-thumbnail","category-sport","tag-andare","tag-antonelli","tag-aron","tag-ayumu","tag-ayumu-iwasa","tag-bandiera","tag-bandiera-rossa","tag-bandiera-rossa-rimossa","tag-bortoleto","tag-bull","tag-bull-verstappen","tag-cadillac","tag-caldo","tag-caldo-monza","tag-caldo-monza-venerdi","tag-casco","tag-cercare","tag-cercare-giuste","tag-cercare-giuste-mappature","tag-charles","tag-classifica","tag-colapinto","tag-colton","tag-colton-herta","tag-comando","tag-cominciato","tag-corso","tag-dedicati","tag-dedicati-passo","tag-dedicati-passo-gara","tag-doppietta","tag-dovrebbe","tag-energia","tag-ferrari","tag-ferrari-cominciato","tag-ferrari-ottenuto","tag-ferrari-ottenuto-miglior","tag-ferrari-provera","tag-ferrari-provera-motore","tag-fia","tag-fia-migliore","tag-fiducia","tag-fondo","tag-forte","tag-gara","tag-gasly","tag-gomme","tag-gp","tag-gp-monza","tag-hadjar","tag-hamilton","tag-herta","tag-it","tag-italia","tag-italy","tag-iwasa","tag-kimi","tag-lawson","tag-leclerc","tag-leclerc-hamilton","tag-libere","tag-libere-gp","tag-libere-gp-monza","tag-mclaren","tag-monza","tag-motore","tag-norris","tag-passo","tag-piastri","tag-pista","tag-prove","tag-prove-libere","tag-red","tag-red-bull","tag-rossa","tag-rossi","tag-russell","tag-sport","tag-sports","tag-top","tag-tsunoda","tag-valentino","tag-verstappen"],"share_on_mastodon":{"url":"","error":"Validation failed: Text character limit of 500 exceeded"},"_links":{"self":[{"href":"https:\/\/www.europesays.com\/it\/wp-json\/wp\/v2\/posts\/664645","targetHints":{"allow":["GET"]}}],"collection":[{"href":"https:\/\/www.europesays.com\/it\/wp-json\/wp\/v2\/posts"}],"about":[{"href":"https:\/\/www.europesays.com\/it\/wp-json\/wp\/v2\/types\/post"}],"author":[{"embeddable":true,"href":"https:\/\/www.europesays.com\/it\/wp-json\/wp\/v2\/users\/3"}],"replies":[{"embeddable":true,"href":"https:\/\/www.europesays.com\/it\/wp-json\/wp\/v2\/comments?post=664645"}],"version-history":[{"count":0,"href":"https:\/\/www.europesays.com\/it\/wp-json\/wp\/v2\/posts\/664645\/revisions"}],"wp:featuredmedia":[{"embeddable":true,"href":"https:\/\/www.europesays.com\/it\/wp-json\/wp\/v2\/media\/664646"}],"wp:attachment":[{"href":"https:\/\/www.europesays.com\/it\/wp-json\/wp\/v2\/media?parent=664645"}],"wp:term":[{"taxonomy":"category","embeddable":true,"href":"https:\/\/www.europesays.com\/it\/wp-json\/wp\/v2\/categories?post=664645"},{"taxonomy":"post_tag","embeddable":true,"href":"https:\/\/www.europesays.com\/it\/wp-json\/wp\/v2\/tags?post=664645"}],"curies":[{"name":"wp","href":"https:\/\/api.w.org\/{rel}","templated":true}]}}