{"id":664674,"date":"2026-09-04T13:31:18","date_gmt":"2026-09-04T13:31:18","guid":{"rendered":"https:\/\/www.europesays.com\/it\/664674\/"},"modified":"2026-09-04T13:31:18","modified_gmt":"2026-09-04T13:31:18","slug":"between-sky-and-sea-the-ego-as-horizon","status":"publish","type":"post","link":"https:\/\/www.europesays.com\/it\/664674\/","title":{"rendered":"Between Sky and Sea \u2013 The Ego as Horizon"},"content":{"rendered":"<p>&#13;<br \/>\n      &#13;<br \/>\n&#13;<br \/>\n     &#13;<br \/>\n        &#13;<\/p>\n<p>Mostra personale di Yuuki<br \/>A cura di OASI Art Exhibitions &amp; Cultural Projects\u00a0<br \/>Palazzo Bellini \u2013 Lungarno Soderini, 3 \u2013 50124 Firenze<br \/>26 settembre \u2013 3 ottobre 2026<br \/>Opening: Sabato 26 Settembre, ore 16:00 \u2013 Ingresso libero con drink di benvenuto.\u00a0<br \/>OASI, gruppo curatoriale indipendente attivo nel campo dell&#8217;arte contemporanea internazionale, presenta a Firenze \u201cBetween Sky and Sea \u2013 The Ego as Horizon\u201d, mostra personale dell&#8217;artista Yuuki, a cura di Giulia Lanza. L&#8217;esposizione sar\u00e0 ospitata nella prestigiosa sede di Palazzo Bellini, sul Lungarno Soderini, dal 26 settembre al 3 ottobre 2026.<\/p>\n<p>Tema e percorso artistico<\/p>\n<p>\u201cBetween Sky and Sea\u201d emerge come una riflessione sul confine liminale in cui l&#8217;identit\u00e0 cambia, resiste e infine si trasforma. Cielo e mare non sono solo elementi naturali, ma polarit\u00e0 simboliche che danno forma al viaggio interiore. La mostra si sviluppa come un percorso dall&#8217;abisso alla luce, dalla profondit\u00e0 alla verticalit\u00e0, dalla chiusura alla dilatazione. L&#8217;atto del disegnare, fin dalla prima infanzia, nasce come gesto di resistenza. Una forte esperienza del mondo trova nell&#8217;immagine un territorio autonomo. La creazione artistica diventa il luogo dove la pulsione si trasforma in forma, il disaccordo in visione. In questa fase, il mare rappresenta le emozioni interiori turbolente, la forza primordiale del s\u00e9. All&#8217;et\u00e0 di tredici anni, tuttavia, avviene un cambiamento: il mondo non \u00e8 pi\u00f9 qualcosa di meramente oppositivo, ma qualcosa da attraversare. Si apre la possibilit\u00e0 di espansione: il gesto diventa pi\u00f9 leggero, la composizione respira e inizia a formarsi un universo simbolico di luce e immaginazione. L&#8217;orizzonte, un tempo percepito come limite, diventa promessa.<\/p>\n<p>Speranza e messaggio finale<\/p>\n<p>L&#8217;esposizione culmina in una sezione finale in cui l&#8217;arte emerge come spazio di speranza. Non una fuga verso l&#8217;alto n\u00e9 una discesa nelle tenebre, ma un movimento dinamico e continuo tra le due dimensioni. L&#8217;opera nata da questo tema presenta se stessa come un orizzonte personale: uno spazio in cui la tensione tra gli opposti genera visione. \u201cBetween Sky and Sea \u2013 The Ego as Horizon\u201d \u00e8 quindi un&#8217;indagine sulla crescita, dove il conflitto diventa linguaggio, il conflitto diventa paesaggio e la speranza emerge come una linea luminosa e sottile che unisce ci\u00f2 che sembra inconciliabile.<\/p>\n<p>Informazioni pratiche<\/p>\n<p>Info Pratiche: Titolo: Between Sky and Sea \u2013 The Ego as Horizon | Mostra personale di Yuuki<\/p>\n<p>A cura di: Giulia Lanza per OASI<br \/>Sede: Palazzo Bellini, Lungarno Soderini, 3 \u2013 50124 Firenze<br \/>Date: 26 settembre \u2013 3 ottobre 2026<br \/>Inaugurazione: sabato 26 settembre ore 16:00<br \/>Orari: luned\u00ec \u2013 sabato, 10:30 \u2013 12:00 e 16:00 \u2013 18:00<br \/>Ingresso: Libero<br \/>Opening con drink omaggio<br \/>ORGANIZATION TEAM OASI:<br \/>Art Manager: Maria Cristina Bianchi<br \/>Art Curator: Giulia Lanza<br \/>Organizational Manager: Valentina Maggiolo<br \/>Graphic and Communication Designer: Anna Poddine<br \/>OASI \u00e8 un gruppo curatoriale indipendente fondato nel 2016, attivo tra Italia ed Europa con mostre site-specific ed itineranti che uniscono ricerca curatoriale, exhibition design, comunicazione ed event production.\u00a0<br \/>Contatti stampa:<br \/>oasi-art.eu<br \/>Tel. +39 3475933985<\/p>\n<p> &#13;<br \/>\n       &#13;<br \/>\n&#13;<br \/>\n&#13;<br \/>\n  &#13;<br \/>\n  &#13;<br \/>\n&#13;<br \/>\n&#13;<br \/>\n  &#13;<br \/>\n&#13;<br \/>\n        &#13;<br \/>\n        &#13;<br \/>\n               &#13;<br \/>\n      &#13;<br \/>\n      &#13;<br \/>\n      &#13;<br \/>\n&#13;<br \/>\n&#13;<br \/>\n            &#13;<br \/>\n   &#13;<br \/>\n&#13;<br \/>\n &#13;<br \/>\n      &#13;<br \/>\n&#13;<br \/>\n      &#13;<\/p>\n","protected":false},"excerpt":{"rendered":"&#13; &#13; &#13; &#13; &#13; Mostra personale di YuukiA cura di OASI Art Exhibitions &amp; Cultural Projects\u00a0Palazzo Bellini&hellip;\n","protected":false},"author":3,"featured_media":664675,"comment_status":"","ping_status":"","sticky":false,"template":"","format":"standard","meta":{"footnotes":"","_share_on_mastodon":"0"},"categories":[1446],"tags":[1615,1613,1614,1611,1610,1612,203,626,204,1537,90,89,1617],"class_list":["post-664674","post","type-post","status-publish","format-standard","has-post-thumbnail","category-arte-e-design","tag-arte","tag-arte-e-design","tag-arteedesign","tag-arts","tag-arts-and-design","tag-design","tag-entertainment","tag-eventi","tag-intrattenimento","tag-it","tag-italia","tag-italy","tag-mostre"],"share_on_mastodon":{"url":"https:\/\/pubeurope.com\/@it\/117213022577801249","error":""},"_links":{"self":[{"href":"https:\/\/www.europesays.com\/it\/wp-json\/wp\/v2\/posts\/664674","targetHints":{"allow":["GET"]}}],"collection":[{"href":"https:\/\/www.europesays.com\/it\/wp-json\/wp\/v2\/posts"}],"about":[{"href":"https:\/\/www.europesays.com\/it\/wp-json\/wp\/v2\/types\/post"}],"author":[{"embeddable":true,"href":"https:\/\/www.europesays.com\/it\/wp-json\/wp\/v2\/users\/3"}],"replies":[{"embeddable":true,"href":"https:\/\/www.europesays.com\/it\/wp-json\/wp\/v2\/comments?post=664674"}],"version-history":[{"count":0,"href":"https:\/\/www.europesays.com\/it\/wp-json\/wp\/v2\/posts\/664674\/revisions"}],"wp:featuredmedia":[{"embeddable":true,"href":"https:\/\/www.europesays.com\/it\/wp-json\/wp\/v2\/media\/664675"}],"wp:attachment":[{"href":"https:\/\/www.europesays.com\/it\/wp-json\/wp\/v2\/media?parent=664674"}],"wp:term":[{"taxonomy":"category","embeddable":true,"href":"https:\/\/www.europesays.com\/it\/wp-json\/wp\/v2\/categories?post=664674"},{"taxonomy":"post_tag","embeddable":true,"href":"https:\/\/www.europesays.com\/it\/wp-json\/wp\/v2\/tags?post=664674"}],"curies":[{"name":"wp","href":"https:\/\/api.w.org\/{rel}","templated":true}]}}