{"id":664696,"date":"2026-09-04T13:49:11","date_gmt":"2026-09-04T13:49:11","guid":{"rendered":"https:\/\/www.europesays.com\/it\/664696\/"},"modified":"2026-09-04T13:49:11","modified_gmt":"2026-09-04T13:49:11","slug":"europei-volley-femminile-italia-polonia-le-parole-di-julio-velasco","status":"publish","type":"post","link":"https:\/\/www.europesays.com\/it\/664696\/","title":{"rendered":"Europei volley femminile: Italia-Polonia, le parole di Julio Velasco"},"content":{"rendered":"<p>                                Alla vigilia della semifinale europea contro la Polonia, il ct azzurro indica la strada: &#8220;Dimentichiamo il passato. Contro la Polonia dovremo essere aggressivi, ma intelligenti&#8221;<\/p>\n<p class=\"paragraph\" spellcheck=\"true\">C\u2019\u00e8 Santarelli, fresco del successo in Nations League, con un titolo europeo da confermare davanti al pubblico di casa della Turchia. Non pu\u00f2 mancare il serbo Zoran Terzic, alla sua undicesima apparizione da allenatore in un Europeo \u2013 eguaglia il record del russo Nikolaj Karpol -, che abbraccia il trofeo esposto in bella mostra. E poi Stefano Lavarini, sorridente per il bel percorso fatto fin qui dalla sua Polonia. L\u2019ultimo ad arrivare alla conferenza stampa di presentazione delle semifinali dell\u2019Europeo di pallavolo femminile \u00e8 Julio Velasco. Il tecnico che ha vinto tutto con le nazionali italiane \u2013 sia quella maschile sia quella femminile \u2013 \u00e8 anche l\u2019ultimo a intervenire nell\u2019evento organizzato dalla Cev alla Sinan Erdem Arena di Istanbul \u2013 la casa della squadra di basket dell\u2019Efes &#8211; \u00e8 proprio il ct azzurro. \u201cNon ho mai pensato molto a quella fatto nel passato. \u00c8 importante vivere ora e nel futuro\u201d.\u00a0<\/p>\n<p>    rivale\u2014 \u00a0<\/p>\n<p class=\"paragraph is-inline\" spellcheck=\"true\">In vista della semifinale contro la Polonia Velasco svela quello che ha suggerito alle sue giocatrici: \u201cVogliamo e dobbiamo vivere senza sentire le voci che arrivano da fuori, anche dalle mamme \u2013 spiega -. Ogni partita \u00e8 differente. \u00c8 importante che la squadra sia aggressiva, ma intelligente. La combinazione tra queste due caratteristiche \u00e8 molto difficile ma possiamo farlo. Il 74enne ct di La Plata pone poi lo sguardo sulla sfida di domani con la Polonia: \u201cSar\u00e0 una Polonia molto diversa rispetto alla Nations League e al torneo di preparazione che abbiamo giocato qualche settimana fa. In questo Europeo hanno battuto la Turchia, quindi sono gasati, hanno disputato buone partite. Sar\u00e0 una Polonia diversa, con molta fiducia. <a href=\"https:\/\/www.gazzetta.it\/Volley\/02-09-2026\/italia-svezia-live-europei-di-volley-la-diretta.shtml?intcmp=hyperlink-articolo-gazit\" rel=\"nofollow noopener\" target=\"_blank\">Dalla partita contro la Svezia dobbiamo imparare a essere pi\u00f9 lucidi.<\/a> Mi riferisco a trovare la soluzione per la situazione che si presenta, che non \u00e8 sempre uguale\u201d.<\/p>\n","protected":false},"excerpt":{"rendered":"Alla vigilia della semifinale europea contro la Polonia, il ct azzurro indica la strada: &#8220;Dimentichiamo il passato. Contro&hellip;\n","protected":false},"author":3,"featured_media":664697,"comment_status":"","ping_status":"","sticky":false,"template":"","format":"standard","meta":{"footnotes":"","_share_on_mastodon":"0"},"categories":[1474],"tags":[7920,5886,100460,2729,2149,3889,1944,48,1537,90,89,1980,43716,4423,4424,1290,489,13221,366339,1924,3461,245,244,1857,530,15822,1869],"class_list":["post-664696","post","type-post","status-publish","format-standard","has-post-thumbnail","category-volley","tag-azzurro","tag-ct","tag-ct-azzurro","tag-diversa","tag-dobbiamo","tag-europeo","tag-femminile","tag-importante","tag-it","tag-italia","tag-italy","tag-league","tag-mamme","tag-nations","tag-nations-league","tag-partita","tag-passato","tag-polonia","tag-polonia-diversa","tag-semifinale","tag-sfida","tag-sport","tag-sports","tag-squadra","tag-turchia","tag-velasco","tag-volley"],"share_on_mastodon":{"url":"https:\/\/pubeurope.com\/@it\/117213093187703190","error":""},"_links":{"self":[{"href":"https:\/\/www.europesays.com\/it\/wp-json\/wp\/v2\/posts\/664696","targetHints":{"allow":["GET"]}}],"collection":[{"href":"https:\/\/www.europesays.com\/it\/wp-json\/wp\/v2\/posts"}],"about":[{"href":"https:\/\/www.europesays.com\/it\/wp-json\/wp\/v2\/types\/post"}],"author":[{"embeddable":true,"href":"https:\/\/www.europesays.com\/it\/wp-json\/wp\/v2\/users\/3"}],"replies":[{"embeddable":true,"href":"https:\/\/www.europesays.com\/it\/wp-json\/wp\/v2\/comments?post=664696"}],"version-history":[{"count":0,"href":"https:\/\/www.europesays.com\/it\/wp-json\/wp\/v2\/posts\/664696\/revisions"}],"wp:featuredmedia":[{"embeddable":true,"href":"https:\/\/www.europesays.com\/it\/wp-json\/wp\/v2\/media\/664697"}],"wp:attachment":[{"href":"https:\/\/www.europesays.com\/it\/wp-json\/wp\/v2\/media?parent=664696"}],"wp:term":[{"taxonomy":"category","embeddable":true,"href":"https:\/\/www.europesays.com\/it\/wp-json\/wp\/v2\/categories?post=664696"},{"taxonomy":"post_tag","embeddable":true,"href":"https:\/\/www.europesays.com\/it\/wp-json\/wp\/v2\/tags?post=664696"}],"curies":[{"name":"wp","href":"https:\/\/api.w.org\/{rel}","templated":true}]}}