{"id":664703,"date":"2026-09-04T13:55:12","date_gmt":"2026-09-04T13:55:12","guid":{"rendered":"https:\/\/www.europesays.com\/it\/664703\/"},"modified":"2026-09-04T13:55:12","modified_gmt":"2026-09-04T13:55:12","slug":"lucca-si-prepara-a-un-weekend-di-grande-basket-torna-il-trofeo-lovari-undicesima-edizione","status":"publish","type":"post","link":"https:\/\/www.europesays.com\/it\/664703\/","title":{"rendered":"Lucca si prepara a un weekend di grande basket: torna il Trofeo Lovari, undicesima edizione"},"content":{"rendered":"<p>Il settembre lucchese ritrova uno dei suoi appuntamenti pi\u00f9 attesi: l\u2019undicesima edizione del Trofeo Lovari, evento ormai simbolo del precampionato di Serie A e punto di riferimento per la pallacanestro regionale e nazionale. Per un intero fine settimana, Lucca diventer\u00e0 nuovamente una delle capitali del basket italiano.<\/p>\n<p>Dopo il sold\u2011out dello scorso anno, gli Amici della Pallacanestro Lucca \u2013 Luca Del Bono ETS rilanciano con un quadrangolare di altissimo livello, proponendo quattro delle formazioni pi\u00f9 ambiziose della A2. In campo ci saranno le tre eccellenze toscane:<\/p>\n<ul class=\"&#10;          list-content list-outside pl-10&#10;          list-disc&#10;        \">\n<li class=\"[&amp;&gt;a]:text-primary dark:[&amp;&gt;a]:text-white [&amp;&gt;a]:underline md:text-lg text-base\">Libertas Livorno, sospinta dall\u2019entusiasmo ritrovato e dai playoff sfiorati;<\/li>\n<li class=\"[&amp;&gt;a]:text-primary dark:[&amp;&gt;a]:text-white [&amp;&gt;a]:underline md:text-lg text-base\">La T Tecnica Gema Montecatini, matricola terribile al debutto assoluto in A2 dopo la cavalcata in B Nazionale;<\/li>\n<li class=\"[&amp;&gt;a]:text-primary dark:[&amp;&gt;a]:text-white [&amp;&gt;a]:underline md:text-lg text-base\">Lumos Pistoia Basket 2000, decisa a tornare ai vertici;<br \/>\ne la Valtur Brindisi, squadra pugliese pronta a recitare un ruolo da protagonista nella corsa playoff.<\/li>\n<\/ul>\n<p>Un antipasto speciale: la visita al reparto di pediatria<\/p>\n<p>Come da tradizione, il torneo avr\u00e0 un prologo dal forte valore umano: sabato 5 settembre, a mezzogiorno, gli atleti delle quattro squadre e i rappresentanti degli Amici della Pallacanestro Lucca faranno visita al reparto di pediatria dell\u2019ospedale San Luca. Un momento di vicinanza e sorrisi, organizzato in collaborazione con l\u2019Azienda USL Toscana nord ovest e il personale sanitario del presidio.<\/p>\n<p>Il programma del weekend<\/p>\n<p>Sabato pomeriggio, al Palatagliate, si parte alle 15:00 con il quadrangolare di baskin, organizzato insieme all\u2019EISI, con Warriors Lucca, Cefa Castelnuovo, Pistoia Baskin e Libertas Livorno.<\/p>\n<p>Alle 18:30 scatter\u00e0 la prima semifinale: Libertas Livorno vs La T Tecnica Gema Montecatini.<br \/>\nAlle 21:00, seconda semifinale: Lumos Pistoia vs <a href=\"https:\/\/www.pianetabasket.com\/valtur-brindisi\" title=\"Valtur Brindisi\" rel=\"nofollow noopener\" target=\"_blank\">Valtur Brindisi<\/a>.<\/p>\n<p>Domenica, alle 15:00, spazio al minibasket con un 4c4 sprint tra Nba Altopascio, BC Lab, Lucca Skywalkers e Le Mura Spring.<br \/>\nAlle 18:30 si giocher\u00e0 la finale per il terzo posto, mentre alle 21:00 andr\u00e0 in scena la finalissima che assegner\u00e0 il titolo.<\/p>\n<p>Eventi collaterali e premi<\/p>\n<p>Durante i due giorni ci saranno anche:<\/p>\n<ul class=\"&#10;          list-content list-outside pl-10&#10;          list-disc&#10;        \">\n<li class=\"[&amp;&gt;a]:text-primary dark:[&amp;&gt;a]:text-white [&amp;&gt;a]:underline md:text-lg text-base\">la presentazione delle squadre della pallacanestro lucchese;<\/li>\n<li class=\"[&amp;&gt;a]:text-primary dark:[&amp;&gt;a]:text-white [&amp;&gt;a]:underline md:text-lg text-base\">la premiazione del Contest Under 15, che non elegge solo il miglior giocatore ma anche il miglior compagno di squadra per seriet\u00e0, leadership, impegno e rispetto;<\/li>\n<li class=\"[&amp;&gt;a]:text-primary dark:[&amp;&gt;a]:text-white [&amp;&gt;a]:underline md:text-lg text-base\">l\u2019assegnazione del Premio \u201cNadir Berchiolli\u201d, dedicato a un allenatore.<\/li>\n<\/ul>\n<p>Lucca si prepara cos\u00ec a vivere un altro Trofeo Lovari ricco di basket, tradizione e partecipazione.<\/p>\n","protected":false},"excerpt":{"rendered":"Il settembre lucchese ritrova uno dei suoi appuntamenti pi\u00f9 attesi: l\u2019undicesima edizione del Trofeo Lovari, evento ormai simbolo&hellip;\n","protected":false},"author":3,"featured_media":664704,"comment_status":"","ping_status":"","sticky":false,"template":"","format":"standard","meta":{"footnotes":"","_share_on_mastodon":"0"},"categories":[1453],"tags":[1756,1757,1537,90,89,106003,4338,245,244,83932],"class_list":["post-664703","post","type-post","status-publish","format-standard","has-post-thumbnail","category-basket","tag-basket","tag-basketball","tag-it","tag-italia","tag-italy","tag-pistoia-basket","tag-serie-a2","tag-sport","tag-sports","tag-valtur-brindisi"],"share_on_mastodon":{"url":"https:\/\/pubeurope.com\/@it\/117213117053382143","error":""},"_links":{"self":[{"href":"https:\/\/www.europesays.com\/it\/wp-json\/wp\/v2\/posts\/664703","targetHints":{"allow":["GET"]}}],"collection":[{"href":"https:\/\/www.europesays.com\/it\/wp-json\/wp\/v2\/posts"}],"about":[{"href":"https:\/\/www.europesays.com\/it\/wp-json\/wp\/v2\/types\/post"}],"author":[{"embeddable":true,"href":"https:\/\/www.europesays.com\/it\/wp-json\/wp\/v2\/users\/3"}],"replies":[{"embeddable":true,"href":"https:\/\/www.europesays.com\/it\/wp-json\/wp\/v2\/comments?post=664703"}],"version-history":[{"count":0,"href":"https:\/\/www.europesays.com\/it\/wp-json\/wp\/v2\/posts\/664703\/revisions"}],"wp:featuredmedia":[{"embeddable":true,"href":"https:\/\/www.europesays.com\/it\/wp-json\/wp\/v2\/media\/664704"}],"wp:attachment":[{"href":"https:\/\/www.europesays.com\/it\/wp-json\/wp\/v2\/media?parent=664703"}],"wp:term":[{"taxonomy":"category","embeddable":true,"href":"https:\/\/www.europesays.com\/it\/wp-json\/wp\/v2\/categories?post=664703"},{"taxonomy":"post_tag","embeddable":true,"href":"https:\/\/www.europesays.com\/it\/wp-json\/wp\/v2\/tags?post=664703"}],"curies":[{"name":"wp","href":"https:\/\/api.w.org\/{rel}","templated":true}]}}