{"id":664705,"date":"2026-09-04T13:56:14","date_gmt":"2026-09-04T13:56:14","guid":{"rendered":"https:\/\/www.europesays.com\/it\/664705\/"},"modified":"2026-09-04T13:56:14","modified_gmt":"2026-09-04T13:56:14","slug":"grosso-problemi-per-dodo-e-atta-viery-pronto-perche-gud-e-mandragora-via","status":"publish","type":"post","link":"https:\/\/www.europesays.com\/it\/664705\/","title":{"rendered":"Grosso: \u201cProblemi per Dodo e Atta! Viery pronto, perch\u00e9 Gud e Mandragora via\u201d"},"content":{"rendered":"<p>\nL&#8217;allenatore della <strong>Fiorentina<\/strong>, Fabio <strong>Grosso<\/strong>, ha parlato in conferenza stampa in vista della gara che i suoi affronteranno domani allo stadio Franchi, contro il Torino di Abate. Di seguito le dichiarazioni del tecnico granata riportate da Tmw:\n<\/p>\n<p>\n<strong>TORINO<\/strong> &#8211; &#8220;E&#8217; una gara contro un avversario che non ha iniziato bene come noi. E&#8217; stimolante e vogliamo mostrare le nostre qualit\u00e0. Abbiamo analizzato e provato a capire dove migliorare. Sar\u00e0 una gara difficile ma vogliamo ottenere qualcosa di bello&#8221;.\n<\/p>\n<p>\n<strong>MERCATO<\/strong> &#8211; &#8220;Lo conoscete meglio di me. Sappiamo quanto \u00e8 difficile e come pu\u00f2 influire all&#8217;interno del percorso. Ci sono stati tantissimo movimenti, la Societ\u00e0 ha fatto grandi investimenti. Sappiamo che ci sono potenzialit\u00e0 e lavoriamo per mostrarle. Ora si guarda il presente: sappiamo quello che siamo, che abbiamo margini enormi e cercheremo di valorizzare tutte le nostre risorse. Uno dei 4 nuovi arrivati in attacco sar\u00e0 della partita&#8221;.\n<\/p>\n<p>        <img src=\"https:\/\/www.europesays.com\/it\/wp-content\/uploads\/2026\/09\/GettyImages-2289952741-c0f489bf1518-1200x675.jpeg\"   width=\"715\" height=\"402\" alt=\"ACF Fiorentina v Benevento Calcio - Coppa Italia\" title=\"ACF Fiorentina v Benevento Calcio - Coppa Italia\" loading=\"eager\" fetchpriority=\"high\" decoding=\"sync\" class=\"w-full h-auto aspect-3\/2 object-cover object-top rounded-lg\"\/><\/p>\n<p>\n<strong>DIFESA<\/strong> &#8211; &#8220;Abbiamo analizzato ci\u00f2 che \u00e8 successo e oggettivamente abbiamo fatto errori su cui stiamo lavorando e continueremo a lavorare. Vogliamo migliorare e crescere. Nell&#8217;arco del campionato c&#8217;\u00e8 bisogno di tutti gli interpreti, non vogliamo cercare colpevoli o eroi perch\u00e9 le cose le prepari a livello di squadra&#8221;.\n<\/p>\n<p>\n<strong>MANDRAGORA<\/strong> &#8211; &#8220;L&#8217;idea era chiara: era quella di voler ricreare un progetto nuovo. Ci sono stati cambiamenti sotto tutti i punti di vista. Quando le cose accadono, significa che chi \u00e8 coinvolto ha permesso che accadessero. La societ\u00e0 ha preso le sue scelte e il giocatore evidentemente ha preso le sue. Con Rolando ho avuto un ottimo rapporto, ha dato il suo massimo. Percepisco energia nuova, voglia di crescere e questa \u00e8 la cosa pi\u00f9 importante&#8221;.\n<\/p>\n<p>\n<strong>GUDMUNDSSON<\/strong> &#8211; &#8220;Perch\u00e9 titolare col Frosinone? In due partite abbiamo fatto scelte diverse. Quando le cose non vanno allora le scelte potevano essere diverse, invece quando vanno diventano intuizioni giuste. Io ora so la squadra di cui dispongo, che \u00e8 giovane e deve essere valorizzato&#8221;.\n<\/p>\n<p>\n<strong>EQUILIBRI<\/strong> &#8211; &#8220;L&#8217;argomento delle distanze \u00e8 determinante perch\u00e9 con quelle giuste riesci a trovare le cose migliori che viceversa disperdi. Per me \u00e8 la base. So che abbiamo potenzialit\u00e0 e margini per fare qualcosa di bello&#8221;.\n<\/p>\n<p>\n<strong>DODO E ATTA<\/strong> &#8211; &#8220;Come ho trovato gli attaccanti? Ho parlato con loro per capire il loro percorso. Hanno entusiasmo e voglia, ma tocca a me capire le loro condizioni. Non ho avuto tanto tempo ma capir\u00f2 come e quando saranno utili per affrontare le gare che ci attendono. Per questa gara hanno avuto problemi Dodo e Atta. Mi auguro di riaverli oggi e in base a quello decider\u00f2 come e quando impiegarli&#8221;.\n<\/p>\n<p>\n<strong>GERARCHIE<\/strong> &#8211; &#8220;La cosa bella e difficile \u00e8 che abbiamo cambiato tanto e quindi devi scoprire le caratteristiche che hai all&#8217;interno. Serve capire chi pu\u00f2 valorizzare chi. Fa parte di quello che mi era stato illustrato all&#8217;inizio di questa avventura. Sento la responsabilit\u00e0 di questo progetto e voglio portarlo avanti nel modo migliore possibile. Ho volto l&#8217;energia giusta e la voglia giusta dii andare alla ricerca di risultati che permettono di farci lavorare con pi\u00f9 serenit\u00e0&#8221;.\n<\/p>\n<p>\n<strong>MANCANZE<\/strong> &#8211; &#8220;Avremmo voluto riempire la squadra ma non ci siamo riusciti. Quello che non hai fatto per\u00f2 non conta pi\u00f9: \u00e8 importate quello che c&#8217;\u00e8, ora sta a noi prenderci le responsabilit\u00e0 per mandare avanti un progetto ambizioso che per\u00f2 necessita di tempo per essere applicato. Sappiamo per\u00f2 che in questo tempo servono i risultati e mostrare le qualit\u00e0 che abbiamo, mascherando alcuni limiti dovuti a tante situazioni. Le squadre forti non sono mai perfette, sono quelle che si danno mano nei momenti difficili. E noi imaginiamo di diventare una squadra forte&#8221;.\n<\/p>\n<p>\n<strong>TRE EX<\/strong> &#8211; &#8220;Come sar\u00e0 incontrare Comuzzo, Fortini e Mandragora? Non sar\u00e0 n\u00e9 un vantaggio n\u00e9 uno svantaggio. Anche loro hanno grande voglia di rivalsa. Servir\u00e0 fare una gara piena e in tal senso saranno determinanti gli ingressi&#8221;.\n<\/p>\n<p>\n<strong>VIERY<\/strong> &#8211; &#8220;Sta molto bene, \u00e8 pronto per giocare. Vediamo, le decisioni le prendo sempre alla fine per provare a fare meno errori possibili&#8221;.\n<\/p>\n<p>\n<strong>GOL SUBITI<\/strong> &#8211; &#8220;\u00c8 un discorso di metodo ma non voglio prendermela solo con un singolo giocatore. Quando analizziamo ci\u00f2 che non va lo faccio legandomi a tutto il reparto e alla squadra. Abbiamo mostrato anche qualcosa di bello. Continueremo a lavorare per colpare le nostre cose negative&#8221;.<\/p>\n","protected":false},"excerpt":{"rendered":"L&#8217;allenatore della Fiorentina, Fabio Grosso, ha parlato in conferenza stampa in vista della gara che i suoi affronteranno&hellip;\n","protected":false},"author":3,"featured_media":664706,"comment_status":"","ping_status":"","sticky":false,"template":"","format":"standard","meta":{"footnotes":"","_share_on_mastodon":"0"},"categories":[1452],"tags":[14570,52702,2333,2873,721,6880,483,877,932,1087,366342,122,3081,6927,5115,11504,366341,1690,3566,5362,15504,170164,2263,366343,366344,1740,629,564,1374,10322,7560,34758,955,1537,90,89,3776,82431,13113,1412,6114,2851,20525,50410,1739,245,244,1857,1641,6370,6205,4967],"class_list":["post-664705","post","type-post","status-publish","format-standard","has-post-thumbnail","category-calcio","tag-analizzato","tag-atta","tag-base","tag-bello","tag-calcio","tag-capire","tag-cio","tag-conferenza","tag-conferenza-stampa","tag-continueremo","tag-continueremo-lavorare","tag-cose","tag-crescere","tag-difficile","tag-diverse","tag-dodo","tag-dodo-atta","tag-domani","tag-energia","tag-errori","tag-fabio","tag-fabio-grosso","tag-fiorentina","tag-fiorentina-fabio","tag-fiorentina-fabio-grosso","tag-football","tag-gara","tag-giocatore","tag-giusta","tag-giuste","tag-grosso","tag-gudmundsson","tag-interno","tag-it","tag-italia","tag-italy","tag-lavorare","tag-mandragora","tag-margini","tag-mercato","tag-migliorare","tag-progetto","tag-sappiamo","tag-scelte","tag-soccer","tag-sport","tag-sports","tag-squadra","tag-torino","tag-vista","tag-voglia","tag-vogliamo"],"share_on_mastodon":{"url":"","error":"Validation failed: Text character limit of 500 exceeded"},"_links":{"self":[{"href":"https:\/\/www.europesays.com\/it\/wp-json\/wp\/v2\/posts\/664705","targetHints":{"allow":["GET"]}}],"collection":[{"href":"https:\/\/www.europesays.com\/it\/wp-json\/wp\/v2\/posts"}],"about":[{"href":"https:\/\/www.europesays.com\/it\/wp-json\/wp\/v2\/types\/post"}],"author":[{"embeddable":true,"href":"https:\/\/www.europesays.com\/it\/wp-json\/wp\/v2\/users\/3"}],"replies":[{"embeddable":true,"href":"https:\/\/www.europesays.com\/it\/wp-json\/wp\/v2\/comments?post=664705"}],"version-history":[{"count":0,"href":"https:\/\/www.europesays.com\/it\/wp-json\/wp\/v2\/posts\/664705\/revisions"}],"wp:featuredmedia":[{"embeddable":true,"href":"https:\/\/www.europesays.com\/it\/wp-json\/wp\/v2\/media\/664706"}],"wp:attachment":[{"href":"https:\/\/www.europesays.com\/it\/wp-json\/wp\/v2\/media?parent=664705"}],"wp:term":[{"taxonomy":"category","embeddable":true,"href":"https:\/\/www.europesays.com\/it\/wp-json\/wp\/v2\/categories?post=664705"},{"taxonomy":"post_tag","embeddable":true,"href":"https:\/\/www.europesays.com\/it\/wp-json\/wp\/v2\/tags?post=664705"}],"curies":[{"name":"wp","href":"https:\/\/api.w.org\/{rel}","templated":true}]}}