{"id":664737,"date":"2026-09-04T14:22:18","date_gmt":"2026-09-04T14:22:18","guid":{"rendered":"https:\/\/www.europesays.com\/it\/664737\/"},"modified":"2026-09-04T14:22:18","modified_gmt":"2026-09-04T14:22:18","slug":"il-flaminio-e-un-forno-rimini-e-virtus-sudano-in-compagnia","status":"publish","type":"post","link":"https:\/\/www.europesays.com\/it\/664737\/","title":{"rendered":"Il Flaminio \u00e8 un forno, Rimini e Virtus sudano in compagnia"},"content":{"rendered":"<p>\t\t\t\t\t\t\tPrima uscita stagionale della Virtus in un ambiente difficile per il grande caldo, coach Mumbr\u00f9 ha iniziato a conoscere i suoi<br \/>\n<img fetchpriority=\"high\" decoding=\"async\" alt=\"\" width=\"844\" height=\"562\"  src=\"https:\/\/www.europesays.com\/it\/wp-content\/uploads\/2026\/09\/Alex-Mumbru-300x200.jpg\" data- class=\" wp-image-87100 aligncenter lazyload\"\/><\/p>\n<p style=\"text-align: center;\">Nella foto Virtus : Alex Mumbr\u00f9 coach delle Vnere durante un time out al Flaminio nella 1\u00b0 uscita stagionale<\/p>\n<p style=\"text-align: left;\">Tanta gente per la prima uscita stagionale della Virtus contro la Dole Basket Rimini, con il presidentissimo ancora una volta in prima fila a seguire la squadra e tante canotte e sciarpe bianconere sparse nel forno del Flaminio.<\/p>\n<p>La presenza di un ventaglio su ogni seggiolino rappresentava un inquietante indizio su ci\u00f2 che sarebbe poi accaduto: una partita giocata con temperature al limite della sopportabilit\u00e0 per giocatori e pubblico. E anche di questo, oltre che del fatto che si trattasse di una semplice amichevole di pre-stagione, va tenuto conto.<\/p>\n<p>La Virtus si \u00e8 presentata con 16 giocatori a referto e 7 stranieri schierati, dei 9 presenti a roster quest\u2019anno. Le canotte ancora senza nome dei giocatori hanno reso ulteriormente complicata l\u2019identificazione dei tanti nuovi arrivati.<\/p>\n<p>Dall\u2019altra parte una Rimini \u201citalianissima\u201d, con un solo straniero, il centro Stephens, 36 anni e alla sua 18\u00aa squadra professionistica, rimasto in campo appena 15 minuti per 2 punti complessivi.<\/p>\n<p>Una partita che \u00e8 stata davvero tale soprattutto nel primo tempo, quando la Virtus ha cercato di fare quello che sar\u00e0 presumibilmente uno dei suoi obiettivi stagionali: aumentare il ritmo e il numero dei possessi, pressare sin dalla met\u00e0 campo avversaria e attaccare prima che la difesa possa schierarsi.<\/p>\n<p>Le idee si sono intraviste e anche alcuni tiri presi dopo pochi secondi non sono stati oggetto di rimprovero da parte del coach, che viceversa ha richiamato pi\u00f9 volte la squadra per le distrazioni difensive.<\/p>\n<p>Tantissimi cambi, con rotazioni che iniziavano gi\u00e0 dopo un paio di minuti, hanno prodotto minutaggi molto uniformi: nessuno ha superato i 23 minuti.<\/p>\n<p>Un primo tempo giocato a circa 78-80 possessi\/partita, con cambi frequentissimi e quintetti di ogni tipo, compresi quelli con Edwards o Klintmann in posizione di 5.<\/p>\n<p>Nel secondo tempo, per\u00f2, \u00e8 stata tutta un\u2019altra partita: tanta confusione, gioco vissuto a strappi e una Virtus che, impedita a sviluppare il gioco a campo aperto, ha mostrato difficolt\u00e0 ad attaccare contro la difesa schierata.<\/p>\n<p>Con appena due allenamenti alle spalle insieme al coach, era inevitabile che contro una difesa organizzata l\u2019attacco Virtus balbettasse parecchio. Per una squadra nuova di zecca andare in contropiede aiuta molto; diverso \u00e8 il discorso quando bisogna costruire un attacco a difesa schierata, dove al momento manca ancora un vero sistema di gioco.<\/p>\n<p>Due numeri spiegano bene la differenza tra i due tempi:<\/p>\n<p>11 punti in contropiede alla fine del primo tempo e ZERO nel secondo, forzando soltanto un paio di palle perse;<br \/>12 assist nel primo tempo per segnare 45 punti e soltanto 5 assist nel secondo per realizzarne 38.<\/p>\n<p>In questo contesto \u00e8 nata una partita fatta di fiammate e parziali, con quello decisivo arrivato a inizio quarto periodo grazie a 5 triple consecutive e 21 punti segnati nei primi tre minuti e mezzo.<\/p>\n<p>Il tutto dopo un terzo quarto orrendo, con appena 10 punti segnati, 3 canestri dal campo e 3\/8 ai liberi. Ciliegina sulla torta, un libero di Ferrari che non ha toccato neppure il ferro.<\/p>\n<p>Che ci siano stati strappi e crolli lo dimostrano anche i plus\/minus dei singoli: con Diouf in campo, ancora lontanissimo da una forma decente e da recuperare in fretta vista l\u2019assenza di Kokila, Bologna ha chiuso a -29, mentre con Diarra in campo ha fatto registrare un +24.<\/p>\n<p>Per i singoli \u00e8 una forzatura dare giudizi, anche per la qualit\u00e0 degli avversari, che lotteranno sicuramente per la promozione, ma che sono ovviamente lontani dal livello dei team di Eurolega.<\/p>\n<p>Qualche indicazione, comunque, \u00e8 arrivata.<\/p>\n<p>Bene Alston, con una mano al tiro che \u00e8 sempre quella. Bene Bello, capace di saltare la prima linea e attirare gli aiuti, come dimostrano i 5 assist oltre ai 12 punti. Bene Diarra nel lavoro da rim protector. Molto buona anche la propensione a rimbalzo di Klintmann, schierato, in alternativa a Edwards, anche da 5 in un quintetto tattico con tutti giocatori pericolosi da lontano e l\u2019area sgombra.<\/p>\n<p>C\u2019\u00e8 per\u00f2 tanto da lavorare, in particolare nell\u2019assemblaggio e nell\u2019inserimento delle guardie italiane, che in LBA, e gi\u00e0 nel primo appuntamento stagionale di Supercoppa, avranno spazio poich\u00e9 il turnover degli stranieri sar\u00e0 essenzialmente concentrato proprio in quel reparto.<\/p>\n<p>Ieri sera l\u2019ingresso in campo di Baldasso, Casarin e Baiocchi \u00e8 infatti corrisposto con alcuni parziali favorevoli a Rimini e tutti e tre hanno chiuso con un plus\/minus negativo.<\/p>\n<p>Come detto, se in Eurolega le rotazioni saranno costruite attorno ai 9 stranieri, Hackett, Ferrari e Diouf, in LBA le guardie italiane saranno decisive.<\/p>\n<p>La prima uscita stagionale ha quindi mostrato una Virtus ancora inevitabilmente acerba, ma nella quale si sono gi\u00e0 intraviste alcune delle idee che Mumbr\u00fa vuole portare avanti: ritmo, pressione e ricerca del gioco in campo aperto.<\/p>\n<p>Quando per\u00f2 la partita si \u00e8 fermata e Rimini ha potuto schierare la propria difesa, sono emerse tutte le difficolt\u00e0 di una squadra completamente nuova e con pochissimi allenamenti insieme.<\/p>\n<p>C\u2019\u00e8 tempo per lavorare.<\/p>\n<p>Prossima uscita a Parma, il 9 settembre<\/p>\n<p>Bello 12 (val. 17), Frazier 9 (val. 10), Casarin 3 (val. 1), Moore 15 (val. 12), Edwards 7 (val. 9), Baldasso 0, Baiocchi 0, Trigari 0, Alston jr 16 (val. 16), Hackett 3 (val. 2), Diarra 5 (val. 17), Klintman 10 (val. 13), Diouf 1 (val. 2).<\/p>\n<p>STEFANO BALLOTTA<\/p>\n","protected":false},"excerpt":{"rendered":"Prima uscita stagionale della Virtus in un ambiente difficile per il grande caldo, coach Mumbr\u00f9 ha iniziato a&hellip;\n","protected":false},"author":3,"featured_media":664738,"comment_status":"","ping_status":"","sticky":false,"template":"","format":"standard","meta":{"footnotes":"","_share_on_mastodon":"0"},"categories":[1453],"tags":[366346,1756,1757,1537,90,89,366347,366348,7483,245,244,366349,5128,7519],"class_list":["post-664737","post","type-post","status-publish","format-standard","has-post-thumbnail","category-basket","tag-assenti-carr-e-kokila","tag-basket","tag-basketball","tag-it","tag-italia","tag-italy","tag-prima-uscita-stagionale-virtus","tag-rimini-con-un-solo-straniero","tag-rinascita-basket-rimini","tag-sport","tag-sports","tag-stefano-ballotta","tag-virtus-bologna","tag-vpassion"],"share_on_mastodon":{"url":"https:\/\/pubeurope.com\/@it\/117213224082981158","error":""},"_links":{"self":[{"href":"https:\/\/www.europesays.com\/it\/wp-json\/wp\/v2\/posts\/664737","targetHints":{"allow":["GET"]}}],"collection":[{"href":"https:\/\/www.europesays.com\/it\/wp-json\/wp\/v2\/posts"}],"about":[{"href":"https:\/\/www.europesays.com\/it\/wp-json\/wp\/v2\/types\/post"}],"author":[{"embeddable":true,"href":"https:\/\/www.europesays.com\/it\/wp-json\/wp\/v2\/users\/3"}],"replies":[{"embeddable":true,"href":"https:\/\/www.europesays.com\/it\/wp-json\/wp\/v2\/comments?post=664737"}],"version-history":[{"count":0,"href":"https:\/\/www.europesays.com\/it\/wp-json\/wp\/v2\/posts\/664737\/revisions"}],"wp:featuredmedia":[{"embeddable":true,"href":"https:\/\/www.europesays.com\/it\/wp-json\/wp\/v2\/media\/664738"}],"wp:attachment":[{"href":"https:\/\/www.europesays.com\/it\/wp-json\/wp\/v2\/media?parent=664737"}],"wp:term":[{"taxonomy":"category","embeddable":true,"href":"https:\/\/www.europesays.com\/it\/wp-json\/wp\/v2\/categories?post=664737"},{"taxonomy":"post_tag","embeddable":true,"href":"https:\/\/www.europesays.com\/it\/wp-json\/wp\/v2\/tags?post=664737"}],"curies":[{"name":"wp","href":"https:\/\/api.w.org\/{rel}","templated":true}]}}