{"id":664765,"date":"2026-09-04T14:37:16","date_gmt":"2026-09-04T14:37:16","guid":{"rendered":"https:\/\/www.europesays.com\/it\/664765\/"},"modified":"2026-09-04T14:37:16","modified_gmt":"2026-09-04T14:37:16","slug":"vannacci-replica-alle-critiche-me-ne-frego-delle-accuse-e-allalba-vincero-notizie","status":"publish","type":"post","link":"https:\/\/www.europesays.com\/it\/664765\/","title":{"rendered":"Vannacci replica alle critiche: &#8216;Me ne frego delle accuse e all&#8217;alba vincer\u00f2&#8217; &#8211; Notizie"},"content":{"rendered":"<p><strong>&#8220;Me ne frego&#8221;.<\/strong> Sono le parole pronunciate da <strong>Roberto Vannacci<\/strong> in un video postato su fb in cui l&#8217;ex generale viene rappresentato con una serie di pistole puntate. La colonna sonora \u00e8 il verso &#8220;All&#8217;alba vincer\u00f2&#8221;. Nel post di riferimento Vannacci scriveva: &#8220;Xenofobo, omofobo, sessista, misogino, fascista, negazionista, razzista, ignorante, falsificatore, populista, traditore, pagliaccio, buffone, troglodita, fenomeno da baraccone ed ora, cavallo di Troia di Mosca. Bene, vuol dire che siamo sulla giusta strada. Ci vediamo all&#8217;alba&#8221;.\u00a0<\/p>\n<p>Per approfondire <a href=\"https:\/\/www.ansa.it\/sito\/notizie\/politica\/2026\/09\/04\/sondaggio-di-youtrend-futuro-nazionale-di-vannacci-supera-forza-italia-_80c3a470-dca4-4f3d-83a3-7041dbba1b9f.html\" target=\"_blank\" class=\"post\" rel=\"noopener nofollow\"> <img decoding=\"async\" class=\"img\" src=\"https:\/\/www.europesays.com\/it\/wp-content\/uploads\/2026\/09\/ebd4acb0555826c1c2b27642ecdabcb3.jpg\"\/> <img decoding=\"async\" class=\"favicon\" src=\"https:\/\/www.ansa.it\/sito\/img\/ico\/favicon.ico\"\/> Agenzia ANSA Sondaggio di Youtrend: Futuro Nazionale di Vannacci supera Forza Italia &#8211; Notizie &#8211; Ansa.it Secondo il nuovo sondaggio Youtrend per Sky tg24, Fratelli d&#8217;Italia si conferma primo partito con il 26,5% (+0,1 rispetto al 24 luglio), seguito dal Partito Democratico al 22,2% (+0,3) (ANSA) <\/a><\/p>\n<p>\u00a0<\/p>\n<p>Per approfondire <a href=\"https:\/\/www.ansa.it\/sito\/notizie\/politica\/2026\/09\/03\/indagine-sui-militari-che-hanno-aderito-al-partito-di-vannacci_e42ad605-d75f-41a5-874a-dce5e8efc580.html\" target=\"_blank\" class=\"post\" rel=\"noopener nofollow\"> <img decoding=\"async\" class=\"img\" src=\"https:\/\/www.europesays.com\/it\/wp-content\/uploads\/2026\/09\/0ade60ecbaee4c8efb8db841e0eefd0b.jpg\"\/> <img decoding=\"async\" class=\"favicon\" src=\"https:\/\/www.ansa.it\/sito\/img\/ico\/favicon.ico\"\/> Agenzia ANSA Indagine sui militari che hanno aderito al partito di Vannacci &#8211; Notizie &#8211; Ansa.it Aperta dalla Procura Militare dopo esposti e articoli della stampa estera. (ANSA) <\/a><\/p>\n<p>\u00a0<\/p>\n<p>                          Youtrend per Sky, FnV (7,9%) sorpassa FI (7,1%)<\/p>\n<p>Secondo il nuovo sondaggio Youtrend per Sky tg24, Fratelli d&#8217;Italia si conferma primo partito con il 26,5% (+0,1 rispetto al 24 luglio), seguito dal Partito Democratico al 22,2% (+0,3). Al terzo posto il Movimento 5 Stelle, che sale al 12,6% (+1,1), segnando la crescita pi\u00f9 marcata della rilevazione. Il dato politico pi\u00f9 rilevante, come rimarca una nota, \u00e8 per\u00f2 il sorpasso di Futuro Nazionale su Forza Italia: il partito di Vannacci sale al 7,9% (+0,3) e supera gli azzurri, che scendono al 7,1% (-0,8). Seguono Alleanza Verdi Sinistra al 5,8% (-1,0) e la Lega al 4,4% (-0,5). Chiudono Azione al 3,9% (+0,2), Italia Viva al 2,4% (+0,3), +Europa all&#8217;1,6% (-0,3), il Partito Liberaldemocratico all&#8217;1,3% (+0,3), Ora! all&#8217;1,1% (+0,2) e Noi Moderati allo 0,9% (+0,1).<\/p>\n<p>                          Tajani, FnV avanti su Forza Italia? Contano i voti e non i sondaggi<\/p>\n<p>&#8220;Sono i voti quelli che contano, i sondaggi lasciano sempre tempo che trovano&#8221;. Cosi il vicepremier e leader di Forza Italia, Antonio Tajani, a margine del Forum di Cernobbio, sul fatto che Futuro Nazionale abbia superato Forza Italia nei sondaggi. &#8220;Noi andiamo avanti, siamo una grande forza liberale, siamo i fondatori del centrodestra, grazie a Berlusconi, andiamo avanti nella difesa dei nostri valori, siamo una grande forza cristiana, liberale, riformista, garantista, europeista e atlantista&#8221;, ricorda Tajani. &#8220;Siamo leali con il centrodestra, ma siamo diversi da Fratelli d&#8217;Italia e dalla Lega, siamo alleati strategici, quindi a differenza della sinistra noi puntiamo sulla nostra coerenza. Chi lascia il centrodestra per votare insieme alla sinistra \u00e8 un rivale che mi pare non abbia tanta coerenza e credo che poi gli elettori se ne renderanno conto&#8221;, sottolinea quindi il vicepremier.<\/p>\n<p class=\"article-copyright\">\n<p>Riproduzione riservata \u00a9 Copyright ANSA<\/p>\n","protected":false},"excerpt":{"rendered":"&#8220;Me ne frego&#8221;. Sono le parole pronunciate da Roberto Vannacci in un video postato su fb in cui&hellip;\n","protected":false},"author":3,"featured_media":664766,"comment_status":"","ping_status":"","sticky":false,"template":"","format":"standard","meta":{"footnotes":"","_share_on_mastodon":"0"},"categories":[6],"tags":[14,8,1537,90,89,7,15,82,9,83,10,13,11,80,84,12,81,85],"class_list":["post-664765","post","type-post","status-publish","format-standard","has-post-thumbnail","category-ultime-notizie","tag-cronaca","tag-headlines","tag-it","tag-italia","tag-italy","tag-news","tag-notizie","tag-notizie-di-cronaca","tag-notizie-principali","tag-notiziedicronaca","tag-notizieprincipali","tag-titoli","tag-ultime-notizie","tag-ultime-notizie-di-cronaca","tag-ultime-notizie-e-news-di-oggi","tag-ultimenotizie","tag-ultimenotiziedicronaca","tag-ultimenotizieenewsdioggi"],"share_on_mastodon":{"url":"https:\/\/pubeurope.com\/@it\/117213283668235542","error":""},"_links":{"self":[{"href":"https:\/\/www.europesays.com\/it\/wp-json\/wp\/v2\/posts\/664765","targetHints":{"allow":["GET"]}}],"collection":[{"href":"https:\/\/www.europesays.com\/it\/wp-json\/wp\/v2\/posts"}],"about":[{"href":"https:\/\/www.europesays.com\/it\/wp-json\/wp\/v2\/types\/post"}],"author":[{"embeddable":true,"href":"https:\/\/www.europesays.com\/it\/wp-json\/wp\/v2\/users\/3"}],"replies":[{"embeddable":true,"href":"https:\/\/www.europesays.com\/it\/wp-json\/wp\/v2\/comments?post=664765"}],"version-history":[{"count":0,"href":"https:\/\/www.europesays.com\/it\/wp-json\/wp\/v2\/posts\/664765\/revisions"}],"wp:featuredmedia":[{"embeddable":true,"href":"https:\/\/www.europesays.com\/it\/wp-json\/wp\/v2\/media\/664766"}],"wp:attachment":[{"href":"https:\/\/www.europesays.com\/it\/wp-json\/wp\/v2\/media?parent=664765"}],"wp:term":[{"taxonomy":"category","embeddable":true,"href":"https:\/\/www.europesays.com\/it\/wp-json\/wp\/v2\/categories?post=664765"},{"taxonomy":"post_tag","embeddable":true,"href":"https:\/\/www.europesays.com\/it\/wp-json\/wp\/v2\/tags?post=664765"}],"curies":[{"name":"wp","href":"https:\/\/api.w.org\/{rel}","templated":true}]}}