{"id":664789,"date":"2026-09-04T14:57:25","date_gmt":"2026-09-04T14:57:25","guid":{"rendered":"https:\/\/www.europesays.com\/it\/664789\/"},"modified":"2026-09-04T14:57:25","modified_gmt":"2026-09-04T14:57:25","slug":"chi-e-dane-sweeny-la-sfida-con-darderi-la-salute-mentale-la-raccolta-fondi","status":"publish","type":"post","link":"https:\/\/www.europesays.com\/it\/664789\/","title":{"rendered":"Chi \u00e8 Dane Sweeny: la sfida con Darderi, la salute mentale, la raccolta fondi"},"content":{"rendered":"<p>                                A 8 anni lo paragonavano a Nadal, la carriera del tennista australiano per\u00f2 non \u00e8 stata lineare<\/p>\n<p>\n                                                                    Pellegrino Dell&#8217;Anno\n                            <\/p>\n<p>                    4 settembre &#8211; 13:03  &#8211; MILANO<\/p>\n<p class=\"paragraph\" spellcheck=\"true\">L\u20198 febbraio 2010, sul \u201cThe Courier Mail\u201d di Brisbane, il titolo molto (forse troppo) accattivante di un pezzo recitava: \u201cDane Sweeney (nome scritto male tra l\u2019altro, si scrive Sweeny, ndr) gioca come Rafa Nadal\u201d. Si parlava di un bambino di otto anni che aveva impressionato anche Ana Ivanovic e Andy Roddick, giocando qualche punto e allenandosi tra un match e l\u2019altro durante l\u2019Atp 250 di Brisbane. \u201cIl mondo del tennis \u00e8 ai suoi piedi\u201d, veniva scritto nel pezzo. Che, come si notava gi\u00e0 dal titolo, tendeva un po\u2019 troppo alle iperboli e alle esagerazioni. Per quanto, indubbiamente, Dane Sweeny fosse dotato di talento, era quasi folle paragonarlo a Nadal. Eppure, sedici anni dopo quelle prime impressioni, qualcosa sta venendo a compimento. Il nativo del Queensland australiano, una zona molto calda del Paese, domani giocher\u00e0 il suo primo terzo turno in uno Slam, allo Us Open, contro Luciano Darderi. Entrato in tabellone come wild card dell\u2019ultimo minuto, approfittando dell\u2019ingresso diretto del connazionale Popyrin, <a href=\"https:\/\/www.gazzetta.it\/Tennis\/atp\/slam\/us-open\/03-09-2026\/us-open-musetti-perde-con-sweeny.shtml?intcmp=hyperlink-articolo-gazit\" rel=\"nofollow noopener\" target=\"_blank\">ha ottenuto la vittoria pi\u00f9 importante della carriera contro il n. 14 del mondo Lorenzo Musetti,<\/a> non al massimo della forma anche a causa del caldo. Sweeny, tra l\u2019altro l\u2019unico australiano ancora in gara a New York, al caldo invece \u00e8 pi\u00f9 che abituato, essendoci cresciuto.\u00a0<\/p>\n<p>    sacrificio\u2014 \u00a0<\/p>\n<p class=\"paragraph is-inline\" spellcheck=\"true\">A due anni Dane inizia a giocare a tennis con il pap\u00e0 Clay, e lo fa sulla spiaggia. Un\u2019esposizione continua quindi al sole e al caldo, ma anche un buon modo di iniziare gi\u00e0 da piccoli a temprare la resistenza e il desiderio di giocare. Sweeny ha avuto la passione per il tennis praticamente da subito, cercando presto di lanciarsi in questo mondo. Come visto pi\u00f9 sopra gi\u00e0 a otto anni, praticamente ancora bambino, in Australia, dove sono molto attenti al talento, si parlava di lui. Ma non \u00e8 tutto oro quel che luccica, e le spese del tennis (\u201cper diventare professionista devi investire quasi un milione di euro\u201d, raccontava Dominic Thiem) non sono per tutte le tasche. La famiglia di Sweeny ha compiuto grossi sacrifici per aiutare Dane ad arrivare dov\u2019\u00e8 ora: il padre Clay, che gli fa anche da coach e sparring, vendette la propria impresa di pulizie per poter permettere al figlio di viaggiare, proseguire i propri sogni e accompagnarlo. \u201cI miei genitori hanno sacrificato tanto\u201d, aveva raccontato Sweeny dopo la prima vittoria Slam contro Monfils allo scorso Australian Open, \u201cnon sono mai stati poveri, ma nemmeno eccessivamente ricchi. Hanno dovuto sacrificare molto\u201d. Eppure, spesso, non \u00e8 bastato.\u00a0<\/p>\n<p>        <img decoding=\"async\" loading=\"lazy\" alt=\"NEW YORK, NEW YORK - SEPTEMBER 03: Dane Sweeny of Australia is interviewed by the media after defeating Lorenzo Musetti of Italy during their Men's Singles Second Round match on Day Five of the 2026 US Open at USTA Billie Jean King National Tennis Center on September 03, 2026 in the Flushing neighborhood of the Queens borough of New York City.   Sarah Stier\/Getty Images\/AFP (Photo by Sarah Stier \/ GETTY IMAGES NORTH AMERICA \/ Getty Images via AFP)\" src=\"https:\/\/dimages2.gazzettaobjects.it\/files\/image_527_789_h\/uploads\/2026\/09\/04\/6a9a9dc9ed50e.jpeg\" data-full-src=\"https:\/\/www.europesays.com\/it\/wp-content\/uploads\/2026\/09\/6a9a9dc9ed50e.jpeg\"\/><\/p>\n<p>    fondo<a href=\"\"> <\/a>\u2014 \u00a0<\/p>\n<p class=\"paragraph is-inline\" spellcheck=\"true\">Il padre ha potuto aiutare Sweeny a crescere, a fare esperienza nei tornei giovanili e lanciarsi poi tra i professionisti. Ma il passo successivo toccava a Dane, e le cose all\u2019inizio non andavano cos\u00ec bene. Nel 2019, a 18 anni, fece il proprio esordio in un Challenger da n. 1417 al mondo, vincendo anche una partita prima di perdere contro Max Purcell. Non esattamente un esempio di precocit\u00e0 e, mancando i risultati, mancavano anche le risorse per rincorrerli, per viaggiare e partecipare ai tornei. Cos\u00ec, proprio nel 2019, Sweeny lanci\u00f2 una raccolta fondi su GoFundMe con l\u2019obiettivo di raggiungere almeno 10.000 dollari australiani per proseguire nella sua carriera (\u201cviaggiare per il mondo come tennista professionista non \u00e8 cos\u00ec lussuoso come sembra, quando ci si trova in fondo alla classifica come me\u201d, scrisse in descrizione). Un grande coraggio e un grande carattere, con le prime soddisfazioni di livello arrivate nel 2024, grazie alla qualificazione all\u2019Australian Open\u2026 condividendo un appartamento su Air BnB. Mentre i top 10 e le grandi stelle alloggiavano nei migliori alberghi di Melbourne, Sweeny era costretto ad arrangiarsi per qualche giorno alla stregua di qualsiasi normale turista o lavoratore in trasferta, inseguendo i propri sogni con i mezzi che aveva a disposizione. All&#8217;esordio al Major di casa perse al quinto contro Francisco Cerundolo, con il padre che and\u00f2 via prima della fine per andare a lavorare, ma quell\u2019avventura frutt\u00f2 a Dane 120.000 dollari. \u201cFesteggeremo con qualche birra\u201d, dichiar\u00f2 dopo la sconfitta che, essendo arrivata al primo turno di uno Slam, diede la svolta definitiva alla sua carriera.\u00a0<\/p>\n<p><a class=\"is-partner-link\" href=\"https:\/\/ad.doubleclick.net\/ddm\/trackclk\/N1792338.340088CAIRORCSMEDIAS.P.\/B35025367.453773505;dc_trk_aid=647320059;dc_trk_cid=249314339;dc_dbm_token=%24%7BDC_DBM_TOKEN%7D;dc_lat=;dc_rdid=;tag_for_child_directed_treatment=;tfua=;gdpr=%24%7BGDPR%7D;gdpr_consent=%24%7BGDPR_CONSENT_755%7D;gpp=%24%7BGPP_STRING_755%7D;gpp_sid=%24%7BGPP_SID%7D;ltd=;dc_tdv=1\" rel=\"nofollow noopener\" target=\"_blank\">Guarda live tutte le partite degli US Open dal 30 Agosto in streaming su NOW! Attiva il Pass Sport da 19,99\u20ac al mese<\/a><\/p>\n<p>    traguardo\u2014 \u00a0<\/p>\n<p class=\"paragraph is-inline\" spellcheck=\"true\">Dal 2024 infatti Sweeny, che gioca sempre con la crema solare sotto gli occhi avendo la carnagione molto chiara, ha iniziato a frequentare pi\u00f9 assiduamente il circuito Challenger, avvicinando la top 200, salvo poi ripiombare nell\u2019anonimato\u2026 per sua scelta. Dopo nove sconfitte di fila, tra aprile e giugno 2024 decise di fermarsi completamente per prendersi cura della sua salute mentale. L\u2019assenza gli cost\u00f2 tanto in classifica, a tal punto da toccare la 681\u00aa posizione mondiale nel febbraio 2025. Molti, dopo le raccolte fondi, gli appartamenti condivisi e i sacrifici di un\u2019intera famiglia, si sarebbero arresi. Non Sweeny che, rimboccandosi le maniche e andando a vincere negli Itf (\u201cfermarmi \u00e8 stata la scelta migliore che abbia mai fatto\u201d, ha raccontato), \u00e8 riuscito a partire nel 2026 da n.183 dopo aver vinto 56 delle ultime 64 partite del 2025. E lo scorso febbraio si \u00e8 anche tolto la soddisfazione di vincere il primo Challenger della carriera a Sydney contro Schoolkate, arrivando poi in top 150. Ha iniziato lo Us Open da n.123 del mondo, e se dovesse battere Darderi per raggiungere un impronosticabile primo ottavo Slam, riuscir\u00e0 anche ad esordire in top 100. Sarebbe il pi\u00f9 bel lieto fine per una storia partita da molto in basso, di un ragazzo tenace, che ha rinunciato a tutto per inseguire il sogno di diventare un tennista professionista di alto livello. \u00c8 alto 170 cm, un fisico non da corazziere ma da furetto, che ben si accoppia alla sua personalit\u00e0. E infatti far punto a Sweeny, nella giornata giusta, \u00e8 un\u2019impresa non banale. Lotta su ogni palla, non cede mai, finch\u00e9 non \u00e8 finita. Con il sorriso sempre sulle labbra, e la battuta pronta: \u201cIo e i miei amici organizziamo ogni anno un torneo con racchette di legno, e probabilmente sono due volte pi\u00f9 nervoso per quello che quando gioco un torneo dello Slam: 16 partecipanti, ci sono anche le qualificazioni!\u201d. Sweeny sar\u00e0 anche cresciuto al caldo, ma quando pi\u00f9 conta, sa essere glaciale. Perch\u00e9 sa bene da dove \u00e8 partito, e soprattutto dove voleva, e ora vuole, arrivare. Con questa forza di volont\u00e0, niente \u00e8 impossibile.<\/p>\n<p class=\"is-copyright\">\u00a9 RIPRODUZIONE RISERVATA<\/p>\n","protected":false},"excerpt":{"rendered":"A 8 anni lo paragonavano a Nadal, la carriera del tennista australiano per\u00f2 non \u00e8 stata lineare Pellegrino&hellip;\n","protected":false},"author":3,"featured_media":664790,"comment_status":"","ping_status":"","sticky":false,"template":"","format":"standard","meta":{"footnotes":"","_share_on_mastodon":"0"},"categories":[176],"tags":[1998,366364,4240,4197,36,19533,14176,7376,694,4788,1534,1902,30778,1932,176505,3071,147395,3415,3761,11125,1909,1595,7325,45,5360,1889,3264,6990,1537,90,89,29450,6110,1983,2006,3608,14347,1290,13758,21117,4425,8179,8834,80328,38134,494,2301,6437,6193,3999,1360,988,3423,9654,245,244,365768,3445,1273,1898,366362,3413,1995,6663,19627,366363,7379,6665,7677,4968,2224],"class_list":["post-664789","post","type-post","status-publish","format-standard","has-post-thumbnail","category-sport","tag-abituato","tag-abituato-essendoci","tag-aiutare","tag-alto","tag-arrivare","tag-australian","tag-australian-open","tag-australiano","tag-bambino","tag-brisbane","tag-caldo","tag-carriera","tag-challenger","tag-classifica","tag-clay","tag-cresciuto","tag-dane","tag-darderi","tag-dollari","tag-esordio","tag-famiglia","tag-febbraio","tag-fondi","tag-fondo","tag-gioca","tag-giocare","tag-impresa","tag-iniziato","tag-it","tag-italia","tag-italy","tag-lanciarsi","tag-livello","tag-nadal","tag-open","tag-padre","tag-parlava","tag-partita","tag-pezzo","tag-praticamente","tag-prime","tag-professionista","tag-propri","tag-propri-sogni","tag-proseguire","tag-punto","tag-raccontato","tag-raggiungere","tag-sa","tag-sacrifici","tag-scelta","tag-scritto","tag-slam","tag-sogni","tag-sport","tag-sports","tag-sweeny","tag-talento","tag-tennis","tag-tennista","tag-tennista-professionista","tag-top","tag-tornei","tag-torneo","tag-turno","tag-turno-slam","tag-us","tag-us-open","tag-viaggiare","tag-vincere","tag-vittoria"],"share_on_mastodon":{"url":"","error":"Validation failed: Text character limit of 500 exceeded"},"_links":{"self":[{"href":"https:\/\/www.europesays.com\/it\/wp-json\/wp\/v2\/posts\/664789","targetHints":{"allow":["GET"]}}],"collection":[{"href":"https:\/\/www.europesays.com\/it\/wp-json\/wp\/v2\/posts"}],"about":[{"href":"https:\/\/www.europesays.com\/it\/wp-json\/wp\/v2\/types\/post"}],"author":[{"embeddable":true,"href":"https:\/\/www.europesays.com\/it\/wp-json\/wp\/v2\/users\/3"}],"replies":[{"embeddable":true,"href":"https:\/\/www.europesays.com\/it\/wp-json\/wp\/v2\/comments?post=664789"}],"version-history":[{"count":0,"href":"https:\/\/www.europesays.com\/it\/wp-json\/wp\/v2\/posts\/664789\/revisions"}],"wp:featuredmedia":[{"embeddable":true,"href":"https:\/\/www.europesays.com\/it\/wp-json\/wp\/v2\/media\/664790"}],"wp:attachment":[{"href":"https:\/\/www.europesays.com\/it\/wp-json\/wp\/v2\/media?parent=664789"}],"wp:term":[{"taxonomy":"category","embeddable":true,"href":"https:\/\/www.europesays.com\/it\/wp-json\/wp\/v2\/categories?post=664789"},{"taxonomy":"post_tag","embeddable":true,"href":"https:\/\/www.europesays.com\/it\/wp-json\/wp\/v2\/tags?post=664789"}],"curies":[{"name":"wp","href":"https:\/\/api.w.org\/{rel}","templated":true}]}}