{"id":664803,"date":"2026-09-04T15:04:13","date_gmt":"2026-09-04T15:04:13","guid":{"rendered":"https:\/\/www.europesays.com\/it\/664803\/"},"modified":"2026-09-04T15:04:13","modified_gmt":"2026-09-04T15:04:13","slug":"governo-meloni-e-il-piu-longevo-1-413-giorni-oggi-festa-a-bari-e-contromanifestazione","status":"publish","type":"post","link":"https:\/\/www.europesays.com\/it\/664803\/","title":{"rendered":"Governo Meloni, \u00e8 il pi\u00f9 longevo: 1.413 giorni. Oggi festa a Bari e contromanifestazione"},"content":{"rendered":"<p>Messaggi di congratulazioni sono arrivati a Meloni da diversi leader stranieri.<\/p>\n<p>&#8220;Le mie congratulazioni alla mia grande amica Giorgia Meloni, da oggi alla guida del governo pi\u00f9 longevo nella storia italiana del dopoguerra&#8221;, ha scritto in italiano su X il <b>premier belga Bart De Wever<\/b>. \u201cTengo profondamente al nostro rapporto, sempre sincero, e ammiro la sua determinazione a mantenere l&#8217;Europa sicura e a renderla pi\u00f9 prospera, obiettivi che condividiamo\u201d, ha aggiunto.<br \/>\u00a0<\/p>\n<p>&#8220;Congratulazioni alla mia amica Giorgia Meloni per aver guidato il governo pi\u00f9 longevo nella storia del dopoguerra della Repubblica Italiana. Mille grazie all&#8217;Italia per essere un grande alleato nella Nato&#8221;, ha scritto sui social anche il <b>segretario generale della Nato, Mark Rutte<\/b>.<br \/>\u00a0<\/p>\n<p>&#8220;Giorgia, leggo che da oggi sei alla guida del governo pi\u00f9 longevo nella storia della Repubblica Italiana. Ma davvero? Mi ero abituato male io a cambiare interlocutore a Roma quasi al ritmo dei cambi di allenatore del Milan&#8221;, ha scherzato su X il <b>premier dell&#8217;Albania, Edi Rama<\/b>.<\/p>\n<p>&#8220;Congratulazioni a Giorgia Meloni per un risultato storico: essere alla guida del governo pi\u00f9 longevo nella storia della Repubblica Italiana. La stabilit\u00e0 politica \u00e8 importante. La leadership \u00e8 importante&#8221;, ha dichiarato il <b>premier della Slovenia, Janez Jan\u0161a<\/b>.<br \/>\u00a0<\/p>\n<p>&#8220;Congratulazioni vivissime alla premier Giorgia Meloni per questo straordinario traguardo: guidare il governo pi\u00f9 longevo nella storia della Repubblica Italiana. Questo risultato testimonia non solo la sua dedizione e la sua leadership, ma soprattutto la fiducia duratura del popolo italiano&#8221;, \u00e8 stato il tweet del <b>presidente polacco Karol Nawrocki<\/b>.<\/p>\n","protected":false},"excerpt":{"rendered":"Messaggi di congratulazioni sono arrivati a Meloni da diversi leader stranieri. &#8220;Le mie congratulazioni alla mia grande amica&hellip;\n","protected":false},"author":3,"featured_media":664804,"comment_status":"","ping_status":"","sticky":false,"template":"","format":"standard","meta":{"footnotes":"","_share_on_mastodon":"0"},"categories":[6],"tags":[1682,14,369,126,5279,8,1537,90,89,7,15,82,9,83,10,13,11,80,84,12,81,85],"class_list":["post-664803","post","type-post","status-publish","format-standard","has-post-thumbnail","category-ultime-notizie","tag-bari","tag-cronaca","tag-digitall","tag-giorgia-meloni","tag-governo-meloni","tag-headlines","tag-it","tag-italia","tag-italy","tag-news","tag-notizie","tag-notizie-di-cronaca","tag-notizie-principali","tag-notiziedicronaca","tag-notizieprincipali","tag-titoli","tag-ultime-notizie","tag-ultime-notizie-di-cronaca","tag-ultime-notizie-e-news-di-oggi","tag-ultimenotizie","tag-ultimenotiziedicronaca","tag-ultimenotizieenewsdioggi"],"share_on_mastodon":{"url":"https:\/\/pubeurope.com\/@it\/117213387956805825","error":""},"_links":{"self":[{"href":"https:\/\/www.europesays.com\/it\/wp-json\/wp\/v2\/posts\/664803","targetHints":{"allow":["GET"]}}],"collection":[{"href":"https:\/\/www.europesays.com\/it\/wp-json\/wp\/v2\/posts"}],"about":[{"href":"https:\/\/www.europesays.com\/it\/wp-json\/wp\/v2\/types\/post"}],"author":[{"embeddable":true,"href":"https:\/\/www.europesays.com\/it\/wp-json\/wp\/v2\/users\/3"}],"replies":[{"embeddable":true,"href":"https:\/\/www.europesays.com\/it\/wp-json\/wp\/v2\/comments?post=664803"}],"version-history":[{"count":0,"href":"https:\/\/www.europesays.com\/it\/wp-json\/wp\/v2\/posts\/664803\/revisions"}],"wp:featuredmedia":[{"embeddable":true,"href":"https:\/\/www.europesays.com\/it\/wp-json\/wp\/v2\/media\/664804"}],"wp:attachment":[{"href":"https:\/\/www.europesays.com\/it\/wp-json\/wp\/v2\/media?parent=664803"}],"wp:term":[{"taxonomy":"category","embeddable":true,"href":"https:\/\/www.europesays.com\/it\/wp-json\/wp\/v2\/categories?post=664803"},{"taxonomy":"post_tag","embeddable":true,"href":"https:\/\/www.europesays.com\/it\/wp-json\/wp\/v2\/tags?post=664803"}],"curies":[{"name":"wp","href":"https:\/\/api.w.org\/{rel}","templated":true}]}}