{"id":664814,"date":"2026-09-04T15:17:16","date_gmt":"2026-09-04T15:17:16","guid":{"rendered":"https:\/\/www.europesays.com\/it\/664814\/"},"modified":"2026-09-04T15:17:16","modified_gmt":"2026-09-04T15:17:16","slug":"jonathan-david-criticato-tifosi-dellatletico-e-sovrappeso-lo-difende-griezmann","status":"publish","type":"post","link":"https:\/\/www.europesays.com\/it\/664814\/","title":{"rendered":"Jonathan David criticato tifosi dell&#8217;Atletico: &#8220;\u00c8 sovrappeso&#8221;. Lo difende Griezmann"},"content":{"rendered":"<p>                                Nei suoi primi giorni spagnoli l&#8217;attaccante arrivato dalla Juventus non sta trovando vita facile: al centro la forma fisica con cui si \u00e8 presentato a Madrid<\/p>\n<p class=\"paragraph\" spellcheck=\"true\">Il suo debutto assoluto con la maglia dell&#8217;Atletico deve ancora avvenire, ma Jonathan David \u00e8 gi\u00e0 al centro delle critiche nella sua nuova avventura spagnola. L&#8217;attaccante canadese <a href=\"https:\/\/www.gazzetta.it\/Calcio\/Calciomercato\/Juventus\/storie\/31-08-2026\/mercato-juve-attaccante\/cosa-serve-alla-juve-per-portare-a-torino-un-altro-attaccante.shtml?intcmp=hyperlink-articolo-gazit\" target=\"_blank\" rel=\"nofollow noopener\">ha salutato la Juventus quasi al termine della sessione estiva di calciomercato<\/a>, con la formula del prestito, per passare nella squadra allenata da Diego Simeone. In questi giorni il calciatore classe 2000 sta svolgendo i suoi primi allenamenti con la maglia dell&#8217;Atletico ma tanti tifosi lo stanno gi\u00e0 contestando. Sui social sono infatti comparsi diversi commenti e post di sostenitori dei\u00a0Colchoneros che lo criticano per la sua forma fisica, apparentemente non al meglio.<\/p>\n<p>    griezmann lo difende\u00a0\u2014 \u00a0<\/p>\n<p class=\"paragraph is-inline\" spellcheck=\"true\">A difendere David dalle polemiche dei tifosi per i suoi apparenti chili di troppo, ci ha pensato uno che ha scritto pagine importanti della storia recente dell&#8217;Atletico e che \u00e8 certamente un pupillo per una buona parte del pubblico. Si tratta di Antoine Griezmann che \u00e8 intervenuto con un commento sotto a un video (dei tanti) di Instagram che \u00e8 stato pubblicato per attaccare il canadese. Il calciatore francese oggi in forza ad Orlando in Mls ha provocato: &#8220;Magari sei tu quello sovrappeso, piccolo mostro&#8221;. L&#8217;avventura a Madrid del giocatore ex Juve non \u00e8 quindi iniziata nel migliore dei modi e con parecchi tifosi che non lo stanno vedendo subito di buon occhio. Il canadese dovr\u00e0 quindi cercare di rispondere sul campo con delle prestazioni positive per mettere a tacere queste iniziali contestazioni social.\u00a0<\/p>\n","protected":false},"excerpt":{"rendered":"Nei suoi primi giorni spagnoli l&#8217;attaccante arrivato dalla Juventus non sta trovando vita facile: al centro la forma&hellip;\n","protected":false},"author":3,"featured_media":664815,"comment_status":"","ping_status":"","sticky":false,"template":"","format":"standard","meta":{"footnotes":"","_share_on_mastodon":"0"},"categories":[1452],"tags":[5358,562,4641,2281,721,20221,104,12418,13204,1713,1740,2498,6119,132760,366378,1537,90,89,558,1739,245,244,6035],"class_list":["post-664814","post","type-post","status-publish","format-standard","has-post-thumbnail","category-calcio","tag-atletico","tag-attaccante","tag-avventura","tag-calciatore","tag-calcio","tag-canadese","tag-centro","tag-david","tag-difende","tag-fisica","tag-football","tag-forma","tag-forma-fisica","tag-griezmann","tag-griezmann-difende","tag-it","tag-italia","tag-italy","tag-juventus","tag-soccer","tag-sport","tag-sports","tag-tifosi"],"share_on_mastodon":{"url":"https:\/\/pubeurope.com\/@it\/117213439113714842","error":""},"_links":{"self":[{"href":"https:\/\/www.europesays.com\/it\/wp-json\/wp\/v2\/posts\/664814","targetHints":{"allow":["GET"]}}],"collection":[{"href":"https:\/\/www.europesays.com\/it\/wp-json\/wp\/v2\/posts"}],"about":[{"href":"https:\/\/www.europesays.com\/it\/wp-json\/wp\/v2\/types\/post"}],"author":[{"embeddable":true,"href":"https:\/\/www.europesays.com\/it\/wp-json\/wp\/v2\/users\/3"}],"replies":[{"embeddable":true,"href":"https:\/\/www.europesays.com\/it\/wp-json\/wp\/v2\/comments?post=664814"}],"version-history":[{"count":0,"href":"https:\/\/www.europesays.com\/it\/wp-json\/wp\/v2\/posts\/664814\/revisions"}],"wp:featuredmedia":[{"embeddable":true,"href":"https:\/\/www.europesays.com\/it\/wp-json\/wp\/v2\/media\/664815"}],"wp:attachment":[{"href":"https:\/\/www.europesays.com\/it\/wp-json\/wp\/v2\/media?parent=664814"}],"wp:term":[{"taxonomy":"category","embeddable":true,"href":"https:\/\/www.europesays.com\/it\/wp-json\/wp\/v2\/categories?post=664814"},{"taxonomy":"post_tag","embeddable":true,"href":"https:\/\/www.europesays.com\/it\/wp-json\/wp\/v2\/tags?post=664814"}],"curies":[{"name":"wp","href":"https:\/\/api.w.org\/{rel}","templated":true}]}}