{"id":664840,"date":"2026-09-04T15:31:17","date_gmt":"2026-09-04T15:31:17","guid":{"rendered":"https:\/\/www.europesays.com\/it\/664840\/"},"modified":"2026-09-04T15:31:17","modified_gmt":"2026-09-04T15:31:17","slug":"super-el-nino-2027-temperature-record-e-impatti-globali-preoccupanti","status":"publish","type":"post","link":"https:\/\/www.europesays.com\/it\/664840\/","title":{"rendered":"Super el ni\u00f1o 2027: temperature record e impatti globali preoccupanti"},"content":{"rendered":"<p>Clima, Onu: &#8220;El Ni\u00f1o verso livelli eccezionali, pianeta in zona di pericolo&#8221;<\/p>\n<p>L\u2019effetto moltiplicatore<\/p>\n<p class=\"atext\">Il pianeta \u00e8 un sistema e come tale su di esso agiscono anche altri fattori: la crisi climatica e il riscaldamento di origine antropica. Questo genera un effetto moltiplicatore estremamente pericoloso che rende El Ni\u00f1o ancor pi\u00f9 violento. Le stime per l\u2019anno complessivo 2027 sono di un incremento delle temperature di 1,27 gradi celsius , battendo il primato del 2024 di 1,55 (Global Climate Highlights).<\/p>\n<p class=\"atext\">Gli effetti di El Ni\u00f1o sono stati gi\u00e0 pienamente visibili nell\u2019estate che ci lasciamo alle spalle. Il prosciugamento atmosferico ha innescato <b>incendi boschivi<\/b> nel sud-est asiatico, in particolare in Indonesia. In India i monsoni stagionali-necessari per i raccolti si sono drasticamente indeboliti, mettendo a rischio la sicurezza alimentare della regione. Il world food programme ha gi\u00e0 stimato che la siccit\u00e0 legata a El Ni\u00f1o minaccia di spingere circa 50 milioni di persone verso la fame acuta. In <b>Nepal<\/b> Il calore intenso unito a precipitazioni monsoniche persistenti ha messo in ginocchio il paese con pi\u00f9 di un migliaio di vittime.<\/p>\n<p>L\u2019ondata di calore sull\u2019Europa<\/p>\n<p class=\"atext\">L\u2019oceano \u00e8 il principale regolatore climatico del pianeta e i suoi effetti non sono rimasti confinati nel continente asiatico, confermando tristemente <b>la portata globale del fenomeno<\/b>. L\u2019Europa \u00e8 stata colpita dall\u2019ondata di calore pi\u00f9 intensa mai registrata, causando pi\u00f9 di trentamila morti. In vista del 2027, la Wmo ha avviato un piano preventivo per trasformare i servizi idro-meteorologici in tempestive misure di allerta e protezione. Per l\u2019Italia le proiezioni indicano un autunno di piogge intense che aggraver\u00e0 il rischio idrogeologico. La combinazione tra <b>siccit\u00e0 estiva<\/b> e successive <b>precipitazioni violente<\/b> \u00e8 critica: i terreni aridi non assorbono l\u2019acqua, mandando in affaticamento le infrastrutture idriche. Questo scenario getta nuove ombre sul settore agricolo, minacciando in particolare i raccolti di grano duro, vite e ulivo.<\/p>\n<p class=\"atext\">Sebbene El Ni\u00f1o sia un fenomeno ciclico e naturale, indipendente dall\u2019uomo da millenni, la sua attuale portata e intensit\u00e0 non \u00e8 casuale n\u00e9 incondizionata.IL 2027 potrebbe rivelarsi l\u2019anno pi\u00f9 caldo di sempre o confermare un trend ascendente. In entrambi i casi, l\u2019attenzione resta alta.<\/p>\n","protected":false},"excerpt":{"rendered":"Clima, Onu: &#8220;El Ni\u00f1o verso livelli eccezionali, pianeta in zona di pericolo&#8221; L\u2019effetto moltiplicatore Il pianeta \u00e8 un&hellip;\n","protected":false},"author":3,"featured_media":664841,"comment_status":"","ping_status":"","sticky":false,"template":"","format":"standard","meta":{"footnotes":"","_share_on_mastodon":"0"},"categories":[6],"tags":[14,8,1537,90,89,7,15,82,9,83,10,13,11,80,84,12,81,85],"class_list":["post-664840","post","type-post","status-publish","format-standard","has-post-thumbnail","category-ultime-notizie","tag-cronaca","tag-headlines","tag-it","tag-italia","tag-italy","tag-news","tag-notizie","tag-notizie-di-cronaca","tag-notizie-principali","tag-notiziedicronaca","tag-notizieprincipali","tag-titoli","tag-ultime-notizie","tag-ultime-notizie-di-cronaca","tag-ultime-notizie-e-news-di-oggi","tag-ultimenotizie","tag-ultimenotiziedicronaca","tag-ultimenotizieenewsdioggi"],"share_on_mastodon":{"url":"https:\/\/pubeurope.com\/@it\/117213494183794149","error":""},"_links":{"self":[{"href":"https:\/\/www.europesays.com\/it\/wp-json\/wp\/v2\/posts\/664840","targetHints":{"allow":["GET"]}}],"collection":[{"href":"https:\/\/www.europesays.com\/it\/wp-json\/wp\/v2\/posts"}],"about":[{"href":"https:\/\/www.europesays.com\/it\/wp-json\/wp\/v2\/types\/post"}],"author":[{"embeddable":true,"href":"https:\/\/www.europesays.com\/it\/wp-json\/wp\/v2\/users\/3"}],"replies":[{"embeddable":true,"href":"https:\/\/www.europesays.com\/it\/wp-json\/wp\/v2\/comments?post=664840"}],"version-history":[{"count":0,"href":"https:\/\/www.europesays.com\/it\/wp-json\/wp\/v2\/posts\/664840\/revisions"}],"wp:featuredmedia":[{"embeddable":true,"href":"https:\/\/www.europesays.com\/it\/wp-json\/wp\/v2\/media\/664841"}],"wp:attachment":[{"href":"https:\/\/www.europesays.com\/it\/wp-json\/wp\/v2\/media?parent=664840"}],"wp:term":[{"taxonomy":"category","embeddable":true,"href":"https:\/\/www.europesays.com\/it\/wp-json\/wp\/v2\/categories?post=664840"},{"taxonomy":"post_tag","embeddable":true,"href":"https:\/\/www.europesays.com\/it\/wp-json\/wp\/v2\/tags?post=664840"}],"curies":[{"name":"wp","href":"https:\/\/api.w.org\/{rel}","templated":true}]}}