{"id":664848,"date":"2026-09-04T15:40:21","date_gmt":"2026-09-04T15:40:21","guid":{"rendered":"https:\/\/www.europesays.com\/it\/664848\/"},"modified":"2026-09-04T15:40:21","modified_gmt":"2026-09-04T15:40:21","slug":"tour-of-istanbul-2026-tripletta-azzurra-giovanni-lonardi-trionfa-su-michele-gazzoli-e-matteo-regnanti","status":"publish","type":"post","link":"https:\/\/www.europesays.com\/it\/664848\/","title":{"rendered":"Tour of Istanbul 2026, tripletta azzurra! Giovanni Lonardi trionfa su Michele Gazzoli e Matteo Regnanti"},"content":{"rendered":"<p>\t\t<img width=\"1200\" height=\"800\" src=\"https:\/\/www.europesays.com\/it\/wp-content\/uploads\/2026\/09\/Giovanni-Lonardi-Tappa-2-Tour-of-Istanbul-2026.jpg\" class=\"attachment-full size-full wp-post-image\" alt=\"\" data-main-img=\"1\" decoding=\"async\" fetchpriority=\"high\"  \/><\/p>\n<p>\t\t\t\t\t\t\t \u00a9 Tour of Istanbul<\/p>\n<p>\t\t\t\t\t<a href=\"https:\/\/cyclingpro.net\/spaziociclismo\/altro\/scopri-lapp-ufficiale-di-spaziociclismo\/\" title=\"\" rel=\"nofollow noopener\" target=\"_blank\"><br \/>\n\t\t\t\t\t\t<img loading=\"lazy\" decoding=\"async\" src=\"https:\/\/www.europesays.com\/it\/wp-content\/uploads\/2025\/09\/1758060682_662_Banner-App-SpazioCiclismo.png\" alt=\"\" width=\"728\" height=\"91\"\/><br \/>\n\t\t\t\t\t<\/a><\/p>\n<p>Podio tutto italiano nella seconda tappa del <strong>Tour of Istanbul 2026<\/strong>. Ad imporsi sul traguardo di <strong>\u015eile<\/strong>, al termine di una tappa nervosa con stessa localit\u00e0 di partenza, la vittoria si \u00e8 decisa in volata e sono stati gli azzurri a farsi notare conquistando le prime tre posizioni. La vittoria \u00e8 infatti andata a <strong>Giovanni Lonardi<\/strong> (Team Polti VisitMalta) davanti a <strong>Michele Gazzoli<\/strong> e <strong>Matteo Regnanti<\/strong>, entrambi della <strong>Solution Tech NIPPO Rali<\/strong>. Tra i piazzati anche altri due italiani, <strong>Mirco Maestri<\/strong> (Team Polti VisitMalta) e <strong>Nicol\u00f2 Buratti<\/strong> (MBH Bank CSB Telecom Fort), rispettivamente ottavo e nono. Un risultato che comunque non cambia le prime posizioni della generale, dove al comando resta <strong>Baptiste Vadic<\/strong> (TotalEnergies), con quattro secondi di vantaggio su <strong>Alexandre Balmer<\/strong> (Solution Tech NIPPO Rali) e sei su <strong>Artem Fofonov<\/strong> (XDS Astana Development Team), anche se il vincitore di giornata si avvicina in quarta posizione, a dieci secondi.<\/p>\n<p> <a href=\"https:\/\/cyclingpro.net\/spaziociclismo\/abbonati\/\" rel=\"nofollow noopener\" target=\"_blank\"><img decoding=\"async\" src=\"https:\/\/www.europesays.com\/it\/wp-content\/uploads\/2026\/07\/Banner-AdFree-SpazioCiclismo.png\"\/><\/a><\/p>\n<tr>\n<td>\n<p>        Ti piace il nostro racconto del ciclismo? Leggi senza interruzioni!<\/p>\n<p>Abbonati a <strong>SpazioCiclismo AdFree<\/strong> per eliminare il 100% della pubblicit\u00e0 e caricare le pagine al massimo della velocit\u00e0. Con poco pi\u00f9 di un caff\u00e8 al mese sostieni il nostro giornalismo sul posto e non perdi nemmeno un secondo della corsa.<\/p>\n<p>        <a href=\"https:\/\/cyclingpro.net\/spaziociclismo\/abbonati\/\" rel=\"nofollow noopener\" target=\"_blank\">Provalo Gratis!<\/a><\/td>\n<\/tr>\n<tr>\n<td>\n         \ud83d\udeb4\u200d\u2642\ufe0f\ud83d\udeb4\u200d\u2640\ufe0f Sostieni il ciclismo che ami  \ud83d\udeb4\u200d\u2642\ufe0f\ud83d\udeb4\u200d\u2640\ufe0f<\/p>\n<p>Se apprezzi i nostri approfondimenti, le interviste e le dirette dalla strada, fai un passo in pi\u00f9.<br \/>Abbonandoti a <strong>SpazioCiclismo AdFree<\/strong> sostieni la nostra redazione indipendente e navighi sul sito in modo fluido, veloce e <strong>senza alcun banner pubblicitario<\/strong>.<\/p>\n<p>    <a href=\"https:\/\/cyclingpro.net\/spaziociclismo\/abbonati\/\" class=\"cta-btn-link\" rel=\"nofollow noopener\" target=\"_blank\">Provalo subito gratuitamente \u2192<\/a><\/td>\n<\/tr>\n<tr>\n<td>\n        <strong>\ud83d\udeab STOP alla pubblicit\u00e0, S\u00cc alla velocit\u00e0.<\/strong><\/p>\n<p>Guarda classifiche e dirette senza distrazioni. <br \/>Sostieni i nostri inviati e naviga al massimo della velocit\u00e0.<\/p>\n<\/td>\n<\/tr>\n<p>Risultati e Classifiche Tappa 2 Tour of Istanbul 2026<\/p>\n<p>\ufeff\ufeff\ufeff\ufeff\ufeff\ufeff\ufeff\ufeff\ufeff\ufeff\ufeff\ufeff\ufeff\ufeff\ufeff\ufeff\ufeff\ufeff\ufeff\ufeff\ufeff\ufeff\ufeff\ufeff\ufeff\ufeff\ufeff\ufeff\ufeff\ufeff\ufeff\ufeff\ufeff\ufeff\ufeff\ufeff\ufeff\ufeff\ufeff\ufeff\ufeff\ufeff\ufeff\ufeff\ufeff\ufeff\ufeff\ufeff\ufeff\ufeff\ufeff\ufeff\ufeff\ufeff\ufeff\ufeff\ufeff<\/p>\n<p>Seguici<\/p>\n<p>\t\t\t\t\t\t\t\t\t\t<a href=\"https:\/\/news.google.com\/publications\/CAAqKQgKIiNDQklTRkFnTWFoQUtEbU41WTJ4cGJtZHdjbTh1Ym1WMEtBQVAB?hl=it&amp;gl=IT&amp;ceid=IT%3Ait\" title=\"Google News\" target=\"_blank\" rel=\"nofollow noopener\" class=\"post-followus-btn google-new-btn\"><br \/>\n\t\t\t\t\t\t<img decoding=\"async\" src=\"https:\/\/cyclingpro.net\/spaziociclismo\/wp-content\/themes\/jannah\/assets\/images\/google-news.svg\" alt=\"Google News\" loading=\"lazy\" width=\"120\" height=\"22\"\/><br \/>\n\t\t\t\t\t<\/a><br \/>\n\t\t\t\t\t\t\t\t\t\t<a href=\"https:\/\/flipboard.com\/@SpazioCiclismo\" title=\"Flipboard\" target=\"_blank\" rel=\"nofollow noopener\" class=\"post-followus-btn flipboard-btn\"><br \/>\n\t\t\t\t\t\t<img decoding=\"async\" src=\"https:\/\/cyclingpro.net\/spaziociclismo\/wp-content\/themes\/jannah\/assets\/images\/flipboard.svg\" alt=\"Flipboard\" loading=\"lazy\" width=\"152\" height=\"30\"\/><br \/>\n\t\t\t\t\t<\/a><\/p>\n","protected":false},"excerpt":{"rendered":"\u00a9 Tour of Istanbul Podio tutto italiano nella seconda tappa del Tour of Istanbul 2026. Ad imporsi sul&hellip;\n","protected":false},"author":3,"featured_media":664849,"comment_status":"","ping_status":"","sticky":false,"template":"","format":"standard","meta":{"footnotes":"","_share_on_mastodon":"0"},"categories":[1456],"tags":[1824,1825,45444,1537,90,89,134590,132889,245,244,156033,358298],"class_list":["post-664848","post","type-post","status-publish","format-standard","has-post-thumbnail","category-ciclismo","tag-ciclismo","tag-cycling","tag-giovanni-lonardi","tag-it","tag-italia","tag-italy","tag-matteo-regnanti","tag-michele-gazzoli","tag-sport","tag-sports","tag-team-polti-visitmalta-2026","tag-tour-of-istanbul-2026"],"share_on_mastodon":{"url":"https:\/\/pubeurope.com\/@it\/117213530095947608","error":""},"_links":{"self":[{"href":"https:\/\/www.europesays.com\/it\/wp-json\/wp\/v2\/posts\/664848","targetHints":{"allow":["GET"]}}],"collection":[{"href":"https:\/\/www.europesays.com\/it\/wp-json\/wp\/v2\/posts"}],"about":[{"href":"https:\/\/www.europesays.com\/it\/wp-json\/wp\/v2\/types\/post"}],"author":[{"embeddable":true,"href":"https:\/\/www.europesays.com\/it\/wp-json\/wp\/v2\/users\/3"}],"replies":[{"embeddable":true,"href":"https:\/\/www.europesays.com\/it\/wp-json\/wp\/v2\/comments?post=664848"}],"version-history":[{"count":0,"href":"https:\/\/www.europesays.com\/it\/wp-json\/wp\/v2\/posts\/664848\/revisions"}],"wp:featuredmedia":[{"embeddable":true,"href":"https:\/\/www.europesays.com\/it\/wp-json\/wp\/v2\/media\/664849"}],"wp:attachment":[{"href":"https:\/\/www.europesays.com\/it\/wp-json\/wp\/v2\/media?parent=664848"}],"wp:term":[{"taxonomy":"category","embeddable":true,"href":"https:\/\/www.europesays.com\/it\/wp-json\/wp\/v2\/categories?post=664848"},{"taxonomy":"post_tag","embeddable":true,"href":"https:\/\/www.europesays.com\/it\/wp-json\/wp\/v2\/tags?post=664848"}],"curies":[{"name":"wp","href":"https:\/\/api.w.org\/{rel}","templated":true}]}}