{"id":664864,"date":"2026-09-04T15:51:18","date_gmt":"2026-09-04T15:51:18","guid":{"rendered":"https:\/\/www.europesays.com\/it\/664864\/"},"modified":"2026-09-04T15:51:18","modified_gmt":"2026-09-04T15:51:18","slug":"gasperini-su-roma-atalanta-dybala-esami-ok","status":"publish","type":"post","link":"https:\/\/www.europesays.com\/it\/664864\/","title":{"rendered":"Gasperini su Roma-Atalanta: &#8220;Dybala, esami ok&#8221;"},"content":{"rendered":"<p>                                Il tecnico giallorosso sulla partita di domani contro l&#8217;Atalanta: &#8220;Deve essere una prova di forza, il calendario nelle prime 10-12 giornate ci metter\u00e0 di fronte a molte squadre di alta classifica. Dobbiamo stare attenti&#8221;<\/p>\n<p>            <a class=\"image is-50x50\" href=\"https:\/\/www.gazzetta.it\/redazione\/alessio-durso\/\" rel=\"nofollow noopener\" target=\"_blank\"><br \/>\n                <img decoding=\"async\" class=\"is-rounded\" src=\"https:\/\/www.europesays.com\/it\/wp-content\/uploads\/2026\/09\/alessio-durso.png\" alt=\"Alessio D'Urso\"\/><br \/>\n            <\/a><\/p>\n<p>Giornalista<\/p>\n<p>                    4 settembre &#8211; 14:43  &#8211; MILANO<\/p>\n<p class=\"paragraph\" spellcheck=\"true\">La calma dei forti. Gian Piero Gasperini si avvicina alla &#8220;sfida speciale&#8221; con la &#8220;sua&#8221; Atalanta (allenata per nove stagioni prima di approdare la scorsa stagione nella Capitale) con la consapevolezza di avere a disposizione una Roma piena di valori: &#8220;Prova di maturit\u00e0? Questa squadra l\u2019ha mostrata in tanti modi. Direi che dovr\u00e0 essere invece una prova di forza, il calendario nelle prime 10-12 giornate ci metter\u00e0 di fronte a molte squadre di alta classifica. Nelle prossime affronteremo Atalanta, Inter, Como, Napoli, in pi\u00f9 la Champions a cominciare da gioved\u00ec. Affrontiamo domani un\u2019Atalanta di valore che \u00e8 partita bene.\u00a0\u00c8 gi\u00e0 un incontro che vale assolutamente l&#8217;Europa che conta&#8221;.<\/p>\n<p>        dubbio dybala\u2014 \u00a0<\/p>\n<p class=\"paragraph\" spellcheck=\"true\">A 24 ore dal match di domani solo un dubbio accompagna la vigilia del match di Gasp: quello relativo a Paulo Dybala (affaticamento muscolare. Ma anche in questo caso l\u2019allenatore mostra assoluta serenit\u00e0: &#8220;Gli esami non hanno evidenziato niente per Paulo. Oggi prova. L\u2019importante \u00e8 che si senta sicuro e tranquillo. Bisogna che sia sicuro di poter giocare. Sono tre partite importanti quelle con Atalanta, Fenerbahce e Torino e bisogna essere al meglio. Mora? Abbiamo giocato due partite e ne ha giocate due su due. Titolare, riserve, non \u00e8 cos\u00ec. Spero che questo messaggio passi\u2026&#8221;. Poi il tecnico si sofferma anche sul fronte mercato, quello degli svincolati. E spiega: &#8220;Credo sia molto difficile, non so quali possano essere le opportunit\u00e0, non ci conterei moltissimo. Salah-Eddine? Ha avuto almeno tre-quattro opportunit\u00e0 che ha rifiutato. Ho fatto delle scelte sull\u2019aspetto tecnico, non rientra nei piani&#8221;.<\/p>\n<p>        malen\u2014 \u00a0<\/p>\n<p class=\"paragraph\" spellcheck=\"true\">Gasp scatener\u00e0 un attacco presumibilmente con Mora e Soul\u00e9 dietro a Malen. Con Castro pronto a giocarsi le sue carte, sia partendo dalla trequarti che in attacco. Proprio su Malen, capocannoniere, lanciatissimo, il tecnico ha evidenziato come l\u2019attaccante possa avvicinarsi al record di gol (36) di Gonzalo Higuain, cui \u00e8 stato paragonato per caratteristiche, forza e fiuto del gol. E in cosa, quindi, pu\u00f2 ancora migliorare l\u2019attaccante dell\u2019Olanda? Ha ancora degli ulteriori margini di miglioramento? &#8220;Donyell ha segnato di destro e di sinistro, forse gli manca nel repertorio qualche gol di testa, magari, proviamo\u2026 (e ride, ndr)&#8221;. E poi, allargando il discorso: &#8220;In attacco sono tutti giocatori duttili che possono giocare in pi\u00f9 posizioni. Castro e Mora entreranno ancora di pi\u00f9 nelle rotazioni&#8221;.<\/p>\n<p><a class=\"is-partner-link\" href=\"https:\/\/ad.doubleclick.net\/ddm\/trackclk\/N1792338.340088CAIRORCSMEDIAS.P.\/B28038690.452531709;dc_trk_aid=646241311;dc_trk_cid=173665161;dc_lat=;dc_rdid=;tag_for_child_directed_treatment=;tfua=;gdpr=%24%7BGDPR%7D;gdpr_consent=%24%7BGDPR_CONSENT_755%7D;ltd=;dc_tdv=1\" rel=\"nofollow noopener\" target=\"_blank\">Guarda tutte le partite di Serie A Enilive in esclusiva nei locali Sky! Trova il locale pi\u00f9 vicino a te.<\/a><\/p>\n<p>        a cena con&#8230;\u2014 \u00a0<\/p>\n<p class=\"paragraph\" spellcheck=\"true\">L\u2019allenatore, infine, \u00e8 tornato sulla sua ex squadra, l\u2019Atalanta, di cui \u00e8 stato per anni lo stratega e il leader spirituale: &#8220;I nerazzurri sono cresciuti negli anni e hanno superato non solo la Roma ma diverse squadre. Ci sono stati tanti scontri ravvicinati nelle giornate finali che potevano determinare la classifica&#8221;. Una battuta finale Gasp la dedica a Francesco Totti, con cui non esclude di andare di nuovo a cena. Si parler\u00e0 ancora di futuro in giallorosso?\u00a0 &#8220;Assolutamente no, quella \u00e8 una questione che non mi riguarda \u2013 conclude il tecnico -. io mi sento libero di parlare con le persone con le quali mi sento bene. Una libert\u00e0 che mi concedo&#8221;.<\/p>\n<p class=\"is-copyright\">\u00a9 RIPRODUZIONE RISERVATA<\/p>\n","protected":false},"excerpt":{"rendered":"Il tecnico giallorosso sulla partita di domani contro l&#8217;Atalanta: &#8220;Deve essere una prova di forza, il calendario nelle&hellip;\n","protected":false},"author":3,"featured_media":664865,"comment_status":"","ping_status":"","sticky":false,"template":"","format":"standard","meta":{"footnotes":"","_share_on_mastodon":"0"},"categories":[176],"tags":[1960,7554,118194,11965,569,562,765,3439,8597,366391,366392,2712,14257,1932,1690,366393,1341,18967,6104,3085,24330,1346,366394,366395,5593,5288,1889,1911,366396,366397,1976,399,1537,90,89,130882,1894,74672,4696,245,244,10976,3375],"class_list":["post-664864","post","type-post","status-publish","format-standard","has-post-thumbnail","category-sport","tag-allenatore","tag-alta","tag-alta-classifica","tag-assolutamente","tag-atalanta","tag-attaccante","tag-attacco","tag-bisogna","tag-calendario","tag-calendario-prime","tag-calendario-prime-giornate","tag-castro","tag-cena","tag-classifica","tag-domani","tag-domani-atalanta","tag-dubbio","tag-dybala","tag-esami","tag-europa","tag-evidenziato","tag-fronte","tag-fronte-molte","tag-fronte-molte-squadre","tag-gasp","tag-giallorosso","tag-giocare","tag-giornate","tag-giornate-mettera","tag-giornate-mettera-fronte","tag-gol","tag-incontro","tag-it","tag-italia","tag-italy","tag-malen","tag-match","tag-mora","tag-prova","tag-sport","tag-sports","tag-squadre","tag-tecnico"],"share_on_mastodon":{"url":"","error":""},"_links":{"self":[{"href":"https:\/\/www.europesays.com\/it\/wp-json\/wp\/v2\/posts\/664864","targetHints":{"allow":["GET"]}}],"collection":[{"href":"https:\/\/www.europesays.com\/it\/wp-json\/wp\/v2\/posts"}],"about":[{"href":"https:\/\/www.europesays.com\/it\/wp-json\/wp\/v2\/types\/post"}],"author":[{"embeddable":true,"href":"https:\/\/www.europesays.com\/it\/wp-json\/wp\/v2\/users\/3"}],"replies":[{"embeddable":true,"href":"https:\/\/www.europesays.com\/it\/wp-json\/wp\/v2\/comments?post=664864"}],"version-history":[{"count":0,"href":"https:\/\/www.europesays.com\/it\/wp-json\/wp\/v2\/posts\/664864\/revisions"}],"wp:featuredmedia":[{"embeddable":true,"href":"https:\/\/www.europesays.com\/it\/wp-json\/wp\/v2\/media\/664865"}],"wp:attachment":[{"href":"https:\/\/www.europesays.com\/it\/wp-json\/wp\/v2\/media?parent=664864"}],"wp:term":[{"taxonomy":"category","embeddable":true,"href":"https:\/\/www.europesays.com\/it\/wp-json\/wp\/v2\/categories?post=664864"},{"taxonomy":"post_tag","embeddable":true,"href":"https:\/\/www.europesays.com\/it\/wp-json\/wp\/v2\/tags?post=664864"}],"curies":[{"name":"wp","href":"https:\/\/api.w.org\/{rel}","templated":true}]}}