{"id":664873,"date":"2026-09-04T15:56:16","date_gmt":"2026-09-04T15:56:16","guid":{"rendered":"https:\/\/www.europesays.com\/it\/664873\/"},"modified":"2026-09-04T15:56:16","modified_gmt":"2026-09-04T15:56:16","slug":"chi-fa-la-guerra-ibrida-la-censura-ue-verso-la-russia-ci-impedisce-di-scoprire-la-verita","status":"publish","type":"post","link":"https:\/\/www.europesays.com\/it\/664873\/","title":{"rendered":"Chi fa la guerra ibrida? La censura Ue verso la Russia ci impedisce di scoprire la verit\u00e0"},"content":{"rendered":"<p class=\"ifq-post__label-soft-registration-title\">\n            Questo articolo \u00e8 gratis.        <\/p>\n<p class=\"ifq-post__label-soft-registration-text\">\n                Per leggerne altri, ricevere le newsletter e avere libero accesso ai contenuti scelti dalla redazione            <\/p>\n<p>            <a href=\"https:\/\/shop.ilfattoquotidiano.it\/registrati\/?ifq-reg-origin=regwall-soft-article-mondo\" class=\"ifq-post__label-soft-registration-button\" onclick=\"window.dataLayer = window.dataLayer || []; window.dataLayer.push({&#010;                    event: &#039;click_paywall&#039;,&#010;                    category: &#039;regwall&#039;,&#010;                    action: &#039;Articolo gratis - registrazione&#039;,&#010;                    label: &#039;Registrati - &#039; + (window.fscUser?.test?.regwall ?? &#039;unknown&#039;)&#010;                });\" rel=\"nofollow noopener\" target=\"_blank\"><br \/>\n                Registrati            <\/a><\/p>\n<p>Di chi sono i <strong>droni<\/strong> che ogni tanto sorvolano i cieli dei paesi membri della Nato? E\u2019 difficile scoprirlo. Possono essere <strong>russi<\/strong> ma anche <strong>ucraini,<\/strong> o dei servizi della Nato o di un paese Nato interessato a provocare tensioni, promuovere uno stato di guerra in tutta Europa e vendere pi\u00f9 armi. Tutto \u00e8 incerto: quello che per\u00f2 \u00e8 certo \u00e8 che l\u2019Ucraina ha fatto saltare il gasdotto Nord Stream2 tra Russia e Germania dando la colpa alla Russia, ed \u00e8 anche certissimo che le armi europee e della Nato manovrate dagli ucraini colpiscono il suolo russo e uccidono russi. Il governo Zelensky punta all\u2019escalation perch\u00e9 solo trascinando l\u2019Europa e il mondo in <strong>una folle guerra totale<\/strong> contro la Russia pu\u00f2 pensare di vincere un conflitto che altrimenti non potr\u00e0 mai vincere, e che infatti sta perdendo.<\/p>\n<p>L\u2019Ucraina \u00e8 gi\u00e0 distrutta ma <strong>Zelensky,<\/strong> pur di prevalere sui russi, non si preoccupa neppure del rischio di guerra nucleare. <a href=\"https:\/\/www.ilfattoquotidiano.it\/mondo\/live-post\/2026\/09\/02\/ue-kallas-attacchi-ibridi-russia-putin-germania\/8494499\/\" rel=\"nofollow noopener\" target=\"_blank\">Il cancelliere tedesco <strong>Merz<\/strong> e la tedesca Ursula von der Leyen lo assecondano in questa follia.<\/a> Dunque di chi \u00e8 la colpa dei droni nei cieli dei paesi Nato?<\/p>\n<p>La guerra \u00e8 guerra e, al di l\u00e0 delle ragioni e dei torti, solo dei deficienti o degli irresponsabili, come quelli che guidano la UE e la Nato, possono credere che i russi rimangano passivi di fronte agli attacchi fatti nel loro territorio con le armi occidentali (ma l\u2019America si \u00e8 gi\u00e0 sfilata). Prima o poi, se non cessa l\u2019escalation, la risposta ai missili e droni occidentali che colpiscono la Russia \u00e8 inevitabile. E la risposta di Mosca ai missili occidentali potrebbe essere molto ma molto pi\u00f9 dura di un drone.<\/p>\n<p>                <a href=\"https:\/\/www.ilfattoquotidiano.it\/2026\/09\/04\/usa-il-robot-aspirapolvere-per-filmare-il-tradimento-della-moglie-il-giudice-gli-assegna-500-mila-dollari-di-risarcimento-ma-viene-condannato-al-carcere-per-violazione-della-privacy\/8496538\/\" rel=\"nofollow noopener\" target=\"_blank\"><br \/>\n                    Usa il robot aspirapolvere per filmare il tradimento della moglie: il giudice gli assegna 500 mila dollari di risarcimento, ma viene condannato al carcere per violazione della privacy<br \/>\n                <\/a><br \/>\n                                    <img decoding=\"async\" loading=\"lazy\" src=\"https:\/\/www.europesays.com\/it\/wp-content\/uploads\/2026\/09\/AdobeStock_332956157-330x186.jpeg\" alt=\"Usa il robot aspirapolvere per filmare il tradimento della moglie: il giudice gli assegna 500 mila dollari di risarcimento, ma viene condannato al carcere per violazione della privacy\" width=\"330\" height=\"173\"\/><\/p>\n<p>            <a class=\"ifq-wrapper-custom-correlato__link\" href=\"https:\/\/www.ilfattoquotidiano.it\/2026\/09\/04\/usa-il-robot-aspirapolvere-per-filmare-il-tradimento-della-moglie-il-giudice-gli-assegna-500-mila-dollari-di-risarcimento-ma-viene-condannato-al-carcere-per-violazione-della-privacy\/8496538\/\" rel=\"nofollow noopener\" target=\"_blank\"><br \/>\n                Leggi articolo<\/p>\n<p>            <\/a><\/p>\n<p><strong>Putin,<\/strong> ovviamente, contesta la versione di Merz e di Ursula, e dice di non essere responsabile dei droni nei cieli della Nato. Il problema \u00e8 che per i cittadini europei non \u00e8 possibile valutare anche il punto di vista russo. Infatti fin dal luglio 2014, subito dopo l\u2019annessione della Crimea da parte della Federazione Russa,<a href=\"https:\/\/www.ilfattoquotidiano.it\/2026\/07\/29\/russia-today-censura-ue-liberta-stampa-notizie\/8461972\/\" rel=\"nofollow noopener\" target=\"_blank\"> l\u2019Unione Europea ha imposto la censura dei media russi.<\/a> La censura preventiva verso la Russia \u00e8 stata imposta da Bruxelles con il pretesto di <strong>\u201cproteggere\u201d i popoli europei<\/strong> dalla falsa propaganda russa: dunque la UE considera le cittadine e i cittadini europei alla stregua di persone minorate, non in grado di valutare in base alle diverse fonti le situazioni di conflitto geopolitico, e perci\u00f2 facili prede della disinformazione russa. Ma questo \u00e8 un insulto all\u2019intelligenza degli europei! La censura verso un paese con cui non siamo in guerra, come la Russia, \u00e8 un fatto gravissimo perch\u00e9 lede il diritto fondamentale alla Libert\u00e0 di Informazione garantita dall\u2019Articolo 21 della Costituzione Italiana. In realt\u00e0 la censura imposta dall\u2019Unione Europea sulla guerra in Ucraina fa diventare la UE del tutto simile agli Stati autocratici che cercano di controllare l\u2019opinione pubblica limitando la <strong>libert\u00e0 di informazione<\/strong> e reprimendo il libero dibattito e la democrazia.<\/p>\n<p>                <a href=\"https:\/\/www.ilfattoquotidiano.it\/2026\/09\/04\/epidemia-morbillo-kennedy-cdc-decessi-notizie\/8496493\/\" rel=\"nofollow noopener\" target=\"_blank\"><br \/>\n                    \u201cRobert Kennedy ha fatto cancellare ai Cdc due morti a causa del morbillo\u201d: la polemica negli Usa mentre esplodono i contagi<br \/>\n                <\/a><br \/>\n                                    <img decoding=\"async\" loading=\"lazy\" src=\"https:\/\/www.europesays.com\/it\/wp-content\/uploads\/2025\/08\/Kennedy-Jr-330x173.jpg\" alt=\"\u201cRobert Kennedy ha fatto cancellare ai Cdc due morti a causa del morbillo\u201d: la polemica negli Usa mentre esplodono i contagi\" width=\"330\" height=\"173\"\/><\/p>\n<p>            <a class=\"ifq-wrapper-custom-correlato__link\" href=\"https:\/\/www.ilfattoquotidiano.it\/2026\/09\/04\/epidemia-morbillo-kennedy-cdc-decessi-notizie\/8496493\/\" rel=\"nofollow noopener\" target=\"_blank\"><br \/>\n                Leggi articolo<\/p>\n<p>            <\/a><\/p>\n<p>La censura verso la Russia \u00e8 <strong>illegittima<\/strong> perch\u00e9 la censura verso un altro Stato \u00e8 un\u2019arma di guerra: ma gli Stati appartenenti all\u2019UE non hanno mai dichiarato guerra a Mosca. La censura UE alimenta il conflitto. Mosca per ritorsione nel 2024 ha censurato 81 media europei (tra cui la RAI): ma tutto questo porta alla guerra! La Costituzione Italiana per\u00f2 \u201c<strong>ripudia la guerra<\/strong> come mezzo di risoluzione delle controversie internazionali\u201d.<\/p>\n<p>In realt\u00e0 la censura UE e le relative sanzioni colpiscono non tanto la Russia ma soprattutto gli europei. Secondo i Regolamenti UE una tv o un sito web che riproducono, anche senza fini di lucro, e anche solo per spezzoni, le trasmissioni dei media russi, possono essere chiusi. La UE ha il potere di regolare l\u2019economia \u2013 che non a caso va male \u2013 ma non ha, e non dovrebbe avere, nessun potere sull\u2019informazione. La censura \u00e8 evidentemente mirata a considerare la Russia come<strong> un nemico naturale<\/strong> dell\u2019Europa. La UE per\u00f2 non ha censurato gli USA quando, contro il diritto internazionale, hanno invaso l\u2019Iran e il il Venezuela; e non censura Israele che ha bombardato donne e bambini a Gaza e massacra i palestinesi in Cisgiordania e altrove. Se la UE censura la Russia perch\u00e9 Putin \u00e8 un dittatore, allora dovrebbe censurare decine di paesi, tra cui tutti quelli arabi che ci vendono il petrolio!<\/p>\n<p>Ma questo Bruxelles non vuole certamente farlo!<\/p>\n<p>Fino a quando non ci sar\u00e0<strong> libert\u00e0 di informazione<\/strong> non potremo mai credere alle dichiarazioni e alle \u201cprove\u201d di Merz o di Ursula. Meloni solidarizza con loro, noi invece dovremmo fare guerra alla UE che vuole la guerra, e batterci per la libert\u00e0. Merz, Ursula e Mark Rutte, il capo guerrafondaio della Nato, devono andarsene. Una nuova politica europea dovrebbe riconoscere le cause vere del conflitto ucraino. Putin non ha invaso l\u2019Ucraina per ricomporre l\u2019impero russo. Il fatto \u00e8 che Mosca non pu\u00f2 tollerare che l\u2019Ucraina apra le porte alle basi Nato, proprio come negli anni Sessanta il presidente americano <strong>Kennedy<\/strong> non pot\u00e9 tollerare i missili russi a Cuba. Ogni grande potenza non pu\u00f2 accettare minacce mortali alla propria sicurezza. Occorre semplicemente riconoscere questo.<\/p>\n","protected":false},"excerpt":{"rendered":"Questo articolo \u00e8 gratis. Per leggerne altri, ricevere le newsletter e avere libero accesso ai contenuti scelti dalla&hellip;\n","protected":false},"author":3,"featured_media":664874,"comment_status":"","ping_status":"","sticky":false,"template":"","format":"standard","meta":{"footnotes":"","_share_on_mastodon":"0"},"categories":[160],"tags":[14,164,165,166,7,15,11,167,12,168,161,162,163],"class_list":["post-664873","post","type-post","status-publish","format-standard","has-post-thumbnail","category-mondo","tag-cronaca","tag-dal-mondo","tag-dalmondo","tag-mondo","tag-news","tag-notizie","tag-ultime-notizie","tag-ultime-notizie-di-mondo","tag-ultimenotizie","tag-ultimenotiziedimondo","tag-world","tag-world-news","tag-worldnews"],"share_on_mastodon":{"url":"https:\/\/pubeurope.com\/@it\/117213593719887587","error":""},"_links":{"self":[{"href":"https:\/\/www.europesays.com\/it\/wp-json\/wp\/v2\/posts\/664873","targetHints":{"allow":["GET"]}}],"collection":[{"href":"https:\/\/www.europesays.com\/it\/wp-json\/wp\/v2\/posts"}],"about":[{"href":"https:\/\/www.europesays.com\/it\/wp-json\/wp\/v2\/types\/post"}],"author":[{"embeddable":true,"href":"https:\/\/www.europesays.com\/it\/wp-json\/wp\/v2\/users\/3"}],"replies":[{"embeddable":true,"href":"https:\/\/www.europesays.com\/it\/wp-json\/wp\/v2\/comments?post=664873"}],"version-history":[{"count":0,"href":"https:\/\/www.europesays.com\/it\/wp-json\/wp\/v2\/posts\/664873\/revisions"}],"wp:featuredmedia":[{"embeddable":true,"href":"https:\/\/www.europesays.com\/it\/wp-json\/wp\/v2\/media\/664874"}],"wp:attachment":[{"href":"https:\/\/www.europesays.com\/it\/wp-json\/wp\/v2\/media?parent=664873"}],"wp:term":[{"taxonomy":"category","embeddable":true,"href":"https:\/\/www.europesays.com\/it\/wp-json\/wp\/v2\/categories?post=664873"},{"taxonomy":"post_tag","embeddable":true,"href":"https:\/\/www.europesays.com\/it\/wp-json\/wp\/v2\/tags?post=664873"}],"curies":[{"name":"wp","href":"https:\/\/api.w.org\/{rel}","templated":true}]}}