{"id":664888,"date":"2026-09-04T16:12:13","date_gmt":"2026-09-04T16:12:13","guid":{"rendered":"https:\/\/www.europesays.com\/it\/664888\/"},"modified":"2026-09-04T16:12:13","modified_gmt":"2026-09-04T16:12:13","slug":"il-miliardario-brendan-blumer-e-salvatore-spano-sposi-in-sardegna-chi-sono-e-cosa-fanno","status":"publish","type":"post","link":"https:\/\/www.europesays.com\/it\/664888\/","title":{"rendered":"Il miliardario Brendan Blumer e Salvatore Spano sposi in Sardegna: chi sono e cosa fanno"},"content":{"rendered":"<p data-journey-content=\"true\" data-node-id=\"3\" class=\"css-1ood0zq emevuu60\"><strong data-node-id=\"3.0\">Continuano le nozze vip nel Bel Paese<\/strong>. Dopo il matrimonio di <strong data-node-id=\"3.2\">Dua Lipa e Callum Turner <\/strong>a <a href=\"https:\/\/www.elle.com\/it\/lifestyle\/a71484551\/dua-lipa-matrimonio-villa-valguarnera\/\" target=\"_blank\" data-vars-ga-outbound-link=\"https:\/\/www.elle.com\/it\/lifestyle\/a71484551\/dua-lipa-matrimonio-villa-valguarnera\/\" data-vars-ga-ux-element=\"Hyperlink\" data-vars-ga-call-to-action=\"Villa Valguarnera a Bagheria, nel palermitano\" data-node-id=\"3.4\" class=\"body-link css-ohbdae emevuu60\" rel=\"nofollow noopener\">Villa Valguarnera a Bagheria, nel palermitano<\/a>, e quello di <strong data-node-id=\"3.6\">Aurora Ramazzotti e Goffredo Cerza<\/strong> al <a href=\"https:\/\/www.elle.com\/it\/showbiz\/celebrities\/a71822822\/aurora-ramazzotti-goffredo-cerza-matrimonio-sicilia-foto-news\/\" target=\"_blank\" data-vars-ga-outbound-link=\"https:\/\/www.elle.com\/it\/showbiz\/celebrities\/a71822822\/aurora-ramazzotti-goffredo-cerza-matrimonio-sicilia-foto-news\/\" data-vars-ga-ux-element=\"Hyperlink\" data-vars-ga-call-to-action=\"Castello Xirumi a Serravalle di Lentini\" data-node-id=\"3.8\" class=\"body-link css-ohbdae emevuu60\" rel=\"nofollow noopener\">Castello Xirumi a Serravalle di Lentini<\/a>, nel siracusano, tocca alla coppia composta dal <strong data-node-id=\"3.10\">miliardario Brendan Blumer e il compagno Salvatore Spano <\/strong>pronunciare il fatidico &#8220;s\u00ec&#8221; in Italia.<\/p>\n<p>Il legame con la Sardegna<\/p>\n<p data-journey-content=\"true\" data-node-id=\"9\" class=\"css-1ood0zq emevuu60\"><strong data-node-id=\"9.0\">La coppia, che convoler\u00e0 a nozze domani 5 settembre, ha scelto la <a href=\"https:\/\/www.elle.com\/it\/cucina\/ristoranti\/a73365351\/sardegna-cascioni-eco-retreat\/\" target=\"_blank\" data-vars-ga-outbound-link=\"https:\/\/www.elle.com\/it\/cucina\/ristoranti\/a73365351\/sardegna-cascioni-eco-retreat\/\" data-vars-ga-ux-element=\"Hyperlink\" data-vars-ga-call-to-action=\"Sardegna\" data-node-id=\"9.0.1\" class=\"body-link css-ohbdae emevuu60\" rel=\"nofollow noopener\">Sardegna<\/a> come cornice del proprio amore<\/strong>. L&#8217;isola infatti, oltre a essere la terra natale di Spano, di origini olbiesi, occupa un posto speciale della coppia che, proprio in <strong data-node-id=\"9.2\">Costa Smeralda<\/strong>, si \u00e8 incontrata per la prima volta mentre l&#8217;italiano lavorava in una boutique del lusso.<\/p>\n<p>La villa a Porto Cervo<\/p>\n<p data-journey-content=\"true\" data-node-id=\"15\" class=\"css-1ood0zq emevuu60\">Terra di mare, sole e amore, <strong data-node-id=\"15.1\">a <a href=\"https:\/\/www.elle.com\/it\/cucina\/ristoranti\/a71818371\/langosteria-ristorante-porto-cervo\/\" target=\"_blank\" data-vars-ga-outbound-link=\"https:\/\/www.elle.com\/it\/cucina\/ristoranti\/a71818371\/langosteria-ristorante-porto-cervo\/\" data-vars-ga-ux-element=\"Hyperlink\" data-vars-ga-call-to-action=\"Porto Cervo\" data-node-id=\"15.1.1\" class=\"body-link css-ohbdae emevuu60\" rel=\"nofollow noopener\">Porto Cervo<\/a> il tycoon statunitense possiede una splendida dimora di 350 metri quadrati immersa in un parco di 2,3 ettari del valore di 160 milioni di euro<\/strong>. Composta da 28 camere da letto, 35 bagni, varie terrazze, un accesso privato a due spiagge, pontili a uso privato, tre piscine e diversi giardini, questa super villa della Costa Smeralda \u00e8 appartenuta fino al 1973 a Henry Ford II, il nipote del proprietario del brand automobilistico e poi ad Ahmed Zaki Yamani, ex ministro del Petrolio e delle Risorse Minerarie dell&#8217;Arabia Saudita.<\/p>\n<p>La cerimonia e gli ospiti vip  <\/p>\n<p data-journey-content=\"true\" data-node-id=\"22\" class=\"css-1ood0zq emevuu60\"><strong data-node-id=\"22.0\"> I festeggiamenti, che avverranno in diverse location esclusive della Gallura, tra cui Olbia, Romazzino, Capriccioli e San Pantaleo<\/strong>, sono gi\u00e0 iniziati con una serata speciale al Gala Night, svoltosi in un hotel di lusso della Gallura dove un posto a tavola aveva il costo di circa 15mila euro. I futuri sposi hanno poi assistito, insieme ad alcuni amici, al concerto esclusivo della cantante <strong data-node-id=\"22.2\">Katy Perry<\/strong>. In programma per stasera, 4 settembre c&#8217;\u00e8 invece una festa esclusiva a bordo del traghetto Agata, attualmente attraccato nel porto di Olbia, per un radicale intervento di trasformazione in resort di lusso galleggiante, che ospiter\u00e0 l&#8217;atteso party con vista su Capo Figari. In quell&#8217;occasione sar\u00e0 allestito un palco destinato alle esibizioni di <strong data-node-id=\"22.4\"><a href=\"https:\/\/www.elle.com\/it\/showbiz\/musica\/a64088571\/lady-gaga-intervista-elle-2025\/\" target=\"_blank\" data-vars-ga-outbound-link=\"https:\/\/www.elle.com\/it\/showbiz\/musica\/a64088571\/lady-gaga-intervista-elle-2025\/\" data-vars-ga-ux-element=\"Hyperlink\" data-vars-ga-call-to-action=\"Lady Gaga\" data-node-id=\"22.4.0\" class=\"body-link css-ohbdae emevuu60\" rel=\"nofollow noopener\">Lady Gaga<\/a><\/strong> e dei <strong data-node-id=\"22.6\"><a href=\"https:\/\/www.elle.com\/it\/magazine\/women-in-society\/a69847246\/concerto-coldplay-coppia-amanti-kristin-cabot-minacce\/\" target=\"_blank\" data-vars-ga-outbound-link=\"https:\/\/www.elle.com\/it\/magazine\/women-in-society\/a69847246\/concerto-coldplay-coppia-amanti-kristin-cabot-minacce\/\" data-vars-ga-ux-element=\"Hyperlink\" data-vars-ga-call-to-action=\"Coldplay\" data-node-id=\"22.6.0\" class=\"body-link css-ohbdae emevuu60\" rel=\"nofollow noopener\">Coldplay<\/a><\/strong>. A rendere ancora pi\u00f9 speciale il grande giorno della coppia, il 5 settembre ci saranno invece <strong data-node-id=\"22.8\">Giorgia, <a href=\"https:\/\/www.elle.com\/it\/moda\/ultime-notizie\/a69984082\/laura-pausini-come-si-veste-evoluzione-stile-moda\/\" target=\"_blank\" data-vars-ga-outbound-link=\"https:\/\/www.elle.com\/it\/moda\/ultime-notizie\/a69984082\/laura-pausini-come-si-veste-evoluzione-stile-moda\/\" data-vars-ga-ux-element=\"Hyperlink\" data-vars-ga-call-to-action=\"Laura Pausini\" data-node-id=\"22.8.1\" class=\"body-link css-ohbdae emevuu60\" rel=\"nofollow noopener\">Laura Pausini<\/a>, Kygo e Rita Ora<\/strong>. Insomma, un parterre di artisti italiani e internazionali che canteranno daranno voce alle colonne sonore del loro amore.<br data-node-id=\"22.10\"\/><\/p>\n<p><img draggable=\"true\" alt=\"brendan blumer salvatore spano si sposano sardegna chi sono\" title=\"Brendan Blumer Salvatore Spano si sposano Sardegna chi sono\" loading=\"lazy\" width=\"4630\" height=\"2932\" decoding=\"async\" data-nimg=\"1\" style=\"color:transparent;width:100%;height:auto;\"   src=\"https:\/\/www.europesays.com\/it\/wp-content\/uploads\/2026\/09\/2ea8e560-cee3-4112-8cea-8c4d650ce22e.jpg\" class=\"css-0 e1ddfba50\"\/><a target=\"_blank\" rel=\"noopener nofollow\" data-theme-key=\"base-link\" href=\"https:\/\/pinterest.com\/pin\/create\/button\/?url=https:\/\/www.elle.com\/it\/showbiz\/celebrities\/a73552011\/brendan-blumer-salvatore-spano-matrimonio-sardegna-chi-sono\/&amp;description=elleitalia&amp;media=https:\/\/hips.hearstapps.com\/hmg-prod\/images\/2ea8e560-cee3-4112-8cea-8c4d650ce22e.jpg?resize=1600:*\" class=\"pinterest css-on9hn5 e1socmtw0\"><img decoding=\"async\" data-dynamic-svg=\"true\" src=\"https:\/\/www.elle.com\/_assets\/design-tokens\/fre\/static\/icons\/social\/pinterest.e8cf655.svg?primary=%2523ffffff\" loading=\"lazy\" data-testid=\"dynamic-svg-base\" height=\"auto\" width=\"auto\" alt=\"pinterest\" class=\"css-4lml0h e1mlxuuw1\"\/><\/a>picture alliance<\/p>\n<p>Brendan Blumer.<\/p>\n<p>Chi \u00e8 Brendan Blumer?<\/p>\n<p data-journey-content=\"true\" data-node-id=\"28\" class=\"css-1ood0zq emevuu60\">A un matrimonio di questa portata corrisponde un patrimonio miliardario. E infatti <strong data-node-id=\"28.1\">Brendan Blumer <\/strong>ha tutte le carte in regola per essere definito un<strong data-node-id=\"28.3\"> paperone del fintech<\/strong>. <strong data-node-id=\"28.5\">Classe 1986, Brendan Blumer \u00e8 nato a Cedar Rapids, in Iowa, e ha cominciato il suo percorso lavorativo nel 2001, a soli quindici anni, nel mondo del gaming<\/strong>. All&#8217;epoca infatti ha dato vita a <strong data-node-id=\"28.7\">Gamecliff<\/strong>, un sito per vendere oggetti virtuali in spazi di gioco online. Soltanto quattro anni dopo, la societ\u00e0 \u00e8 stata acquisita dalla IGE e Blumer si \u00e8 trasferito a Hong Kong, dove ha continuato a gestire operativamente l&#8217;azienda.<\/p>\n<p>Il business delle criptovalute<\/p>\n<p data-journey-content=\"true\" data-node-id=\"33\" class=\"css-1ood0zq emevuu60\"><strong data-node-id=\"33.0\">Inizi precoci e ascesa rapidissima per quello che \u00e8 chiamato &#8220;il re delle criptovalute&#8221;<\/strong>, che nel 2010 ha fondato <strong data-node-id=\"33.2\">Okay.com<\/strong>, una piattaforma di condivisione dati per gli agenti immobiliari operanti in Asia, ottenendo gi\u00e0 un discreto successo, ma che ha conosciuto la vera svolta nel 2017 con <strong data-node-id=\"33.4\">Block.one<\/strong>, una societ\u00e0 divenuta famosa per aver sviluppato il software blockchain <strong data-node-id=\"33.6\">EOS.IO<\/strong> in grado di elaborare milioni di dati al secondo e arrivata a raccogliere, solamente un anno dopo, oltre quattro miliardi di dollari. Proprio grazie a quella societ\u00e0, della quale <strong data-node-id=\"33.8\">oggi Blumer \u00e8 Ceo, nel 2018 Forbes lo ha incluso nella lista delle persone pi\u00f9 ricche al mondo<\/strong>, grazie a un patrimonio che, all&#8217;epoca, era composto da 700 milioni di dollari e che a oggi \u00e8 stimato attorno a <strong data-node-id=\"33.10\">1,3 miliardi <\/strong>di dollari. Oggi Blumer \u00e8 anche presidente di <strong data-node-id=\"33.12\">Bullish<\/strong>, un gruppo attivo negli asset digitali, e proprietario di <strong data-node-id=\"33.14\">CoinDesk<\/strong>.<\/p>\n<p><img decoding=\"async\" data-dynamic-svg=\"true\" src=\"https:\/\/www.elle.com\/_assets\/design-tokens\/fre\/static\/icons\/arrow-right.7440adc.svg?primary=%2523D4D4D4\" loading=\"lazy\" data-testid=\"dynamic-svg-base\" height=\"auto\" width=\"auto\" aria-label=\"Prev carousel button\" alt=\"Chevron Left Icon\" data-theme-key=\"icon-button-icon\" transform=\"scaleX(-1)\" class=\"css-14vtfey erhb41k0\"\/><img decoding=\"async\" data-dynamic-svg=\"true\" src=\"https:\/\/www.elle.com\/_assets\/design-tokens\/fre\/static\/icons\/arrow-right.7440adc.svg?primary=%25230f0f15\" loading=\"lazy\" data-testid=\"dynamic-svg-base\" height=\"auto\" width=\"auto\" aria-label=\"Next carousel button\" alt=\"Chevron Right Icon\" data-theme-key=\"icon-button-icon\" class=\"css-18znc9e erhb41k0\"\/>Chi \u00e8 il compagno Salvatore Spano?<\/p>\n<p data-journey-content=\"true\" data-node-id=\"40\" class=\"css-1ood0zq emevuu60\">Totalmente estraneo al mondo della finanza e delle cripto \u00e8 Salvatore Spano, quarantenne di origini olbiensi, conosciuto nella sua citt\u00e0 semplicemente come &#8220;Tore&#8221;. L&#8217;uomo lavora da anni nel settore del retail di alta moda e pare che la scintilla con Blumer sia scoccata proprio <strong data-node-id=\"40.1\">durante un turno di lavoro nella boutique Gucci in Costa Smeralda<\/strong>. Da allora la coppia ha vissuto la relazione con la massima riservatezza, fino all&#8217;annuncio delle nozze, che promettono di rubare la scena agli altri vip ospiti dell&#8217;isola.<br data-node-id=\"40.3\"\/><\/p>\n","protected":false},"excerpt":{"rendered":"Continuano le nozze vip nel Bel Paese. Dopo il matrimonio di Dua Lipa e Callum Turner a Villa&hellip;\n","protected":false},"author":3,"featured_media":664889,"comment_status":"","ping_status":"","sticky":false,"template":"","format":"standard","meta":{"footnotes":"","_share_on_mastodon":"0"},"categories":[1451],"tags":[361505,1621,1620,2912,203,204,1537,90,89,8866,361506,3954,1780],"class_list":["post-664888","post","type-post","status-publish","format-standard","has-post-thumbnail","category-celebrita","tag-brendan-blumer","tag-celebrita","tag-celebrities","tag-engagement","tag-entertainment","tag-intrattenimento","tag-it","tag-italia","tag-italy","tag-matrimonio","tag-salvatore-spano","tag-sardegna","tag-traffico"],"share_on_mastodon":{"url":"https:\/\/pubeurope.com\/@it\/117213656448286573","error":""},"_links":{"self":[{"href":"https:\/\/www.europesays.com\/it\/wp-json\/wp\/v2\/posts\/664888","targetHints":{"allow":["GET"]}}],"collection":[{"href":"https:\/\/www.europesays.com\/it\/wp-json\/wp\/v2\/posts"}],"about":[{"href":"https:\/\/www.europesays.com\/it\/wp-json\/wp\/v2\/types\/post"}],"author":[{"embeddable":true,"href":"https:\/\/www.europesays.com\/it\/wp-json\/wp\/v2\/users\/3"}],"replies":[{"embeddable":true,"href":"https:\/\/www.europesays.com\/it\/wp-json\/wp\/v2\/comments?post=664888"}],"version-history":[{"count":0,"href":"https:\/\/www.europesays.com\/it\/wp-json\/wp\/v2\/posts\/664888\/revisions"}],"wp:featuredmedia":[{"embeddable":true,"href":"https:\/\/www.europesays.com\/it\/wp-json\/wp\/v2\/media\/664889"}],"wp:attachment":[{"href":"https:\/\/www.europesays.com\/it\/wp-json\/wp\/v2\/media?parent=664888"}],"wp:term":[{"taxonomy":"category","embeddable":true,"href":"https:\/\/www.europesays.com\/it\/wp-json\/wp\/v2\/categories?post=664888"},{"taxonomy":"post_tag","embeddable":true,"href":"https:\/\/www.europesays.com\/it\/wp-json\/wp\/v2\/tags?post=664888"}],"curies":[{"name":"wp","href":"https:\/\/api.w.org\/{rel}","templated":true}]}}