{"id":664898,"date":"2026-09-04T16:18:18","date_gmt":"2026-09-04T16:18:18","guid":{"rendered":"https:\/\/www.europesays.com\/it\/664898\/"},"modified":"2026-09-04T16:18:18","modified_gmt":"2026-09-04T16:18:18","slug":"formula-1-week-evento-a-milano-dal-18-al-20-febbraio-2027-presentera-la-nuova-stagione","status":"publish","type":"post","link":"https:\/\/www.europesays.com\/it\/664898\/","title":{"rendered":"Formula 1 Week, evento a Milano dal 18 al 20 febbraio 2027: presenter\u00e0 la nuova stagione"},"content":{"rendered":"<p>                                Sar\u00e0 il capoluogo lombardo ad ospitare l\u2019evento di presentazione della prossima annata<\/p>\n<p>            <a class=\"image is-50x50\" href=\"https:\/\/www.gazzetta.it\/redazione\/giulia-toninelli\/\" rel=\"nofollow noopener\" target=\"_blank\"><br \/>\n                <img decoding=\"async\" class=\"is-rounded\" src=\"https:\/\/www.europesays.com\/it\/wp-content\/uploads\/2026\/05\/giulia-toninelli_avatar.png\" alt=\"Giulia Toninelli\"\/><br \/>\n            <\/a><\/p>\n<p>Giornalista<\/p>\n<p>                    4 settembre (modifica alle 15:28)  &#8211; MILANO<\/p>\n<p class=\"paragraph\" spellcheck=\"true\">&#8220;Milano \u00e8 sempre stata la settimana delle week: la fashion week, la design week\u2026 ma allora perch\u00e9 non avere una Formula 1 week, una settimana dedicata alla Formula 1?&#8221;. Il Presidente e CEO della Formula 1 Stefano Domenicali racconta cos\u00ec la nascita di un\u2019idea che oggi \u00e8 diventata realt\u00e0: in occasione del fine settimana del Gran Premio d\u2019Italia la F1 ha annunciato che sar\u00e0 Milano ad ospitare, il prossimo febbraio, l\u2019evento di presentazione Mondiale della nuova stagione di Formula 1. Un format ispirato a quello andato in scena due anni fa a Londra, dove in una serata esclusiva all\u2019O2 Arena vennero svelate le livree di tutte le monoposto di Formula 1, ma con il 2027 si punter\u00e0 ancora pi\u00f9 in alto. Milano non accoglier\u00e0 infatti soltanto una serata, ma tre giorni di show, eventi e appuntamenti dal 18 al 20 febbraio 2027.<\/p>\n<p>    Il programma\u2014 \u00a0<\/p>\n<p class=\"paragraph is-inline\" spellcheck=\"true\">F1 Live Milan offrir\u00e0 quindi ai fan due esperienze distinte: il Milan Fan Festival, che si svolger\u00e0 nell\u2019arco dei tre giorni, e F1 The Show, uno spettacolo ad alta intensit\u00e0, in programma per una sola serata, con la partecipazione dei piloti e dei team principal di tutte le 11 scuderie, oltre a musica, intrattenimento e molto altro. F1 The Show si svolger\u00e0 il 18 febbraio 2027, riunendo tutte le stelle della Formula 1 in un unico palco in un programma ricco di musica e intrattenimento per uno spettacolo indimenticabile capace di catturare lo spirito dello sport. F1 Live Milan si svolger\u00e0 poco prima dell\u2019inizio della stagione 2027 di Formula 1, il cui calendario \u00e8 ancora in fase di finalizzazione a causa del Conflitto in Medio Oriente che non cessa di preoccupare il circus e la sua relativa logistica. Ulteriori dettagli su F1 Live Milan, comprese le attivit\u00e0 previste per ciascuna giornata del Milan Fan Festival e il programma di F1 The Show, saranno svelati nei prossimi mesi. I biglietti saranno messi in vendita entro la fine dell\u2019anno e i fan potranno inoltre pre-registrare il proprio interesse alla partecipazione. Chi non potr\u00e0 partecipare all\u2019evento di Milano avr\u00e0 comunque la possibilit\u00e0 di vivere F1 Live Milan online, in diretta e sui social con canali dedicati.<\/p>\n<p><a class=\"is-partner-link\" href=\"https:\/\/www.nowtv.it\/sport?dcmp=SPORT_SOCIAL_AW_PROS_Motori_CairoRCS_Gazzetta_CTA&amp;ead-publisher=N1792338.340088CAIRORCSMEDIAS.P.&amp;ead-name=N1792338.340088CAIRORCSMEDIAS.P.-35025367&amp;ead-location=439955329&amp;ead-creative=249314339&amp;ead-creativetype=1x1&amp;dya=4b3d5\" rel=\"nofollow noopener\" target=\"_blank\">Non perderti tutti i Gran Premi di Formula 1\u00ae e MotoGP\u2122 in esclusiva streaming su NOW! Attiva il Pass Sport da 19,99\u20ac al mese.<\/a><\/p>\n<p>    Entusiasmo\u2014 \u00a0<\/p>\n<p class=\"paragraph is-inline\" spellcheck=\"true\">&#8220;\u00c8 un format che volevamo gi\u00e0 portare quest\u2019anno \u2013 ha spiegato Domenicali \u2013 ma con l\u2019introduzione del nuovo regolamento era prematuro dedicarsi anche a questo tipo di show. Ora vogliamo iniziare da Milano, una citt\u00e0 che da sempre accoglie con entusiasmo eventi di questo tipo, e poi l\u2019idea \u00e8 quella di esportare la cosa in giro per il mondo&#8221;. Un ulteriore slancio della Formula 1 verso un mercato in crescita, quello degli eventi live collaterali ai Gran Premi, che punta a raccogliere gli interessi diversi di un pubblico sempre pi\u00f9 giovane: &#8220;Pensiamo sempre in grande e puntiamo continuamente a superare i limiti, e F1 Live Milan sar\u00e0 un\u2019esperienza incredibile \u2013 ha continuato Domenicali &#8211; creata mettendo i nostri fan al centro. Vogliamo che sentano di non essere semplicemente spettatori dello sport, ma di essere davvero immersi al suo interno. \u00c8 una parte importante della nostra ambizione di avvicinare la F1 ai fan pi\u00f9 che mai, dando loro la possibilit\u00e0 di vedere da vicino i propri idoli e di vivere l\u2019energia, l\u2019innovazione e l\u2019emozione che rendono la Formula 1 cos\u00ec unica&#8221;.<\/p>\n<p class=\"is-copyright\">\u00a9 RIPRODUZIONE RISERVATA<\/p>\n","protected":false},"excerpt":{"rendered":"Sar\u00e0 il capoluogo lombardo ad ospitare l\u2019evento di presentazione della prossima annata Giornalista 4 settembre (modifica alle 15:28)&hellip;\n","protected":false},"author":3,"featured_media":664899,"comment_status":"","ping_status":"","sticky":false,"template":"","format":"standard","meta":{"footnotes":"","_share_on_mastodon":"0"},"categories":[176],"tags":[10323,9656,626,451,366410,5700,366411,1595,4631,17772,3341,366412,3336,128,204,1537,90,89,1562,366408,553,366413,366414,28,1539,366415,33426,897,9065,989,2936,245,244,577,366409,628,227186,72131],"class_list":["post-664898","post","type-post","status-publish","format-standard","has-post-thumbnail","category-sport","tag-domenicali","tag-entusiasmo","tag-eventi","tag-evento","tag-evento-presentazione","tag-fan","tag-fan-festival","tag-febbraio","tag-festival","tag-format","tag-formula","tag-formula-week","tag-gran","tag-idea","tag-intrattenimento","tag-it","tag-italia","tag-italy","tag-live","tag-live-milan","tag-milan","tag-milan-fan","tag-milan-fan-festival","tag-milano","tag-musica","tag-musica-intrattenimento","tag-ospitare","tag-programma","tag-serata","tag-settimana","tag-show","tag-sport","tag-sports","tag-stagione","tag-svolgera","tag-the","tag-the-show","tag-week"],"share_on_mastodon":{"url":"https:\/\/pubeurope.com\/@it\/117213680152628874","error":""},"_links":{"self":[{"href":"https:\/\/www.europesays.com\/it\/wp-json\/wp\/v2\/posts\/664898","targetHints":{"allow":["GET"]}}],"collection":[{"href":"https:\/\/www.europesays.com\/it\/wp-json\/wp\/v2\/posts"}],"about":[{"href":"https:\/\/www.europesays.com\/it\/wp-json\/wp\/v2\/types\/post"}],"author":[{"embeddable":true,"href":"https:\/\/www.europesays.com\/it\/wp-json\/wp\/v2\/users\/3"}],"replies":[{"embeddable":true,"href":"https:\/\/www.europesays.com\/it\/wp-json\/wp\/v2\/comments?post=664898"}],"version-history":[{"count":0,"href":"https:\/\/www.europesays.com\/it\/wp-json\/wp\/v2\/posts\/664898\/revisions"}],"wp:featuredmedia":[{"embeddable":true,"href":"https:\/\/www.europesays.com\/it\/wp-json\/wp\/v2\/media\/664899"}],"wp:attachment":[{"href":"https:\/\/www.europesays.com\/it\/wp-json\/wp\/v2\/media?parent=664898"}],"wp:term":[{"taxonomy":"category","embeddable":true,"href":"https:\/\/www.europesays.com\/it\/wp-json\/wp\/v2\/categories?post=664898"},{"taxonomy":"post_tag","embeddable":true,"href":"https:\/\/www.europesays.com\/it\/wp-json\/wp\/v2\/tags?post=664898"}],"curies":[{"name":"wp","href":"https:\/\/api.w.org\/{rel}","templated":true}]}}