{"id":664921,"date":"2026-09-04T16:38:13","date_gmt":"2026-09-04T16:38:13","guid":{"rendered":"https:\/\/www.europesays.com\/it\/664921\/"},"modified":"2026-09-04T16:38:13","modified_gmt":"2026-09-04T16:38:13","slug":"inter-chi-e-marello-il-18enne-inserito-in-lista-champions","status":"publish","type":"post","link":"https:\/\/www.europesays.com\/it\/664921\/","title":{"rendered":"Inter: chi \u00e8 Marello, il 18enne inserito in lista Champions"},"content":{"rendered":"<p>                                Esterno sinistro come il titolare del ruolo in nerazzurro, a 18 anni ha segnato all&#8217;esordio tra i pro&#8217; in Coppa Italia di C. Il tecnico romeno lo segue attentamente e pare pronto a lanciarlo tra i grandi<\/p>\n<p class=\"paragraph\" spellcheck=\"true\">Starsene in silenzio dietro Dimarco gli ha fatto bene. Mattia Marello &#8211; esterno a tutta fascia dell\u2019Under 23 dell&#8217;Inter, miglior difensore dell\u2019ultimo campionato Primavera \u2013 s\u2019\u00e8 fatto notare alla prima gara utile della stagione. Il 14 agosto, al debutto tra i professionisti, ha segnato al Vado in Coppa Italia Serie C, trasformando anche il primo rigore nerazzurro della lotteria. La banda Vecchi \u00e8 uscita al primo turno, ma Marello \u00e8 stato uno dei migliori in campo. Il merito \u00e8 anche di Fede, l\u2019uomo da sette gol e 17 assist nell\u2019ultima annata, visto da vicino in tourn\u00e9e.<\/p>\n<p>        chi \u00e8 marello\u2014 \u00a0<\/p>\n<p class=\"paragraph\" spellcheck=\"true\">Il motivo per cui ne parliamo riguarda un inno in tre lingue diffuso in tutta Europa: quello della Champions. Marello, 18 anni &#8211; <a href=\"\">nato lo stesso giorno del suo amico Matteo Palma<\/a>, centrale dell\u2019Udinese -, \u00e8 stato inserito nella lista per la grande coppa. Il tutto dopo un\u2019annata da top player in Primavera \u2013 10 assist a referto in campionato, pi\u00f9 altri 5 in Youth League\u2026 &#8211; e un buon ritiro coi grandi. Vecchi l\u2019ha schierato titolare in entrambi i match di Serie C contro Catania e Altamura, Chivu \u00e8 pronto a dargli un\u2019occasione come ha fatto in estate, quando l\u2019ha buttato dentro nel test contro i tedeschi del Karlsruhe. Marello \u00e8 un figlio del vivaio dell\u2019Udinese. Ha debuttato in Primavera a 15 anni e un pugno di giorni, vicino al record di Simone Pafundi (gi\u00e0 dentro a 15 anni e 10 giorni). L\u2019Inter ha scovato nel 2025 grazie a una fitta rete di segnalazioni alla casa madre e a una serie di partite viste dal vivo. In estate l&#8217;ha riscattato dall&#8217;Udinese.\u00a0<\/p>\n<p><a class=\"is-partner-link\" href=\"https:\/\/ad.doubleclick.net\/ddm\/trackclk\/N1792338.340088CAIRORCSMEDIAS.P.\/B28038690.452531709;dc_trk_aid=646241311;dc_trk_cid=173665161;dc_lat=;dc_rdid=;tag_for_child_directed_treatment=;tfua=;gdpr=%24%7BGDPR%7D;gdpr_consent=%24%7BGDPR_CONSENT_755%7D;ltd=;dc_tdv=1\" rel=\"nofollow noopener\" target=\"_blank\">Guarda tutte le partite di Serie A Enilive in esclusiva nei locali Sky! Trova il locale pi\u00f9 vicino a te.<\/a><\/p>\n<p>        sulla scia di dimarco\u2014 \u00a0<\/p>\n<p class=\"paragraph\" spellcheck=\"true\">Nato a San Daniele del Friuli, paesino di settemila abitanti noto per il prosciutto crudo esportato in tutto il mondo, Mattia \u00e8 cresciuto a Talmassons, a una mezz\u2019ora di macchina pi\u00f9 a sud, in provincia di Udine. La sua prima squadretta \u00e8 stata il &#8220;Cometazzurra&#8221;, dove ha giocato per circa cinque anni (prima di andare all&#8217;Udinese). Vanta diverse presenze con le giovanili azzurre, le ultime con l\u2019Under 19. Con lui c\u2019erano anche Mattia Mosconi e Jamal Iddrissou. Le qualit\u00e0 ricordano quelle di Dimarco: mancino di livello, indole offensiva, propensione all&#8217;attacco e e anche ai calci piazzati. L\u2019anno scorso ha fatto il terzino di una difesa a quattro, ma gi\u00e0 nei primi due match di Serie C ha preso confidenza col modulo della prima squadra. In Youth League ha infilato cinque passaggi vincenti, pi\u00f9 altri dieci in campionato. Dimarco ha chiuso a 17. A proposito di somiglianze.\u00a0<\/p>\n<p class=\"is-copyright\">\u00a9 RIPRODUZIONE RISERVATA<\/p>\n","protected":false},"excerpt":{"rendered":"Esterno sinistro come il titolare del ruolo in nerazzurro, a 18 anni ha segnato all&#8217;esordio tra i pro&#8217;&hellip;\n","protected":false},"author":3,"featured_media":664922,"comment_status":"","ping_status":"","sticky":false,"template":"","format":"standard","meta":{"footnotes":"","_share_on_mastodon":"0"},"categories":[1452],"tags":[8234,8235,721,1856,1969,2839,631,4297,5006,33595,1533,3073,1740,1251,350,1537,90,89,1980,113,74671,1894,366421,5637,2737,8392,4400,1917,22850,1821,1739,245,244,26462,2817,4315,7371],"class_list":["post-664921","post","type-post","status-publish","format-standard","has-post-thumbnail","category-calcio","tag-annata","tag-assist","tag-calcio","tag-campionato","tag-champions","tag-chivu","tag-cinque","tag-coppa","tag-coppa-italia","tag-dimarco","tag-estate","tag-esterno","tag-football","tag-grandi","tag-inter","tag-it","tag-italia","tag-italy","tag-league","tag-lista","tag-marello","tag-match","tag-match-serie","tag-mattia","tag-nato","tag-nerazzurro","tag-primavera","tag-pronto","tag-segnato","tag-serie","tag-soccer","tag-sport","tag-sports","tag-titolare","tag-udinese","tag-under","tag-vecchi"],"share_on_mastodon":{"url":"https:\/\/pubeurope.com\/@it\/117213757964478424","error":""},"_links":{"self":[{"href":"https:\/\/www.europesays.com\/it\/wp-json\/wp\/v2\/posts\/664921","targetHints":{"allow":["GET"]}}],"collection":[{"href":"https:\/\/www.europesays.com\/it\/wp-json\/wp\/v2\/posts"}],"about":[{"href":"https:\/\/www.europesays.com\/it\/wp-json\/wp\/v2\/types\/post"}],"author":[{"embeddable":true,"href":"https:\/\/www.europesays.com\/it\/wp-json\/wp\/v2\/users\/3"}],"replies":[{"embeddable":true,"href":"https:\/\/www.europesays.com\/it\/wp-json\/wp\/v2\/comments?post=664921"}],"version-history":[{"count":0,"href":"https:\/\/www.europesays.com\/it\/wp-json\/wp\/v2\/posts\/664921\/revisions"}],"wp:featuredmedia":[{"embeddable":true,"href":"https:\/\/www.europesays.com\/it\/wp-json\/wp\/v2\/media\/664922"}],"wp:attachment":[{"href":"https:\/\/www.europesays.com\/it\/wp-json\/wp\/v2\/media?parent=664921"}],"wp:term":[{"taxonomy":"category","embeddable":true,"href":"https:\/\/www.europesays.com\/it\/wp-json\/wp\/v2\/categories?post=664921"},{"taxonomy":"post_tag","embeddable":true,"href":"https:\/\/www.europesays.com\/it\/wp-json\/wp\/v2\/tags?post=664921"}],"curies":[{"name":"wp","href":"https:\/\/api.w.org\/{rel}","templated":true}]}}