{"id":664925,"date":"2026-09-04T16:40:17","date_gmt":"2026-09-04T16:40:17","guid":{"rendered":"https:\/\/www.europesays.com\/it\/664925\/"},"modified":"2026-09-04T16:40:17","modified_gmt":"2026-09-04T16:40:17","slug":"dallucraina-alla-cura-a-vigevano-la-fotografia-dautore-che-racconta-il-presente","status":"publish","type":"post","link":"https:\/\/www.europesays.com\/it\/664925\/","title":{"rendered":"Dall\u2019Ucraina alla \u201ccura\u201d: a Vigevano la fotografia d&#8217;autore che racconta il presente"},"content":{"rendered":"<p class=\"isSelectedEnd\">Le immagini per raccontare il presente, ma anche per provare a comprenderlo. A Vigevano arriva il <strong>Travelling Festival 2026<\/strong>, rassegna dedicata alla fotografia contemporanea e al reportage internazionale che dall\u2019<strong>1 al 13 ottobre<\/strong> trasformer\u00e0 la <strong>Strada Sotterranea Nuova<\/strong>\u00a0del Castello Sforzesco in uno spazio di confronto, memoria e riflessione attraverso gli scatti di autori italiani e internazionali.<\/p>\n<p class=\"isSelectedEnd\">L\u2019iniziativa \u00e8 promossa dalla <a href=\"https:\/\/www.instagram.com\/societafotograficavigevanese\/\" rel=\"nofollow noopener\" target=\"_blank\"><strong>Societ\u00e0 Fotografica Vigevanese<\/strong><\/a>, in collaborazione con il <strong>Festival della Fotografia Etica di Lodi<\/strong> e <strong>Rete Cultura<\/strong>, e propone <strong>due mostre<\/strong> apparentemente lontane, ma accomunate da una stessa domanda: <strong>che cosa possono raccontare le immagini del tempo in cui viviamo?<\/strong><\/p>\n<p class=\"isSelectedEnd\">L\u2019inaugurazione \u00e8 in programma <strong>gioved\u00ec 1\u00b0 ottobre alle 17.30<\/strong>.<\/p>\n<p><strong>Dall\u2019Ucraina un racconto lontano dalla spettacolarizzazione della guerra<\/strong><\/p>\n<p class=\"isSelectedEnd\">Il primo percorso porta a Vigevano il fotogiornalismo internazionale con <strong>\u201c<a href=\"https:\/\/www.diegofedele.net\/in_the_shadow_of_a_deadly_sky-r15247\" rel=\"nofollow noopener\" target=\"_blank\">In the Shadow of a Deadly Sky<\/a>\u201d<\/strong>, progetto di <strong>Diego Fedele<\/strong>, fotografo vincitore del prestigioso <strong>Walkley Award 2024<\/strong>.<\/p>\n<p class=\"isSelectedEnd\">Al centro del lavoro c\u2019\u00e8 <strong>la guerra in Ucraina<\/strong>, raccontata per\u00f2 da una prospettiva lontana dalle immagini di pura spettacolarizzazione del conflitto. Fedele punta l\u2019obiettivo sulle persone, sui loro volti e sui gesti della quotidianit\u00e0, mostrando cosa significa continuare a vivere mentre sopra le proprie teste incombe costantemente la minaccia dei bombardamenti.<\/p>\n<p class=\"isSelectedEnd\">\u00c8 una fotografia che non cerca soltanto l&#8217;impatto, ma soprattutto <strong>l&#8217;umanit\u00e0 che resiste dentro una situazione estrema<\/strong>. Le immagini diventano cos\u00ec uno strumento per avvicinarsi alla realt\u00e0 di chi vive la guerra giorno dopo giorno, tra paura, attesa e ostinata normalit\u00e0.<\/p>\n<p class=\"isSelectedEnd\" style=\"text-align: center;\"><img loading=\"lazy\" decoding=\"async\" src=\"https:\/\/www.europesays.com\/it\/wp-content\/uploads\/2026\/09\/DiegoFedele_005-1788535840739.webp\" alt=\"\" width=\"1200\" height=\"791\" caption=\"false\"\/>@Diego Fedele\u00a0<\/p>\n<p class=\"isSelectedEnd\">E proprio l&#8217;incontro diretto con il fotografo sar\u00e0 uno degli appuntamenti pi\u00f9 attesi del festival: <strong>domenica 4 ottobre alle 10.30<\/strong>, alla Strada Sotterranea Nuova, <strong>Diego Fedele incontrer\u00e0 il pubblico e accompagner\u00e0 i visitatori in una visita guidata alla mostra<\/strong>.<\/p>\n<p><strong>\u201cLa Cura\u201d, dodici fotografi per raccontare ci\u00f2 che ci tiene insieme<\/strong><\/p>\n<p class=\"isSelectedEnd\">Accanto al reportage dall&#8217;Ucraina, il Travelling Festival propone un secondo percorso, questa volta nato all&#8217;interno della stessa realt\u00e0 organizzatrice. Si intitola <strong>\u201cLa Cura\u201d<\/strong> ed \u00e8 <strong>una mostra collettiva curata dalla Societ\u00e0 Fotografica Vigevanese<\/strong>.<\/p>\n<p class=\"isSelectedEnd\">Dodici autori \u2013 <strong>Mauro Pinotti, Paola Rizzi, Davide Spigolon, Pietro Morone, Guido Franceschilli, Emanuela Lauria, Simone Cristiani, Consuelo Sala, Andrea Delfrate, Dario Solini, Angelo Avogadro e Angela Malavenda<\/strong> \u2013 affrontano il tema della cura attraverso linguaggi e sensibilit\u00e0 differenti.<\/p>\n<p class=\"isSelectedEnd\">Non soltanto cura intesa come assistenza o protezione, ma come <strong>attenzione verso gli altri, tutela della memoria, difesa dell&#8217;ambiente e costruzione delle relazioni umane<\/strong>. Un concetto ampio, quotidiano e allo stesso tempo profondamente politico, che nelle fotografie si trasforma in una riflessione sulla possibilit\u00e0 di prendersi responsabilit\u00e0 del mondo che ci circonda.<\/p>\n<p class=\"isSelectedEnd\">Il dialogo tra le due esposizioni diventa cos\u00ec particolarmente significativo: da una parte la guerra e la sopravvivenza, dall&#8217;altra la necessit\u00e0 di custodire persone, luoghi, ricordi e legami. Due modi diversi di osservare il presente, uniti dalla convinzione che <strong>fotografare significhi anche scegliere dove posare lo sguardo.<\/strong><\/p>\n<p><strong>Un festival aperto a tutti<\/strong><\/p>\n<p class=\"isSelectedEnd\">Il Travelling Festival 2026 non vuole essere soltanto una rassegna per appassionati di fotografia. La scelta di allestire le mostre in uno degli spazi pi\u00f9 suggestivi della citt\u00e0 e di mantenere <strong>gratuito l&#8217;ingresso a tutte le esposizioni e agli eventi<\/strong> punta a coinvolgere un pubblico il pi\u00f9 ampio possibile.<\/p>\n<p class=\"isSelectedEnd\">Per quasi due settimane, la Strada Sotterranea Nuova diventer\u00e0 quindi un luogo dove fermarsi davanti a un&#8217;immagine, ascoltare le storie che racconta e lasciarsi interrogare da ci\u00f2 che spesso, nella velocit\u00e0 della cronaca quotidiana, rischia di passare inosservato.<\/p>\n<p class=\"isSelectedEnd\">Un appuntamento con la fotografia d&#8217;autore, ma soprattutto <strong>un invito a guardare pi\u00f9 attentamente il nostro tempo<\/strong>.<\/p>\n<p><strong>TRAVELLING FESTIVAL 2026<\/strong><br \/><strong>Dall&#8217;1 al 13 ottobre 2026<\/strong><br \/><strong>Strada Sotterranea Nuova \u2013 Vigevano (PV)<\/strong><br \/><strong>Inaugurazione:<\/strong> gioved\u00ec 1\u00b0 ottobre, ore 17.30<br \/><strong>Incontro e visita guidata con Diego Fedele:<\/strong> domenica 4 ottobre, ore 10.30<br \/><strong>Ingresso:<\/strong> gratuito<br \/><strong>Organizzazione:<\/strong> Societ\u00e0 Fotografica Vigevanese, in collaborazione con Festival della Fotografia Etica di Lodi e Rete Cultura<\/p>\n<p><script async src=\"\/\/www.instagram.com\/embed.js\"><\/script><\/p>\n","protected":false},"excerpt":{"rendered":"Le immagini per raccontare il presente, ma anche per provare a comprenderlo. A Vigevano arriva il Travelling Festival&hellip;\n","protected":false},"author":3,"featured_media":664926,"comment_status":"","ping_status":"","sticky":false,"template":"","format":"standard","meta":{"footnotes":"","_share_on_mastodon":"0"},"categories":[1446],"tags":[1615,1613,1614,1611,1610,1612,203,366424,4663,204,1537,90,89,632,366422,366423],"class_list":["post-664925","post","type-post","status-publish","format-standard","has-post-thumbnail","category-arte-e-design","tag-arte","tag-arte-e-design","tag-arteedesign","tag-arts","tag-arts-and-design","tag-design","tag-entertainment","tag-festival-delle-trasformazioni","tag-fotografia","tag-intrattenimento","tag-it","tag-italia","tag-italy","tag-mostra","tag-societa-fotografica-vigevanese","tag-travelling-festival"],"share_on_mastodon":{"url":"https:\/\/pubeurope.com\/@it\/117213766646918310","error":""},"_links":{"self":[{"href":"https:\/\/www.europesays.com\/it\/wp-json\/wp\/v2\/posts\/664925","targetHints":{"allow":["GET"]}}],"collection":[{"href":"https:\/\/www.europesays.com\/it\/wp-json\/wp\/v2\/posts"}],"about":[{"href":"https:\/\/www.europesays.com\/it\/wp-json\/wp\/v2\/types\/post"}],"author":[{"embeddable":true,"href":"https:\/\/www.europesays.com\/it\/wp-json\/wp\/v2\/users\/3"}],"replies":[{"embeddable":true,"href":"https:\/\/www.europesays.com\/it\/wp-json\/wp\/v2\/comments?post=664925"}],"version-history":[{"count":0,"href":"https:\/\/www.europesays.com\/it\/wp-json\/wp\/v2\/posts\/664925\/revisions"}],"wp:featuredmedia":[{"embeddable":true,"href":"https:\/\/www.europesays.com\/it\/wp-json\/wp\/v2\/media\/664926"}],"wp:attachment":[{"href":"https:\/\/www.europesays.com\/it\/wp-json\/wp\/v2\/media?parent=664925"}],"wp:term":[{"taxonomy":"category","embeddable":true,"href":"https:\/\/www.europesays.com\/it\/wp-json\/wp\/v2\/categories?post=664925"},{"taxonomy":"post_tag","embeddable":true,"href":"https:\/\/www.europesays.com\/it\/wp-json\/wp\/v2\/tags?post=664925"}],"curies":[{"name":"wp","href":"https:\/\/api.w.org\/{rel}","templated":true}]}}