{"id":664951,"date":"2026-09-04T17:01:14","date_gmt":"2026-09-04T17:01:14","guid":{"rendered":"https:\/\/www.europesays.com\/it\/664951\/"},"modified":"2026-09-04T17:01:14","modified_gmt":"2026-09-04T17:01:14","slug":"vuelta-13-a-tappa-a-loja-trionfa-van-aert","status":"publish","type":"post","link":"https:\/\/www.europesays.com\/it\/664951\/","title":{"rendered":"Vuelta 13\/a tappa: a Loja trionfa Van Aert"},"content":{"rendered":"<p>                                A Loja il belga ottiene il primo successo di tappa in questa edizione su Valentin Paret-Peintre. Ora tocca a un arrivo in salita<\/p>\n<p class=\"paragraph\" spellcheck=\"true\">Wout Van Aert ha vinto la 13\u00aa della Vuelta, 193 km da Almu\u00f1\u00e9car a Loja. Il 31enne belga della Visma ha centrato la fuga giusta e poi, in una volata a due, ha avuto la meglio su Valentin Paret-Peintre, francese della Soudal-Quick Step. Van Aert ha cos\u00ec rafforzato la maglia verde della classifica a punti e ha ottenuto cos\u00ec il 58\u00b0 successo su strada in carriera, tra cui la Parigi-Roubaix 2026. Da segnalare la buona prestazione di Vincenzo Albanese, bravo a entrare in fuga e poi quinto al traguardo.\u00a0<\/p>\n<p>    la situazione\u2014 \u00a0<\/p>\n<p class=\"paragraph is-inline\" spellcheck=\"true\">In maglia rossa c\u2019\u00e8 sempre Enric Mas. Il 31enne spagnolo della Movistar comanda con 1\u201945\u201d sullo sloveno Primoz Roglic (Red Bull) e 2\u201906\u201d sull\u2019austriaco Gall (Decathlon), con Skjelmose che oggi \u00e8 stato in fuga ed \u00e8 risalito in classifica.<\/p>\n<p>    il programma\u2014 \u00a0<\/p>\n<p class=\"paragraph is-inline\" spellcheck=\"true\">La Vuelta, che si concluder\u00e0 domenica 13 settembre a Granada (Madrid \u00e8 occupata dal Gran Premio di Formula 1) procede domani con la tappa 14: Ja\u00e9n-Sierra de la Pandera, 151 km con arrivo in salita.<\/p>\n","protected":false},"excerpt":{"rendered":"A Loja il belga ottiene il primo successo di tappa in questa edizione su Valentin Paret-Peintre. Ora tocca&hellip;\n","protected":false},"author":3,"featured_media":664952,"comment_status":"","ping_status":"","sticky":false,"template":"","format":"standard","meta":{"footnotes":"","_share_on_mastodon":"0"},"categories":[1456],"tags":[15680,1262,56295,279,1824,1932,1825,2242,1537,90,89,4639,366463,245,244,2218,1996,15681,14374],"class_list":["post-664951","post","type-post","status-publish","format-standard","has-post-thumbnail","category-ciclismo","tag-aert","tag-arrivo","tag-arrivo-salita","tag-belga","tag-ciclismo","tag-classifica","tag-cycling","tag-fuga","tag-it","tag-italia","tag-italy","tag-km","tag-loja","tag-sport","tag-sports","tag-tappa","tag-van","tag-van-aert","tag-vuelta"],"share_on_mastodon":{"url":"https:\/\/pubeurope.com\/@it\/117213848458977320","error":""},"_links":{"self":[{"href":"https:\/\/www.europesays.com\/it\/wp-json\/wp\/v2\/posts\/664951","targetHints":{"allow":["GET"]}}],"collection":[{"href":"https:\/\/www.europesays.com\/it\/wp-json\/wp\/v2\/posts"}],"about":[{"href":"https:\/\/www.europesays.com\/it\/wp-json\/wp\/v2\/types\/post"}],"author":[{"embeddable":true,"href":"https:\/\/www.europesays.com\/it\/wp-json\/wp\/v2\/users\/3"}],"replies":[{"embeddable":true,"href":"https:\/\/www.europesays.com\/it\/wp-json\/wp\/v2\/comments?post=664951"}],"version-history":[{"count":0,"href":"https:\/\/www.europesays.com\/it\/wp-json\/wp\/v2\/posts\/664951\/revisions"}],"wp:featuredmedia":[{"embeddable":true,"href":"https:\/\/www.europesays.com\/it\/wp-json\/wp\/v2\/media\/664952"}],"wp:attachment":[{"href":"https:\/\/www.europesays.com\/it\/wp-json\/wp\/v2\/media?parent=664951"}],"wp:term":[{"taxonomy":"category","embeddable":true,"href":"https:\/\/www.europesays.com\/it\/wp-json\/wp\/v2\/categories?post=664951"},{"taxonomy":"post_tag","embeddable":true,"href":"https:\/\/www.europesays.com\/it\/wp-json\/wp\/v2\/tags?post=664951"}],"curies":[{"name":"wp","href":"https:\/\/api.w.org\/{rel}","templated":true}]}}