{"id":664979,"date":"2026-09-04T17:20:15","date_gmt":"2026-09-04T17:20:15","guid":{"rendered":"https:\/\/www.europesays.com\/it\/664979\/"},"modified":"2026-09-04T17:20:15","modified_gmt":"2026-09-04T17:20:15","slug":"moto-guzzi-apre-la-nuova-casa-di-mandello-del-lario","status":"publish","type":"post","link":"https:\/\/www.europesays.com\/it\/664979\/","title":{"rendered":"Moto Guzzi, apre la nuova Casa di Mandello del Lario"},"content":{"rendered":"<p>La <strong>Moto Guzzi<\/strong> del futuro continua ad avere lo stesso indirizzo. A Mandello del Lario, dove le moto dell\u2019Aquila vengono costruite dal 1921, apre ufficialmente la nuova Casa. Lo stabilimento cambia volto dopo un lungo progetto di trasformazione e lo fa in occasione delle Giornate Mondiali, in programma dal 3 al 6 settembre per celebrare i 105 anni del marchio.<\/p>\n<p>L\u2019<strong>inaugurazione del 4 settembre<\/strong> segna un passaggio importante per una fabbrica che ha attraversato praticamente tutta la storia della Casa. Produzione, museo e spazi aperti ai visitatori convivono ora nello stesso complesso, ripensato dall\u2019architetto e designer americano Greg Lynn. Il punto di partenza, per\u00f2, \u00e8 sempre lo stesso: Moto Guzzi va avanti a produrre le sue motociclette a Mandello.\n<\/p>\n<p>Come cambia la fabbrica<\/p>\n<p>Il progetto non si \u00e8 limitato a rimettere a nuovo gli edifici. Le linee produttive sono state aggiornate con sistemi automatizzati di ultima generazione e alcuni fabbricati storici hanno ricevuto funzioni differenti, ospitando laboratori sperimentali e attivit\u00e0 dedicate ai test e al restauro. Una parte della fabbrica permette inoltre ai visitatori di osservare pi\u00f9 da vicino come nascono le Moto Guzzi: l\u2019obiettivo \u00e8 dare risalto sia alla gamma attuale sia al percorso compiuto dal costruttore in oltre un secolo, mantenendo nello stesso luogo macchinari moderni ed elementi appartenenti alla storia dello stabilimento.<\/p>\n<p>Il rapporto con Mandello, del resto, va ben oltre i convenevoli di rito. Nel 1925 lavoravano nello stabilimento pi\u00f9 di 300 persone e la produzione aveva gi\u00e0 raggiunto 1.200 motociclette. Qui venne realizzata negli anni Cinquanta pure la celebre <strong>galleria del vento<\/strong>, una soluzione all\u2019avanguardia per l\u2019epoca e utilizzata nello sviluppo aerodinamico delle moto da competizione dell\u2019epoca.<\/p>\n<p>Un nuovo museo dentro la Casa<\/p>\n<p>Dal 1977 a <a href=\"https:\/\/www.virgilio.it\/motori\/moto\/giornate-mondiali-moto-guzzi-2026-programma-mandello-del-lario\/343310\/\" rel=\"nofollow noopener\" target=\"_blank\">Mandello<\/a> si possono vedere da vicino gli esemplari conservati nel museo della Casa. Oltre a rifare lo spazio, lo stabilimento ospita ora il Motoplex Store e un caff\u00e8, nonch\u00e9 delle aree aperte durante gli eventi. Il risultato dei lavori sar\u00e0 visibile fin da subito, in quanto la nuova Casa apre durante le Giornate Mondiali Guzzi, che quest\u2019anno coincidono con il <strong>105\u00b0 anniversario del marchio<\/strong>. La citt\u00e0 accoglie i motociclisti dal 3 al 6 settembre e nei quattro giorni di festa la fabbrica costituisce uno dei punti centrali della manifestazione.<\/p>\n<blockquote class=\"instagram-media\" data-instgrm-captioned=\"\" data-instgrm-permalink=\"https:\/\/www.instagram.com\/p\/Dc0qjrzslhA\/?utm_source=ig_embed&amp;utm_campaign=loading\" data-instgrm-version=\"14\" style=\" background:#FFF; border:0; border-radius:3px; box-shadow:0 0 1px 0 rgba(0,0,0,0.5),0 1px 10px 0 rgba(0,0,0,0.15); margin: 1px; max-width:100%; min-width:326px; padding:0; width:99.375%; width:-webkit-calc(100% - 2px); width:calc(100% - 2px);\"\/>\n<p>Il programma porta il pubblico direttamente nello stabilimento, con la possibilit\u00e0 di visitare gli ambienti appena inaugurati e il museo, l\u2019occasione di scoprire il risultato del cantiere iniziato negli anni scorsi nel luogo in cui vengono costruiti i modelli in giornate di grande rilevanza storica. <a href=\"https:\/\/www.virgilio.it\/motori\/moto\/moto-guzzi-nuovo-motore-457-bicilindrico-parallelo\/334565\/\" rel=\"nofollow noopener\" target=\"_blank\">Moto Guzzi<\/a> nacque il <strong>15 marzo 1921<\/strong> e Mandello accompagna il marchio praticamente dal primo giorno, quando inizi\u00f2 la produzione della Normale, la sua prima motocicletta. Nel frattempo sono passati generazioni di lavoratori e diversi proprietari, fino all\u2019ingresso nel Gruppo Piaggio nel 2004, senza per\u00f2 lasciare il paese sul lago.<\/p>\n<p>L\u2019inaugurazione aggiunge adesso un altro capitolo alla <a href=\"https:\/\/www.virgilio.it\/motori\/moto\/storia-leggenda-101-anni-moto-guzzi\/174093\/\" rel=\"nofollow noopener\" target=\"_blank\">storia<\/a>. I cancelli della fabbrica continueranno ad aprirsi ogni mattina per costruire motociclette, ma una parte di ci\u00f2 che succede al loro interno sar\u00e0 accessibile pure al pubblico. Per festeggiare i 105 anni, difficilmente Moto Guzzi avrebbe potuto scegliere un posto diverso da casa propria.<\/p>\n<p>\t<script async src=\"\/\/www.instagram.com\/embed.js\"><\/script><\/p>\n","protected":false},"excerpt":{"rendered":"La Moto Guzzi del futuro continua ad avere lo stesso indirizzo. A Mandello del Lario, dove le moto&hellip;\n","protected":false},"author":3,"featured_media":664980,"comment_status":"","ping_status":"","sticky":false,"template":"","format":"standard","meta":{"footnotes":"","_share_on_mastodon":"0"},"categories":[6],"tags":[14,8,1537,90,89,1783,89999,7,15,82,9,83,10,13,11,80,84,12,81,85],"class_list":["post-664979","post","type-post","status-publish","format-standard","has-post-thumbnail","category-ultime-notizie","tag-cronaca","tag-headlines","tag-it","tag-italia","tag-italy","tag-moto","tag-moto-guzzi","tag-news","tag-notizie","tag-notizie-di-cronaca","tag-notizie-principali","tag-notiziedicronaca","tag-notizieprincipali","tag-titoli","tag-ultime-notizie","tag-ultime-notizie-di-cronaca","tag-ultime-notizie-e-news-di-oggi","tag-ultimenotizie","tag-ultimenotiziedicronaca","tag-ultimenotizieenewsdioggi"],"share_on_mastodon":{"url":"https:\/\/pubeurope.com\/@it\/117213922739406867","error":""},"_links":{"self":[{"href":"https:\/\/www.europesays.com\/it\/wp-json\/wp\/v2\/posts\/664979","targetHints":{"allow":["GET"]}}],"collection":[{"href":"https:\/\/www.europesays.com\/it\/wp-json\/wp\/v2\/posts"}],"about":[{"href":"https:\/\/www.europesays.com\/it\/wp-json\/wp\/v2\/types\/post"}],"author":[{"embeddable":true,"href":"https:\/\/www.europesays.com\/it\/wp-json\/wp\/v2\/users\/3"}],"replies":[{"embeddable":true,"href":"https:\/\/www.europesays.com\/it\/wp-json\/wp\/v2\/comments?post=664979"}],"version-history":[{"count":0,"href":"https:\/\/www.europesays.com\/it\/wp-json\/wp\/v2\/posts\/664979\/revisions"}],"wp:featuredmedia":[{"embeddable":true,"href":"https:\/\/www.europesays.com\/it\/wp-json\/wp\/v2\/media\/664980"}],"wp:attachment":[{"href":"https:\/\/www.europesays.com\/it\/wp-json\/wp\/v2\/media?parent=664979"}],"wp:term":[{"taxonomy":"category","embeddable":true,"href":"https:\/\/www.europesays.com\/it\/wp-json\/wp\/v2\/categories?post=664979"},{"taxonomy":"post_tag","embeddable":true,"href":"https:\/\/www.europesays.com\/it\/wp-json\/wp\/v2\/tags?post=664979"}],"curies":[{"name":"wp","href":"https:\/\/api.w.org\/{rel}","templated":true}]}}