{"id":665009,"date":"2026-09-04T17:46:10","date_gmt":"2026-09-04T17:46:10","guid":{"rendered":"https:\/\/www.europesays.com\/it\/665009\/"},"modified":"2026-09-04T17:46:10","modified_gmt":"2026-09-04T17:46:10","slug":"fs-multa-da-175-milioni-per-il-blackout-di-roma-termini-che-mando-in-tilt-i-treni-grave-negligenza-la-storia-del-chiodo","status":"publish","type":"post","link":"https:\/\/www.europesays.com\/it\/665009\/","title":{"rendered":"Fs, multa da 1,75 milioni per il blackout di Roma Termini che mand\u00f2 in tilt i treni: \u00abgrave negligenza\u00bb, la storia del chiodo"},"content":{"rendered":"<p>    di<br \/>\n    Maurizio Perriello<\/p>\n<p class=\"summary-art is-line-h-12\">L&#8217;Autorit\u00e0 di regolazione dei trasporti sanziona Rfi per il caos ferroviario del 2 ottobre 2024. Coinvolti 1.165 treni, con 69.267 minuti di ritardo complessivi. La multa non riguarda il semplice danneggiamento del cavo: sotto accusa allarmi, sistemi di riserva e procedure che non riuscirono a contenere il guasto<\/p>\n<p class=\"chapter-paragraph\">Un chiodo piantato durante alcuni lavori notturni, un <b>cavo elettrico<\/b> danneggiato e, qualche ora dopo, uno dei peggiori <b>\u00abblackout\u00bb<\/b> ferroviari registrati negli ultimi anni a <b>Roma Termini<\/b>. Ma a quasi due anni dal <b><a href=\"https:\/\/roma.corriere.it\/notizie\/cronaca\/24_ottobre_02\/treni-circolazione-sospesa-a-roma-ritardi-e-cancellazioni-per-una-disconnessione-tecnica-degli-impianti-di-termini-e-tiburtina-7e6080df-c452-45c6-a5dc-894807b60xlk.shtml?refresh_ce\" rel=\"nofollow noopener\" target=\"_blank\">caos del 2 ottobre 2024<\/a><\/b>, per l&#8217;Autorit\u00e0 di regolazione dei trasporti (Art) quel chiodo non basta pi\u00f9 a spiegare ci\u00f2 che \u00e8 accaduto.  Rete Ferroviaria Italiana \u00e8 stata multata per <b>1,75 milioni <\/b>e la <b>delibera 163\/2026<\/b> dell&#8217;Autorit\u00e0, approvata il 3 settembre, individua <b>una serie di carenze<\/b> nella capacit\u00e0 dell&#8217;infrastruttura di assorbire il guasto iniziale: allarmi assenti o inefficienti, sistemi di riserva incompleti, un\u2019anomalia non individuata durante l\u2019intervento e una procedura interna che non risultava applicata.<\/p>\n<p class=\"chapter-paragraph\">L&#8217;Art parla di <b>\u00abnegligenza grave\u00bb<\/b> e ritiene che Rfi non abbia adottato misure adeguate per assicurare accessibilit\u00e0 e funzionalit\u00e0 dell\u2019infrastruttura. La sanzione <b>dovr\u00e0 essere pagata entro 30 giorni<\/b> dalla notifica, ma la societ\u00e0 pu\u00f2 <b>impugnare <\/b>il provvedimento davanti al Tar del Piemonte entro 60 giorni o presentare <b>ricorso straordinario <\/b>entro 120.<br \/>&#13;<br \/>\n&#13;<br \/>\n&#13;<br \/>\n&#13;<br \/>\n&#13;<br \/>\n&#13;<br \/>\n&#13;<br \/>\n&#13;<br \/>\n&#13;<br \/>\n&#13;<br \/>\n&#13;<br \/>\n&#13;<br \/>\n&#13;<br \/>\n&#13;<br \/>\n&#13;<br \/>\n&#13;<br \/>\n&#13;<br \/>\n&#13;<br \/>\n&#13;<br \/>\n&#13;<br \/>\n&#13;<br \/>\n&#13;<br \/>\n&#13;<br \/>\n&#13;<br \/>\n&#13;<br \/>\n&#13;<br \/>\n&#13;<br \/>\n&#13;<br \/>\n&#13;<br \/>\n&#13;<br \/>\n&#13;<br \/>\n&#13;<br \/>\n&#13;<br \/>\n&#13;<br \/>\n&#13;<br \/>\n&#13;<br \/>\n&#13;<br \/>\n&#13;<br \/>\n&#13;<br \/>\n&#13;<br \/>\n&#13;<br \/>\n&#13;<br \/>\n&#13;<br \/>\n&#13;<br \/>\n&#13;<br \/>\n&#13;<br \/>\n&#13;<br \/>\n&#13;<br \/>\n&#13;<br \/>\n&#13;<br \/>\n&#13;<br \/>\n&#13;<br \/>\n&#13;\n<\/p>\n<p>    Il caos ferroviario del 2 ottobre 2024, cosa \u00e8 successo<\/p>\n<p class=\"chapter-paragraph\">Tutto cominci\u00f2 intorno<b> all&#8217;1.30 di notte<\/b>, quando durante alcuni lavori un&#8217;impresa appaltatrice danneggi\u00f2 un cavo. I tecnici furono contattati alle 1.45 e <b>arrivarono intorno alle 2.20<\/b>. Il problema sembrava circoscritto, ma all&#8217;interno della cabina di media e bassa tensione si era verificato un <b>blocco della logica<\/b> che non venne rilevato.  \u00c8 uno dei passaggi decisivi della ricostruzione. La stazione disponeva infatti di<b> due alimentazioni<\/b> in media tensione, una Acea e una Fs, con commutazione automatica. Il <b>blocco<\/b> imped\u00ec per\u00f2 il passaggio alla seconda linea, che era disponibile.<b> Nemmeno il gruppo elettrogeno entr\u00f2 in funzione<\/b>, perch\u00e9 il sistema continuava a rilevare la presenza dell\u2019alimentazione Fs.<\/p>\n<p class=\"chapter-paragraph\">Rimasero cos\u00ec a sostenere gli apparati le <b>batterie di continuit\u00e0 Ups<\/b>. Ma anche la loro entrata in funzione non venne segnalata, a causa di un guasto al relativo sistema di allarme. Esaurita l&#8217;autonomia, <b>alle 6.20 si spensero gli impianti di segnalamento<\/b> di Roma <b>Termini<\/b> e Roma <b>Tiburtina<\/b>, proprio mentre cominciava una delle fasce pi\u00f9 delicate per il traffico pendolare.<\/p>\n<p>    Coinvolti\u00a01.165 treni, quasi 70mila minuti di ritardo<\/p>\n<p class=\"chapter-paragraph\">Le dimensioni del disastro ferroviario emergono dai <b>numeri <\/b>comunicati inizialmente dalla stessa Rfi all&#8217;Autorit\u00e0: 1.165 treni coinvolti e 69.267 minuti di ritardo complessivi, pari in media a <b>59 minuti per convoglio<\/b>. Le <b>soppressioni <\/b>furono <b>680<\/b>, delle quali 476 totali e 204 parziali; altri <b>31 treni vennero deviati<\/b> da Termini.<\/p>\n<p class=\"chapter-paragraph\">Alle <b>6.30<\/b> venne formalmente aperta <b>l&#8217;emergenza<\/b>. I convogli diretti verso Roma dalle linee <b>Alta velocit\u00e0 Firenze-Roma e Napoli-Roma<\/b> furono in parte instradati sulle linee convenzionali, mentre altri servizi vennero cancellati o limitati. Alle <b>8.50<\/b> furono rialimentati e riconnessi gli impianti di Termini e Tiburtina e alle <b>9.15<\/b> venne ristabilita la piena funzionalit\u00e0, anche se i contraccolpi sulla circolazione proseguirono fino al pomeriggio.  Tra le 6.20 e le 8, inoltre, a Termini non furono disponibili <b>n\u00e9 le informazioni visive n\u00e9 quelle sonore<\/b> ai passeggeri. A Tiburtina <b>non funzionavano i monitor<\/b>, mentre rimasero attivi gli annunci dagli altoparlanti.<\/p>\n<p>    Perch\u00e9 Rfi \u00e8 stata multata: oltre il caso del \u00abchiodo\u00bb<\/p>\n<p class=\"chapter-paragraph\">\u00c8 qui che la delibera cambia prospettiva rispetto alla prima <b>narrazione del \u00abchiodo\u00bb<\/b>. Rfi non viene sanzionata semplicemente perch\u00e9 un&#8217;impresa appaltatrice danneggi\u00f2 un cavo. Per l&#8217;Autorit\u00e0, il punto \u00e8 che i sistemi predisposti dal gestore <b>non furono capaci di circoscrivere quell&#8217;incidente <\/b>e impedirgli di trasformarsi nel blocco di uno dei nodi ferroviari pi\u00f9 importanti d&#8217;Italia.<\/p>\n<p class=\"chapter-paragraph\">L&#8217;Art ha individuato<b> diversi problemi<\/b>: il blocco della logica della cabina non venne rilevato dai tecnici; mancava un adeguato allarme sulla centralina di alimentazione a bassa tensione; alla ridondanza delle fonti elettriche non corrispondeva una ridondanza degli apparati logici; non furono segnalati n\u00e9 il blocco della cabina, n\u00e9 la mancata attivazione del generatore, n\u00e9 l&#8217;ingresso in funzione delle batterie.<\/p>\n<p class=\"chapter-paragraph\">\u00c8 stata inoltre rilevata la <b>disapplicazione <\/b>di una specifica interna di Rfi relativa alla <b>trasmissione degli allarmi <\/b>sui malfunzionamenti dell&#8217;alimentazione. L&#8217;Agenzia non ha invece riscontrato violazioni delle norme sulla sicurezza della circolazione o degli standard tecnici ferroviari obbligatori.  In altre parole, anche ammettendo che il danneggiamento iniziale fosse <b>imprevedibile<\/b>, secondo l&#8217;Autorit\u00e0 non era imprevedibile che una rete complessa potesse subire un <b>guasto elettrico<\/b>: proprio per questo servono allarmi, procedure d&#8217;emergenza e sistemi alternativi in grado di evitare un effetto domino.<\/p>\n<p>    Il \u00abdiritto costituzionale alla mobilit\u00e0\u00bb e la multa da 1,75 milioni<\/p>\n<p class=\"chapter-paragraph\">Nel determinare la sanzione l&#8217;Autorit\u00e0 considera la violazione particolarmente grave anche per la sua portata: il blocco del nodo romano <b>si propag\u00f2 sulla rete nazionale<\/b> e interess\u00f2 centinaia di migliaia di passeggeri nella fascia pendolare del mattino.  Secondo l&#8217;Art, le conseguenze hanno prodotto una lesione sia del \u00abdiritto costituzionale alla mobilit\u00e0 dei passeggeri\u00bb, sia del diritto degli operatori ferroviari alla piena e corretta disponibilit\u00e0 dell&#8217;infrastruttura.<\/p>\n<p class=\"chapter-paragraph\">L&#8217;Autorit\u00e0 considera inoltre la <b>violazione reiterata<\/b>, richiamando due precedenti accertamenti del 2023 e del 2025.  Il <b>massimo<\/b> applicabile nel procedimento era di <b>2 milioni di euro<\/b>. L&#8217;Autorit\u00e0 ha per\u00f2 riconosciuto a Rfi una <b>riduzione di 250mila euro<\/b> per le misure adottate successivamente: il sistema degli allarmi \u00e8 stato rafforzato e remotizzato e sono state introdotte nuove procedure che prevedono verifiche sul posto anche quando non arrivano ulteriori segnalazioni. Da qui l&#8217;importo finale di 1,75 milioni di euro.<\/p>\n<p class=\"is-mr-t-20 is-mr-b-20\"><b><br \/>\n                    <a href=\"https:\/\/roma.corriere.it\/?intcmp=Notizielocali_nd_010623_corriere_ss_roma\" target=\"_blank\" rel=\"nofollow noopener\">Vai a tutte le notizie di Roma<\/a><br \/>\n            <\/b><\/p>\n<p class=\"is-last-update\" datetime=\"2026-09-04T18:43:14+02:00\">4 settembre 2026 ( modifica il 4 settembre 2026 | 18:43)<\/p>\n<p class=\"is-copyright\">\n            \u00a9 RIPRODUZIONE RISERVATA\n        <\/p>\n","protected":false},"excerpt":{"rendered":"di Maurizio Perriello L&#8217;Autorit\u00e0 di regolazione dei trasporti sanziona Rfi per il caos ferroviario del 2 ottobre 2024.&hellip;\n","protected":false},"author":3,"featured_media":665010,"comment_status":"","ping_status":"","sticky":false,"template":"","format":"standard","meta":{"footnotes":"","_share_on_mastodon":"0"},"categories":[79],"tags":[8165,2271,20653,366480,366481,366482,183684,46815,917,366483,366484,139056,139057,21812,195159,2966,15827,8642,366485,35358,18934,366486,366487,47689,99850,8984,13746,14,93,94,806,3882,724,14456,39028,14459,2612,830,60586,36968,1537,90,89,793,3479,127261,693,1354,7,15,893,11021,7876,2518,8979,16887,987,249619,2099,6341,10555,21731,3425,172810,17650,11,84,91,12,85,92,6713],"class_list":["post-665009","post","type-post","status-publish","format-standard","has-post-thumbnail","category-italia","tag-alimentazione","tag-allarme","tag-allarmi","tag-appaltatrice","tag-appaltatrice-danneggio","tag-appaltatrice-danneggio-cavo","tag-apparati","tag-art","tag-autorita","tag-autorita-considera","tag-autorita-considera-violazione","tag-autorita-regolazione","tag-autorita-regolazione-trasporti","tag-bassa","tag-bassa-tensione","tag-batterie","tag-blackout","tag-blocco","tag-blocco-logica","tag-cabina","tag-caos","tag-caos-ferroviario","tag-caos-ferroviario-ottobre","tag-cavo","tag-chiodo","tag-circolazione","tag-coinvolti","tag-cronaca","tag-cronaca-italiana","tag-cronacaitaliana","tag-diritto","tag-entro","tag-euro","tag-ferroviari","tag-ferroviario","tag-fs","tag-funzione","tag-grave","tag-guasto","tag-infrastruttura","tag-it","tag-italia","tag-italy","tag-media","tag-minuti","tag-minuti-ritardo","tag-multa","tag-ne","tag-news","tag-notizie","tag-ottobre","tag-passeggeri","tag-procedure","tag-rete","tag-rfi","tag-ritardo","tag-roma","tag-roma-termini","tag-sistema","tag-sistemi","tag-tecnici","tag-tensione","tag-termini","tag-tiburtina","tag-treni","tag-ultime-notizie","tag-ultime-notizie-e-news-di-oggi","tag-ultime-notizie-italia","tag-ultimenotizie","tag-ultimenotizieenewsdioggi","tag-ultimenotizieitalia","tag-venne"],"share_on_mastodon":{"url":"","error":"Validation failed: Text character limit of 500 exceeded"},"_links":{"self":[{"href":"https:\/\/www.europesays.com\/it\/wp-json\/wp\/v2\/posts\/665009","targetHints":{"allow":["GET"]}}],"collection":[{"href":"https:\/\/www.europesays.com\/it\/wp-json\/wp\/v2\/posts"}],"about":[{"href":"https:\/\/www.europesays.com\/it\/wp-json\/wp\/v2\/types\/post"}],"author":[{"embeddable":true,"href":"https:\/\/www.europesays.com\/it\/wp-json\/wp\/v2\/users\/3"}],"replies":[{"embeddable":true,"href":"https:\/\/www.europesays.com\/it\/wp-json\/wp\/v2\/comments?post=665009"}],"version-history":[{"count":0,"href":"https:\/\/www.europesays.com\/it\/wp-json\/wp\/v2\/posts\/665009\/revisions"}],"wp:featuredmedia":[{"embeddable":true,"href":"https:\/\/www.europesays.com\/it\/wp-json\/wp\/v2\/media\/665010"}],"wp:attachment":[{"href":"https:\/\/www.europesays.com\/it\/wp-json\/wp\/v2\/media?parent=665009"}],"wp:term":[{"taxonomy":"category","embeddable":true,"href":"https:\/\/www.europesays.com\/it\/wp-json\/wp\/v2\/categories?post=665009"},{"taxonomy":"post_tag","embeddable":true,"href":"https:\/\/www.europesays.com\/it\/wp-json\/wp\/v2\/tags?post=665009"}],"curies":[{"name":"wp","href":"https:\/\/api.w.org\/{rel}","templated":true}]}}