{"id":665011,"date":"2026-09-04T17:47:16","date_gmt":"2026-09-04T17:47:16","guid":{"rendered":"https:\/\/www.europesays.com\/it\/665011\/"},"modified":"2026-09-04T17:47:16","modified_gmt":"2026-09-04T17:47:16","slug":"nuovo-incendio-in-via-teano-bruciano-sterpaglie-e-rifiuti-tre-forti-esplosioni","status":"publish","type":"post","link":"https:\/\/www.europesays.com\/it\/665011\/","title":{"rendered":"Nuovo incendio in via Teano: bruciano sterpaglie e rifiuti. Tre forti esplosioni"},"content":{"rendered":"<p>Tre boati secchi, avvertiti distintamente dai residenti di tutta la zona, poi le fiamme alte che si sono levate rapidamente tra le sterpaglie e i rifiuti. Paura nel pomeriggio di oggi nell&#8217;area dei terreni privati tra via Teano e il Borghetto degli Artigiani, nella zona del Prenestino, dove un incendio importante &#8211; ma definito sotto controllo dai vigili del fuoco &#8211; ha fatto ripiombare il quartiere nell&#8217;incubo del fuoco e del fumo denso.<\/p>\n<p>L&#8217;allarme \u00e8 scattato alle 16.20. A prendere fuoco sono stati i terreni privati a ridosso di via di Villa Santo Stefano, trasformati da tempo in una discarica a cielo aperto. Tra la vegetazione incolta e cumuli di materiale di risulta sono esplose tre bombole del gas abbandonate, facendo temere il peggio a chi vive nelle palazzine adiacenti. Un film gi\u00e0 visto solo poche settimane fa: proprio prima di Ferragosto <a href=\"https:\/\/www.romatoday.it\/cronaca\/incendi-roma-oggi-12-agosto-2026.html\" rel=\"nofollow noopener\" target=\"_blank\">un altro pauroso rogo aveva devastato la stessa area<\/a>, costringendo i cittadini a rimanere barricati in casa con le finestre chiuse per ore.<\/p>\n<p>Un&#8217;emergenza annunciata. Di questa specifica area RomaToday si era occupata soltanto pochi giorni fa, denunciando lo stato di degrado, l&#8217;accumulo incustodito di rifiuti e la <a href=\"https:\/\/www.romatoday.it\/politica\/incendio-via-teano-discarica-rifiuti-allarme.html\" rel=\"nofollow noopener\" target=\"_blank\">presenza pericolosa di bombole d&#8217;aria e gas<\/a> tra le sterpaglie. Terreni finiti pi\u00f9 volte al centro di segnalazioni e denunce formali inviate dal Municipio alle autorit\u00e0 competenti. Proprio per far fronte a questa situazione critica, per la giornata di luned\u00ec prossimo \u00e8 gi\u00e0 stato convocato un Comitato provinciale per l&#8217;ordine e la sicurezza pubblica.<\/p>\n<p>La viabilit\u00e0 e i soccorsi<\/p>\n<p>Per consentire le operazioni di spegnimento e mettere in sicurezza la zona, la polizia locale del V gruppo Prenestino ha interdetto il traffico, chiudendo completamente via Teano nel tratto compreso tra via Maddaloni e via Cori.<\/p>\n<p>Sul posto sono operative diverse squadre dei vigili del fuoco con le autobotti per domare le fiamme ed evitare che il rogo raggiunga le strutture vicine, affiancate dai volontari della protezione civile e dagli agenti per la gestione della viabilit\u00e0.<\/p>\n","protected":false},"excerpt":{"rendered":"Tre boati secchi, avvertiti distintamente dai residenti di tutta la zona, poi le fiamme alte che si sono&hellip;\n","protected":false},"author":3,"featured_media":665012,"comment_status":"","ping_status":"","sticky":false,"template":"","format":"standard","meta":{"footnotes":"","_share_on_mastodon":"0"},"categories":[6],"tags":[14,8,459,1537,90,89,7,15,82,9,83,10,13,11,80,84,12,81,85],"class_list":["post-665011","post","type-post","status-publish","format-standard","has-post-thumbnail","category-ultime-notizie","tag-cronaca","tag-headlines","tag-incendi","tag-it","tag-italia","tag-italy","tag-news","tag-notizie","tag-notizie-di-cronaca","tag-notizie-principali","tag-notiziedicronaca","tag-notizieprincipali","tag-titoli","tag-ultime-notizie","tag-ultime-notizie-di-cronaca","tag-ultime-notizie-e-news-di-oggi","tag-ultimenotizie","tag-ultimenotiziedicronaca","tag-ultimenotizieenewsdioggi"],"share_on_mastodon":{"url":"https:\/\/pubeurope.com\/@it\/117214029140047379","error":""},"_links":{"self":[{"href":"https:\/\/www.europesays.com\/it\/wp-json\/wp\/v2\/posts\/665011","targetHints":{"allow":["GET"]}}],"collection":[{"href":"https:\/\/www.europesays.com\/it\/wp-json\/wp\/v2\/posts"}],"about":[{"href":"https:\/\/www.europesays.com\/it\/wp-json\/wp\/v2\/types\/post"}],"author":[{"embeddable":true,"href":"https:\/\/www.europesays.com\/it\/wp-json\/wp\/v2\/users\/3"}],"replies":[{"embeddable":true,"href":"https:\/\/www.europesays.com\/it\/wp-json\/wp\/v2\/comments?post=665011"}],"version-history":[{"count":0,"href":"https:\/\/www.europesays.com\/it\/wp-json\/wp\/v2\/posts\/665011\/revisions"}],"wp:featuredmedia":[{"embeddable":true,"href":"https:\/\/www.europesays.com\/it\/wp-json\/wp\/v2\/media\/665012"}],"wp:attachment":[{"href":"https:\/\/www.europesays.com\/it\/wp-json\/wp\/v2\/media?parent=665011"}],"wp:term":[{"taxonomy":"category","embeddable":true,"href":"https:\/\/www.europesays.com\/it\/wp-json\/wp\/v2\/categories?post=665011"},{"taxonomy":"post_tag","embeddable":true,"href":"https:\/\/www.europesays.com\/it\/wp-json\/wp\/v2\/tags?post=665011"}],"curies":[{"name":"wp","href":"https:\/\/api.w.org\/{rel}","templated":true}]}}