{"id":665018,"date":"2026-09-04T18:00:16","date_gmt":"2026-09-04T18:00:16","guid":{"rendered":"https:\/\/www.europesays.com\/it\/665018\/"},"modified":"2026-09-04T18:00:16","modified_gmt":"2026-09-04T18:00:16","slug":"juve-milan-perche-alajbegovic-non-gioca-e-cisse-e-titolare","status":"publish","type":"post","link":"https:\/\/www.europesays.com\/it\/665018\/","title":{"rendered":"Juve-Milan, perch\u00e9 Alajbegovic non gioca e Cisse \u00e8 titolare"},"content":{"rendered":"<p>                                Ruolo simile, storie diverse e un inizio di stagione agli opposti per i due esterni di Spalletti e Amorim, su cui sono riposte grandi aspettative per il futuro<\/p>\n<p>\n                                                                    Fabio Russo e Andrea Ramazzotti\n                            <\/p>\n<p>                    4 settembre &#8211; 18:42  &#8211; MILANO<\/p>\n<p class=\"paragraph\" spellcheck=\"true\">Uno ha gi\u00e0 giocato i Mondiali e le coppe europee, l&#8217;altro ha alle spalle soltanto una stagione da titolare in Serie B. Uno \u00e8 costato oltre 30 milioni, l&#8217;altro una decina compresi i bonus. Entrambi appena maggiorenni (li divide un anno), stessa mattonella di campo da cui inventare, Kerim Alajbegovic e Alphadio Cisse stanno vivendo momenti opposti. E, verosimilmente, i due talenti del futuro di Juve e Milan affronteranno pure Juve-Milan di domenica sera da prospettive diverse: dalla panchina il bosniaco, da titolare l&#8217;azzurrino. Anche per situazioni di squadra differenti e approcci diversi nei loro confronti da parte di Spalletti e Amorim.<\/p>\n<p>    juve, alajbegovic e la gestione di spalletti\u2014 \u00a0<\/p>\n<p class=\"paragraph is-inline\" spellcheck=\"true\">Protezione di un acquisto &#8220;un po&#8217; giovane, ma di prospettiva importante&#8221;, &#8220;quello pi\u00f9 chiacchierato&#8221;: la parola d&#8217;ordine di Spalletti, fin dai primi momenti dell&#8217;arrivo di Alajbegovic in bianconero, \u00e8 stata &#8220;tutela&#8221;. Vuoi perch\u00e9 partiva chiaramente alle spalle di Yildiz nelle gerarchie, fino all&#8217;infortunio al piede del turco, vuoi perch\u00e9 consapevole che le troppe attese, complice anche la cifra investita, potessero giocargli brutti scherzi. &#8220;Ha delle qualit\u00e0 e ora \u00e8 smanioso di far vedere il suo bagaglio di potenzialit\u00e0, ma noi non ci faremo travolgere da questo&#8221;, aveva ammonito l&#8217;ex ct della Nazionale prima della partita contro il Parma. Ma l&#8217;allenatore della Juve non ha mai dubitato che l&#8217;esterno sinistro bosniaco, che, anzi, grazie alla sua capacit\u00e0 di calciare con entrambi i piedi (&#8220;crea lo schock temporale&#8221;) e alla bravura nel vedere la giocata (&#8220;anticipa e vede quella successiva), il tecnico toscano vorrebbe plasmare come &#8220;trequartista abile nell&#8217;angusto&#8221;, che dal mercato non \u00e8 arrivato. Un lavoro da vasaio che, per\u00f2, impone un percorso lungo e impone tanto lavoro in allenamento, anche a costo di sacrificare qualcosa a livello di minutaggio in campo. Intanto, complici i contemporanei ko di McKennie e Yildiz, per Alajbegovic \u00e8 arrivato il battesimo in Serie A. Il momento, per lui, \u00e8 adesso. Anche a costo di proteggerlo un po&#8217; meno&#8230;\u00a0<\/p>\n<p><a class=\"is-partner-link\" href=\"https:\/\/ad.doubleclick.net\/ddm\/trackclk\/N1792338.340088CAIRORCSMEDIAS.P.\/B28038690.452531709;dc_trk_aid=646241311;dc_trk_cid=173665161;dc_lat=;dc_rdid=;tag_for_child_directed_treatment=;tfua=;gdpr=%24%7BGDPR%7D;gdpr_consent=%24%7BGDPR_CONSENT_755%7D;ltd=;dc_tdv=1\" rel=\"nofollow noopener\" target=\"_blank\">Guarda tutte le partite di Serie A Enilive in esclusiva nei locali Sky! Trova il locale pi\u00f9 vicino a te.<\/a><\/p>\n<p>    cisse, dalla b a titolare in juve-milan?\u2014 \u00a0<\/p>\n<p class=\"paragraph is-inline\" spellcheck=\"true\">Nella vita, infatti, \u00e8 importante trovarsi al posto giusto nel momento giusto. E Alphadjo Cisse lo ha fatto, cos\u00ec ha colto l&#8217;occasione che potrebbe cambiargli la carriera. Acquistato lo scorso gennaio dal Verona per 8 milioni pi\u00f9 2 di bonus, \u00e8 stato lasciato in prestito al Catanzaro dove aveva iniziato alla grande il campionato di Serie B fino al grave infortunio muscolare che gli ha fatto terminare la stagione prima di primavera. Era stato comprato per fare parte di Milan Futuro e invece si \u00e8 preso un posto nella squadra titolare di Amorim contro il Torino e il Venezia. Perch\u00e9? Perch\u00e9 \u00e8 stato bravo lui a iniziare la nuova avventura con la giusta testa, tanto impegno e l&#8217;abilit\u00e0 nel mettere in mostra le sue qualit\u00e0 tecniche. In pi\u00f9 ha avuto almeno un paio di circostante favorevoli dalla sua parte: l&#8217;infortunio di Pulisic al Mondiale, che ha obbligato l&#8217;americano a iniziare la preparazione a parte, e la volont\u00e0 di Leao di andarsene, desiderio poi soddisfatto sul mercato. Di fatto nel 3-4-2-1 di Amorim, per la posizione di trequartista di sinistra, Cisse si \u00e8 trovato senza concorrenti per la maglia da titolare. Eccezion fatta per Saelemaekers che comunque non \u00e8 un trequartista o una seconda punta &#8220;pura&#8221;. Alphadjo cos\u00ec ha segnato all&#8217;esordio, sbloccando il risultato contro il Torino, e non ha demeritato contro il Venezia. L&#8217;ipotesi di mandarlo in prestito a giocare \u00e8 svanita e rester\u00e0 almeno fino a gennaio in rossonero. Poi si vedr\u00e0. Contro la Juventus pu\u00f2 essere titolare per la terza volta su tre perch\u00e9 ci mette corsa, sacrificio nella fase di recupero del pallone, impegno e sfrontatezza. Al tecnico portoghese piace parecchio e vuole dargli fiducia. Non solo perch\u00e9 finora sono arrivate due vittorie su due. Allo Stadium sar\u00e0 un match importante per Cisse. Non quello della verit\u00e0, ma di sicuro un impegno che far\u00e0 capire se \u00e8 gi\u00e0 pronto per essere&#8230; il titolare anche in grandi gare. Lui non \u00e8 preoccupato e in settimana si \u00e8 allenato bene come al solito. Senza pensare ad altro. Sta vivendo un sogno e non vuole svegliarsi.<\/p>\n<p class=\"is-copyright\">\u00a9 RIPRODUZIONE RISERVATA<\/p>\n","protected":false},"excerpt":{"rendered":"Ruolo simile, storie diverse e un inizio di stagione agli opposti per i due esterni di Spalletti e&hellip;\n","protected":false},"author":3,"featured_media":665019,"comment_status":"","ping_status":"","sticky":false,"template":"","format":"standard","meta":{"footnotes":"","_share_on_mastodon":"0"},"categories":[1452],"tags":[189767,839,193723,50020,3077,587,119171,721,921,46661,6016,5115,1740,2614,1975,1251,1167,38007,48,2885,10815,1537,90,89,565,23780,1412,553,4003,62081,6840,4963,1821,1739,7617,24806,366488,245,244,1857,577,3375,26462,1641,29740,2959,222,118566,40605,4969],"class_list":["post-665018","post","type-post","status-publish","format-standard","has-post-thumbnail","category-calcio","tag-alajbegovic","tag-almeno","tag-alphadjo","tag-amorim","tag-arrivato","tag-bonus","tag-bosniaco","tag-calcio","tag-campo","tag-cisse","tag-costo","tag-diverse","tag-football","tag-gennaio","tag-giusto","tag-grandi","tag-impegno","tag-impone","tag-importante","tag-infortunio","tag-iniziare","tag-it","tag-italia","tag-italy","tag-juve","tag-juve-milan","tag-mercato","tag-milan","tag-momenti","tag-opposti","tag-prestito","tag-qualita","tag-serie","tag-soccer","tag-spalle","tag-spalletti","tag-spalletti-amorim","tag-sport","tag-sports","tag-squadra","tag-stagione","tag-tecnico","tag-titolare","tag-torino","tag-trequartista","tag-vedere","tag-venezia","tag-vivendo","tag-vuoi","tag-vuole"],"share_on_mastodon":{"url":"","error":"Validation failed: Text character limit of 500 exceeded"},"_links":{"self":[{"href":"https:\/\/www.europesays.com\/it\/wp-json\/wp\/v2\/posts\/665018","targetHints":{"allow":["GET"]}}],"collection":[{"href":"https:\/\/www.europesays.com\/it\/wp-json\/wp\/v2\/posts"}],"about":[{"href":"https:\/\/www.europesays.com\/it\/wp-json\/wp\/v2\/types\/post"}],"author":[{"embeddable":true,"href":"https:\/\/www.europesays.com\/it\/wp-json\/wp\/v2\/users\/3"}],"replies":[{"embeddable":true,"href":"https:\/\/www.europesays.com\/it\/wp-json\/wp\/v2\/comments?post=665018"}],"version-history":[{"count":0,"href":"https:\/\/www.europesays.com\/it\/wp-json\/wp\/v2\/posts\/665018\/revisions"}],"wp:featuredmedia":[{"embeddable":true,"href":"https:\/\/www.europesays.com\/it\/wp-json\/wp\/v2\/media\/665019"}],"wp:attachment":[{"href":"https:\/\/www.europesays.com\/it\/wp-json\/wp\/v2\/media?parent=665018"}],"wp:term":[{"taxonomy":"category","embeddable":true,"href":"https:\/\/www.europesays.com\/it\/wp-json\/wp\/v2\/categories?post=665018"},{"taxonomy":"post_tag","embeddable":true,"href":"https:\/\/www.europesays.com\/it\/wp-json\/wp\/v2\/tags?post=665018"}],"curies":[{"name":"wp","href":"https:\/\/api.w.org\/{rel}","templated":true}]}}