{"id":665031,"date":"2026-09-04T18:08:13","date_gmt":"2026-09-04T18:08:13","guid":{"rendered":"https:\/\/www.europesays.com\/it\/665031\/"},"modified":"2026-09-04T18:08:13","modified_gmt":"2026-09-04T18:08:13","slug":"salmonella-135-medici-colpiti-nello-stesso-ospedale-dove-si-nasconde-il-batterio-che-continua-a-provocare-focolai","status":"publish","type":"post","link":"https:\/\/www.europesays.com\/it\/665031\/","title":{"rendered":"Salmonella, 135 medici colpiti nello stesso ospedale: dove si nasconde il batterio che continua a provocare focolai"},"content":{"rendered":"<p>\u00c8 bastato un improvviso aumento di medici con <strong>diarrea, dolori addominali, febbre e vomito<\/strong> per far scattare l\u2019allarme all\u2019<strong>Hospital General de M\u00e9xico \u201cDr. Eduardo Liceaga\u201d<\/strong>, uno dei principali ospedali pubblici del Paese.<\/p>\n<p>Il bilancio \u00e8 importante: <strong>135 medici residenti e di alta specializzazione<\/strong> hanno manifestato sintomi e <strong>41 sono stati ricoverati<\/strong> per essere sottoposti a sorveglianza e trattamento. Le loro condizioni sono indicate come <strong>stabili<\/strong>.<\/p>\n<p>Gli esami hanno confermato la presenza di <strong>Salmonella spp.<\/strong> nei casi analizzati. In due persone \u00e8 stata riscontrata anche una coinfezione da <strong>Escherichia coli enterotossigenico<\/strong>.<\/p>\n<p>Il focolaio \u00e8 stato individuato il <strong>31 agosto<\/strong>. Sotto osservazione \u00e8 finito il <strong>servizio di ristorazione<\/strong> utilizzato dai medici, immediatamente <strong>sospeso<\/strong>. Ma un punto va chiarito: non \u00e8 stato ancora dimostrato quale alimento abbia provocato il focolaio n\u00e9 che la contaminazione sia avvenuta effettivamente nella <strong>mensa<\/strong>. Le <strong>autorit\u00e0 sanitarie<\/strong> stanno ricostruendo preparazione, conservazione e distribuzione dei pasti per individuare la fonte.<\/p>\n<p><strong>Salmonella<\/strong>, non ci sono soltanto <strong>uova e pollo<\/strong><\/p>\n<p>Il <strong>caso messicano<\/strong> riporta l\u2019attenzione su uno dei pi\u00f9 conosciuti <strong>batteri responsabili di infezioni alimentari<\/strong>.<\/p>\n<p>Quando si parla di <strong>Salmonella<\/strong> si pensa soprattutto a <strong>uova crude o poco cotte, carne<\/strong> e preparazioni contaminate. Ma i focolai pi\u00f9 recenti dimostrano che il batterio pu\u00f2 essere associato anche ad alimenti decisamente meno sospetti.<\/p>\n<p>Nel <strong>2026<\/strong> un focolaio di <strong>Salmonella Bovismorbificans<\/strong> ha provocato <strong>109 casi confermati<\/strong> in <strong>dieci Paesi<\/strong> dell\u2019Unione europea e dello Spazio economico europeo e nel Regno Unito. <strong>Diciotto persone<\/strong> sono state ricoverate. Le indagini di <strong>ECDC ed EFSA<\/strong> hanno individuato come principale veicolo dell\u2019infezione <strong>germogli di erba medica<\/strong> ottenuti da <strong>semi commercializzati dall\u2019Italia<\/strong>.<\/p>\n<p>E non \u00e8 l\u2019unico episodio.<\/p>\n<p>Un altro focolaio europeo, questa volta di <strong>Salmonella Stanley<\/strong>, ha raggiunto <strong>106 casi confermati<\/strong>, soprattutto tra bambini e giovani adulti, con almeno <strong>49 ricoveri<\/strong>. Il veicolo pi\u00f9 probabile? Alcuni <strong>noodles aromatizzati<\/strong>, nei quali \u00e8 stato individuato il <strong>ceppo responsabile<\/strong> dell\u2019epidemia.<\/p>\n<p>Due episodi che mostrano quanto sia <strong>difficile associare il rischio a una sola categoria di alimenti<\/strong>.<\/p>\n<p><strong>Cosa succede dopo aver mangiato un alimento contaminato<\/strong><\/p>\n<p>La <strong>Salmonella<\/strong> raggiunge l\u2019<strong>intestino<\/strong> e scatena una risposta infiammatoria che pu\u00f2 provocare <strong>diarrea, crampi addominali, febbre, nausea e vomito<\/strong>.<\/p>\n<p>I disturbi non necessariamente iniziano subito dopo il pasto sospetto. Possono comparire nel giro di <strong>poche ore oppure dopo alcuni giorni<\/strong>, rendendo non sempre semplice capire quale alimento abbia causato l\u2019infezione.<\/p>\n<p>Nella maggior parte delle persone la <strong>salmonellosi<\/strong> si risolve spontaneamente. Una particolare attenzione \u00e8 per\u00f2 necessaria nei <strong>bambini piccoli, negli anziani e nelle persone con difese immunitarie compromesse<\/strong>, nelle quali aumenta il rischio di forme pi\u00f9 serie.<\/p>\n<p>Gli <strong>antibiotici<\/strong>, inoltre, non vengono utilizzati automaticamente in tutti i casi: nelle forme intestinali non complicate il trattamento \u00e8 soprattutto di supporto, a partire dalla <strong>reidratazione<\/strong>, mentre la <strong>terapia antibiotica<\/strong> viene riservata alle situazioni nelle quali \u00e8 indicata dal medico.<\/p>\n<p><strong>La protezione comincia in cucina<\/strong><\/p>\n<p><strong>Lavarsi bene le mani<\/strong>, evitare che <strong>carne e uova crude<\/strong> entrino in contatto con alimenti gi\u00e0 pronti, <strong>cuocere adeguatamente i cibi<\/strong> e rispettare <strong>temperature e modalit\u00e0 di conservazione<\/strong> restano le difese pi\u00f9 efficaci.<\/p>\n<p>Perch\u00e9 la lezione che arriva dai <strong>focolai del 2026<\/strong> \u00e8 proprio questa: <strong>Salmonella \u00e8 un rischio conosciuto da decenni, ma gli alimenti attraverso i quali pu\u00f2 raggiungerci non sono sempre quelli che immaginiamo<\/strong>.<\/p>\n<p><img loading=\"lazy\" decoding=\"async\" src=\"https:\/\/www.europesays.com\/it\/wp-content\/uploads\/2026\/09\/ChatGPT_Image_4_set_2026,_15_32_37-1788528781454.webp\" alt=\"\" width=\"1024\" height=\"1536\" caption=\"false\"\/><\/p>\n<p><strong>Fonti:<\/strong><\/p>\n<p><strong>Hospital General de M\u00e9xico e Secretar\u00eda de Salud del Messico<\/strong>, comunicazioni sul focolaio di gastroenterite, 3-4 settembre 2026; <strong>ECDC-EFSA<\/strong>, Rapid Outbreak Assessment \u2013 <strong>Salmonella Bovismorbificans ST377 linked to alfalfa sprouted seeds<\/strong>, 25 giugno 2026; <strong>ECDC-EFSA<\/strong>, <strong>Multi-country outbreak of Salmonella Stanley ST2045 infections linked to flavoured noodle products<\/strong>, 1 luglio 2026; <strong>ECDC-EFSA<\/strong>, European Union One Health Zoonoses Report; <strong>CDC<\/strong>, Salmonella \u2013 Signs and Symptoms<\/p>\n","protected":false},"excerpt":{"rendered":"\u00c8 bastato un improvviso aumento di medici con diarrea, dolori addominali, febbre e vomito per far scattare l\u2019allarme&hellip;\n","protected":false},"author":3,"featured_media":665032,"comment_status":"","ping_status":"","sticky":false,"template":"","format":"standard","meta":{"footnotes":"","_share_on_mastodon":"0"},"categories":[175],"tags":[366489,72623,52646,239,366490,1537,90,89,13549,365,106649,366491,366492,240],"class_list":["post-665031","post","type-post","status-publish","format-standard","has-post-thumbnail","category-salute","tag-dr-eduardo-liceaga","tag-ecdc","tag-efsa","tag-health","tag-hospital-general-de-mexico","tag-it","tag-italia","tag-italy","tag-messico","tag-regno-unito","tag-salmonella","tag-salmonella-bovismorbificans","tag-salmonella-stanley","tag-salute"],"share_on_mastodon":{"url":"https:\/\/pubeurope.com\/@it\/117214112795226261","error":""},"_links":{"self":[{"href":"https:\/\/www.europesays.com\/it\/wp-json\/wp\/v2\/posts\/665031","targetHints":{"allow":["GET"]}}],"collection":[{"href":"https:\/\/www.europesays.com\/it\/wp-json\/wp\/v2\/posts"}],"about":[{"href":"https:\/\/www.europesays.com\/it\/wp-json\/wp\/v2\/types\/post"}],"author":[{"embeddable":true,"href":"https:\/\/www.europesays.com\/it\/wp-json\/wp\/v2\/users\/3"}],"replies":[{"embeddable":true,"href":"https:\/\/www.europesays.com\/it\/wp-json\/wp\/v2\/comments?post=665031"}],"version-history":[{"count":0,"href":"https:\/\/www.europesays.com\/it\/wp-json\/wp\/v2\/posts\/665031\/revisions"}],"wp:featuredmedia":[{"embeddable":true,"href":"https:\/\/www.europesays.com\/it\/wp-json\/wp\/v2\/media\/665032"}],"wp:attachment":[{"href":"https:\/\/www.europesays.com\/it\/wp-json\/wp\/v2\/media?parent=665031"}],"wp:term":[{"taxonomy":"category","embeddable":true,"href":"https:\/\/www.europesays.com\/it\/wp-json\/wp\/v2\/categories?post=665031"},{"taxonomy":"post_tag","embeddable":true,"href":"https:\/\/www.europesays.com\/it\/wp-json\/wp\/v2\/tags?post=665031"}],"curies":[{"name":"wp","href":"https:\/\/api.w.org\/{rel}","templated":true}]}}