{"id":665053,"date":"2026-09-04T18:27:18","date_gmt":"2026-09-04T18:27:18","guid":{"rendered":"https:\/\/www.europesays.com\/it\/665053\/"},"modified":"2026-09-04T18:27:18","modified_gmt":"2026-09-04T18:27:18","slug":"milan-cardinale-da-una-visita-ogni-tanto-a-presenza-fissa","status":"publish","type":"post","link":"https:\/\/www.europesays.com\/it\/665053\/","title":{"rendered":"Milan: Cardinale, da &#8220;una visita ogni tanto&#8221; a &#8220;presenza fissa&#8221;"},"content":{"rendered":"<p>                                Dal 25 maggio, quando ha licenziato con un unico comunicato stampa il tecnico Allegri, l&#8217;ad Furlani, il ds Tare e il dt Moncada, il numero uno di RedBird ha cambiato marcia<\/p>\n<p>            <a class=\"image is-50x50\" href=\"https:\/\/www.gazzetta.it\/redazione\/andrea-ramazzotti\/\" rel=\"nofollow noopener\" target=\"_blank\"><br \/>\n                <img decoding=\"async\" class=\"is-rounded\" src=\"https:\/\/www.europesays.com\/it\/wp-content\/uploads\/2025\/11\/andrea_ramazzotti_avatar.png\" alt=\"Andrea Ramazzotti\"\/><br \/>\n            <\/a><\/p>\n<p>Giornalista<\/p>\n<p>                    4 settembre &#8211; 19:13  &#8211; MILANO<\/p>\n<p class=\"paragraph\" spellcheck=\"true\">Rispetto a qualche mese fa \u00e8 cambiato tutto. Da comportarsi come fanno i proprietari americani di una squadra di calcio inglese (generalmente quasi mai presenti), Gerry Cardinale \u00e8 diventato&#8230; un proprietario italiano di un squadra italiana (ovvero \u00e8 sempre presente). E se in passato faceva notizia il suo sbarco a San Siro, adesso \u00e8 insolito non vederlo alla vigilia di una gara di campionato o il giorno della partita, sugli spalti per tifare per il suo Milan. Il numero uno di RedBird ha cambiato marcia: resta un grande imprenditore che ha interessi al di l\u00e0 e al di qua dell&#8217;Oceano, gestisce un fondo che ha investimenti per miliardi di dollari e le sue attivit\u00e0 spaziano in molti settori extra sport, ma per il suo Milan ha sempre tempo. Tanto tempo. E soprattutto \u00e8 presente nel prendere tutte le decisioni importanti. Anche quelle della quotidianit\u00e0. Se \u00e8 un caso che, con queste nuove condizioni, la squadra sia partita vincendo due volte su due in campionato, decidetelo voi. Di certo il gruppo &#8220;sente&#8221; la\u00a0 presenza del proprietario e sia i giocatori sia il tecnico la catalogano tra i fattori positivi. Qualcosa a Milanello (forse) \u00e8 cambiato. E Cardinale c&#8217;entra positivamente&#8230;<\/p>\n<p>        25 maggio\u2014 \u00a0<\/p>\n<p class=\"paragraph\" spellcheck=\"true\">In questa storia a tinte rossonere ci sono due date chiave che sono il 24 e il 25 maggio. Il 24 maggio, domenica, va in scena Milan-Cagliari e la formazione di Allegri, perdendo in casa all&#8217;ultima giornata contro i sardi, vede sfumare la qualificazione alla Champions che per tutta la stagione aveva sempre avuto saldamente in mano. Cardinale se ne va dallo stadio amareggiato e deluso. Il giorno dopo, e siamo a luned\u00ec 25, con un comunicato stampa licenzia il tecnico Allegri, l&#8217;ad Furlani, il ds Tare e il dt Moncada. Il Milan di fatto \u00e8 una societ\u00e0 azzerata, volutamente azzerata, un passo necessario per far partire il suo piano di ristrutturazione del club a tutti i livelli. Con una costante: il numero uno di RedBird \u00e8 al centro di ogni decisione, ma il suo non \u00e8 un &#8220;one man show&#8221;. Ha concentrato il lavoro di sei mesi in meno di uno e cos\u00ec ha scelto un nuovo allenatore (Amorim), ha un nuovo ad di fiducia (Calvelli) che era gi\u00e0 suo collaboratore (per RedBird) e del quale si fida ciecamente per la parte economica e ha nominato nuovi collaboratori per l&#8217;area tecnica (Almstadt, Gardiner, Kirovski e Lomonte) che svolgono tutti funzioni importanti nella scelta dei nuovi acquisti. Adesso il Diavolo ha una struttura per certi versi anomala per il calcio italiano perch\u00e9, per esempio, non ha un ds con esperienza (utile soprattutto nelle trattative in uscita), ma ha comunque condotto un mercato importante in entrata ed \u00e8 partito con due vittorie su due. Quanto c&#8217;entra Cardinale in questo processo? Non poco. La riorganizzazione \u00e8 stata pensata e messa in atto da lui. E i risultati per ora gli danno ragione. L&#8217;ultimo verdetto, quello decisivo, arriver\u00e0 a fine maggio, ma intanto l&#8217;americano si gode il momento e domenica all&#8217;Allianz Stadium, quando sar\u00e0 presente (ma ormai non \u00e8&#8230; una notizia), spera che il momento positivo continui.<\/p>\n<p>        LA STORIA DI GERRY\u2014 \u00a0<\/p>\n<p class=\"paragraph\" spellcheck=\"true\">Gerry Cardinale come imprenditore, alla guida del fondo RedBird, ormai lo conoscono tutti. Idem la sua storia da quando il 31 agosto 2022 \u00e8 stato firmato il closing con Elliott ed \u00e8 diventato proprietario del club che \u00e8 stato di Silvio Berlusconi. Inutile adesso tornare sulle scelte del passato, sull&#8217;unico trofeo conquistato (la Supercoppa italiana del 2025), sulla gestione dei primi quattro anni e sul perch\u00e9 sia stato presente molto meno rispetto ad adesso (c&#8217;era un vendor loan con Elliott da estinguere; la piazza non condivideva certe scelte ecc). Ora contano soprattutto il presente e il cambio di marcia che Cardinale ha impresso. Con scelte forti, ma soprattutto spendendo tanti soldi. Perch\u00e9, al di l\u00e0 dei risultati che arriveranno, comunque gli va riconosciuto, da giugno scorso, di aver messo pesantemente mano al portofoglio (150 i milioni spesi solo per acquistare Ramos, Gila e Moreira), di aver preso un allenatore ambizioso, con un gioco molto propositivo e che prima dell&#8217;esperienza allo United era considerato uno dei migliori in Europa (Amorim), di essere sempre accanto alla squadra e di trasmettere una carica e una voglia di Milan pazzeschi. Lasciate perdere l&#8217;arrivo in elicottero a Milanello e i paragoni con Berlusconi che in questo momento, visti i trionfi del Cavaliere in rossonero, sarebbero fuori luogo. Cardinale per\u00f2 ha deciso di essere presente. Sempre. Ha ammesso i suoi errori e quel 25 maggio \u00e8 ripartito. Anzi, ha cambiato marcia. Lui e il Milan. In attesa di capire se durer\u00e0, la classifica dice che Amorim \u00e8 primo in classifica con 6 punti come l&#8217;Inter, la Roma, la Juventus, la Lazio e l&#8217;Atalanta. Il cammino \u00e8 lungo, ma l&#8217;inizio \u00e8 stato all&#8217;altezza delle aspettative. Migliore rispetto a quello con Fonseca e Allegri ovvero rispetto alle ultime due stagioni.<\/p>\n<p><a class=\"is-partner-link\" href=\"https:\/\/ad.doubleclick.net\/ddm\/trackclk\/N1792338.340088CAIRORCSMEDIAS.P.\/B28038690.452531709;dc_trk_aid=646241311;dc_trk_cid=173665161;dc_lat=;dc_rdid=;tag_for_child_directed_treatment=;tfua=;gdpr=%24%7BGDPR%7D;gdpr_consent=%24%7BGDPR_CONSENT_755%7D;ltd=;dc_tdv=1\" rel=\"nofollow noopener\" target=\"_blank\">Guarda tutte le partite di Serie A Enilive in esclusiva nei locali Sky! Trova il locale pi\u00f9 vicino a te.<\/a><\/p>\n<p>        LE DECISIONI\u2014 \u00a0<\/p>\n<p class=\"paragraph\" spellcheck=\"true\">Se i risultati positivi di questa calda estate siano frutto del nuovo modo di prendere le decisioni che Cardinale ha imposto, non \u00e8 provabile con certezza. Di certo per\u00f2, rispetto al passato, per fare un acquisto le tempistiche si sono molto accorciate perch\u00e9 Gerry sovrintende tutto il processo. Come detto non c&#8217;\u00e8 un &#8220;one man show&#8221;, ma passi ben definiti per scegliere i rinforzi. Amorim ha valutato la rosa, ha individuato le necessit\u00e0 della squadra (su tutte il centravanti e un difensore centrale rapido; lacune colmate con l&#8217;arrivo di Ramos e Gila a inizio luglio) e le ha comunicate al team di Football Intelligence creato da Cardinale (Almstadt, Gardiner, Kirovski e Lomonte). Quest&#8217;ultimo\u00a0ha utilizzato l&#8217;attivit\u00e0 di scouting e i dati per stilareuna shortlist di candidati per ogni ruolo, esaminata insieme ad Amorim per indicare gli obiettivi prioritari. Da l\u00ec in poi sono partite le trattative portate avanti dal direttore player trading (Almstadt) insieme a Cardinale con i club proprietari dei cartellini dei giocatori. Cardinale ha accettato di pagare qualche milione in pi\u00f9 i rinforzi pur di avere la prima scelta del suo allenatore (che ha avuto l&#8217;ultima parola a livello tecnico tattico), di non dover fare aste, di mettere a disposizione del tecnico i nuovi il prima possibile. Esempio per capire cosa succedeva in passato: ricordate quanto tempo \u00e8 stato necessario per acquistare Fofana dal Monaco? Due mesi. E quando il francese \u00e8 entrato davvero in forma? Dopo la terza giornata di Serie A. Ramos e Gila sono tonici dalla prima giornata, sempre tra i migliori. Che vantaggio ci sar\u00e0 a livello di punti, \u00e8 difficile dirlo. Per\u00f2 di certo Amorim ringrazia la rivoluzione di Cardinale. Poi \u00e8 chiaro (e va sottolineato) che il Milan non\u00e8 una squadra completa in tutti i reparti (difficile pensare di comprare 10 top player in una sola sessione di mercato), ma adesso ha principi cardine importante: spazio ai giovani prodotti in casa, niente acquisti all&#8217;ultimo minuto o per soddisfare i tifosi, ma operazioni programmate e fatte per tempo. Con il mercato chiuso, la parola ora \u00e8 passata al campo, ma l&#8217;inizio di stagione permette a Gerry di sorridere e di essere sempre a Milanello o allo stadio. Rispetto a 12 mesi fa \u00e8 una rivoluzione. La rivoluzione di Cardinale.<\/p>\n<p class=\"is-copyright\">\u00a9 RIPRODUZIONE RISERVATA<\/p>\n","protected":false},"excerpt":{"rendered":"Dal 25 maggio, quando ha licenziato con un unico comunicato stampa il tecnico Allegri, l&#8217;ad Furlani, il ds&hellip;\n","protected":false},"author":3,"featured_media":665054,"comment_status":"","ping_status":"","sticky":false,"template":"","format":"standard","meta":{"footnotes":"","_share_on_mastodon":"0"},"categories":[1452],"tags":[18381,5881,3076,366494,366495,1960,303191,366496,366497,50020,1262,1498,366498,2436,721,2295,125946,1856,6880,843,1932,554,2275,14507,19552,6927,1112,7210,270615,366499,20432,280956,91466,12028,4876,45,1740,599,366500,366501,141757,366502,366503,32359,223037,3028,3412,5183,48,2666,5560,1302,1537,90,4945,89,707,13417,1412,553,23161,1312,206793,4483,489,492,17921,24823,316721,33177,1270,5389,2718,50410,1739,337,245,244,1857,1567,3375],"class_list":["post-665053","post","type-post","status-publish","format-standard","has-post-thumbnail","category-calcio","tag-acquistare","tag-acquisti","tag-allegri","tag-allegri-furlani","tag-allegri-furlani-ds","tag-allenatore","tag-almstadt","tag-almstadt-gardiner","tag-almstadt-gardiner-kirovski","tag-amorim","tag-arrivo","tag-attivita","tag-azzerata","tag-berlusconi","tag-calcio","tag-cambiato","tag-cambiato-marcia","tag-campionato","tag-capire","tag-cardinale","tag-classifica","tag-club","tag-comunicato","tag-comunicato-stampa","tag-decisioni","tag-difficile","tag-domenica","tag-ds","tag-ds-tare","tag-ds-tare-dt","tag-dt","tag-dt-moncada","tag-elliott","tag-entra","tag-esperienza","tag-fondo","tag-football","tag-furlani","tag-furlani-ds","tag-furlani-ds-tare","tag-gardiner","tag-gardiner-kirovski","tag-gardiner-kirovski-lomonte","tag-gerry","tag-gerry-cardinale","tag-gila","tag-giocatori","tag-giornata","tag-importante","tag-importanti","tag-imprenditore","tag-inizio","tag-it","tag-italia","tag-italiana","tag-italy","tag-maggio","tag-marcia","tag-mercato","tag-milan","tag-milanello","tag-numero","tag-numero-redbird","tag-nuovi","tag-passato","tag-presente","tag-proprietario","tag-ramos","tag-ramos-gila","tag-redbird","tag-rispetto","tag-risultati","tag-rivoluzione","tag-scelte","tag-soccer","tag-soprattutto","tag-sport","tag-sports","tag-squadra","tag-storia","tag-tecnico"],"share_on_mastodon":{"url":"","error":"Validation failed: Text character limit of 500 exceeded"},"_links":{"self":[{"href":"https:\/\/www.europesays.com\/it\/wp-json\/wp\/v2\/posts\/665053","targetHints":{"allow":["GET"]}}],"collection":[{"href":"https:\/\/www.europesays.com\/it\/wp-json\/wp\/v2\/posts"}],"about":[{"href":"https:\/\/www.europesays.com\/it\/wp-json\/wp\/v2\/types\/post"}],"author":[{"embeddable":true,"href":"https:\/\/www.europesays.com\/it\/wp-json\/wp\/v2\/users\/3"}],"replies":[{"embeddable":true,"href":"https:\/\/www.europesays.com\/it\/wp-json\/wp\/v2\/comments?post=665053"}],"version-history":[{"count":0,"href":"https:\/\/www.europesays.com\/it\/wp-json\/wp\/v2\/posts\/665053\/revisions"}],"wp:featuredmedia":[{"embeddable":true,"href":"https:\/\/www.europesays.com\/it\/wp-json\/wp\/v2\/media\/665054"}],"wp:attachment":[{"href":"https:\/\/www.europesays.com\/it\/wp-json\/wp\/v2\/media?parent=665053"}],"wp:term":[{"taxonomy":"category","embeddable":true,"href":"https:\/\/www.europesays.com\/it\/wp-json\/wp\/v2\/categories?post=665053"},{"taxonomy":"post_tag","embeddable":true,"href":"https:\/\/www.europesays.com\/it\/wp-json\/wp\/v2\/tags?post=665053"}],"curies":[{"name":"wp","href":"https:\/\/api.w.org\/{rel}","templated":true}]}}