{"id":665059,"date":"2026-09-04T18:31:20","date_gmt":"2026-09-04T18:31:20","guid":{"rendered":"https:\/\/www.europesays.com\/it\/665059\/"},"modified":"2026-09-04T18:31:20","modified_gmt":"2026-09-04T18:31:20","slug":"paradise-torna-su-rai2-con-massimo-ranieri-raoul-bova-e-terence-hill-tra-venezia-e-laquila","status":"publish","type":"post","link":"https:\/\/www.europesays.com\/it\/665059\/","title":{"rendered":"Paradise torna su Rai2 con Massimo Ranieri, Raoul Bova e Terence Hill tra Venezia e L&#8217;Aquila"},"content":{"rendered":"<p>\n                            Ogni giorno le notizie pi\u00f9 lette della giornata<br \/>\n                            <b>Iscriviti<\/b> e ricevi le notizie via email\n                        <\/p>\n<p><a href=\"https:\/\/www.ilmattino.it\/t\/massimo-ranieri\" rel=\"nofollow noopener\" target=\"_blank\">Massimo Ranieri<\/a>, <a href=\"https:\/\/www.ilmattino.it\/t\/terence-hill\" rel=\"nofollow noopener\" target=\"_blank\">Terence Hill<\/a>, <a href=\"https:\/\/www.ilmattino.it\/t\/raoul-bova\" rel=\"nofollow noopener\" target=\"_blank\">Raoul Bova<\/a>, <a href=\"https:\/\/www.ilmattino.it\/t\/gianni-morandi\" rel=\"nofollow noopener\" target=\"_blank\">Gianni Morandi<\/a>, <a href=\"https:\/\/www.ilmattino.it\/t\/pietro-castellitto\" rel=\"nofollow noopener\" target=\"_blank\">Pietro Castellitto<\/a>, <a href=\"https:\/\/www.ilmattino.it\/t\/alberto-barbera\" rel=\"nofollow noopener\" target=\"_blank\">Alberto Barbera<\/a> e <a href=\"https:\/\/www.ilmattino.it\/t\/don-maurizio-patriciello\" rel=\"nofollow noopener\" target=\"_blank\">Don Maurizio Patriciello<\/a>, insieme al ministro <a href=\"https:\/\/www.ilmattino.it\/t\/adolfo-urso\" rel=\"nofollow noopener\" target=\"_blank\">Adolfo Urso<\/a>, alla sottosegretaria <a href=\"https:\/\/www.ilmattino.it\/t\/lucia-borgonzoni\" rel=\"nofollow noopener\" target=\"_blank\">Lucia Borgonzoni<\/a>, al direttore <a href=\"https:\/\/www.ilmattino.it\/t\/cultura\" rel=\"nofollow noopener\" target=\"_blank\">Cultura<\/a> di <a href=\"https:\/\/www.ilmattino.it\/t\/intesa-sanpaolo\" rel=\"nofollow noopener\" target=\"_blank\">Intesa Sanpaolo<\/a> <a href=\"https:\/\/www.ilmattino.it\/t\/michele-coppola\" rel=\"nofollow noopener\" target=\"_blank\">Michele Coppola<\/a>, al presidente di Givova <strong>Giovanni Acanfora<\/strong>, al maestro <a href=\"https:\/\/www.ilmattino.it\/t\/leonardo-de-amicis\" rel=\"nofollow noopener\" target=\"_blank\">Leonardo De Amicis<\/a>, alla conduttrice <a href=\"https:\/\/www.ilmattino.it\/t\/lorena-bianchetti\" rel=\"nofollow noopener\" target=\"_blank\">Lorena Bianchetti<\/a>, agli <a href=\"https:\/\/www.ilmattino.it\/t\/oliver-onions\" rel=\"nofollow noopener\" target=\"_blank\">Oliver Onions<\/a> (Guido e Maurizio De Angelis), all\u2019attrice <strong>Shaen Barletta<\/strong> e al professor <a href=\"https:\/\/www.ilmattino.it\/t\/pietro-lorenzetti\" rel=\"nofollow noopener\" target=\"_blank\">Pietro Lorenzetti<\/a>, sono tra gli ospiti di \u201c<a href=\"https:\/\/www.ilmattino.it\/t\/paradise\" rel=\"nofollow noopener\" target=\"_blank\">Paradise<\/a>\u201d, in onda stasera alle <strong>00:20<\/strong> su <strong>Rai 2<\/strong>, con <strong>replica<\/strong> domenica <strong>6 settembre<\/strong> alle <strong>8:45<\/strong>.<\/p>\n<p>&#13;<\/p>\n<p>APPROFONDIMENTI<\/p>\n<p>&#13;<br \/>\n    &#13;<\/p>\n<p>Il Late Night Show di <a href=\"https:\/\/www.ilmattino.it\/t\/pascal-vicedomini\" rel=\"nofollow noopener\" target=\"_blank\">Pascal Vicedomini<\/a>, giunto alla 18\u00aa puntata, viaggia questa settimana tra due citt\u00e0 simbolo della cultura italiana: <a href=\"https:\/\/www.ilmattino.it\/t\/venezia\" rel=\"nofollow noopener\" target=\"_blank\">Venezia<\/a>, nel pieno della Mostra Internazionale d\u2019Arte Cinematografica, e <strong>L\u2019Aquila<\/strong>, Capitale Italiana della Cultura 2026 e pronta ad accogliere nelle prossime settimane il <a href=\"https:\/\/www.ilmattino.it\/t\/prix-italia\" rel=\"nofollow noopener\" target=\"_blank\">Prix Italia<\/a>, lo storico concorso internazionale della Rai dedicato al meglio della produzione radiofonica, televisiva e multimediale.<\/p>\n<p>A rappresentare idealmente le due citt\u00e0 saranno i rispettivi sindaci, <a href=\"https:\/\/www.ilmattino.it\/t\/simone-venturini\" rel=\"nofollow noopener\" target=\"_blank\">Simone Venturini<\/a> e <a href=\"https:\/\/www.ilmattino.it\/t\/pierluigi-biondi\" rel=\"nofollow noopener\" target=\"_blank\">Pierluigi Biondi<\/a>, protagonisti di un racconto che lega due grandi momenti artistici e culturali capaci di prolungare e rilanciare l\u2019estate italiana.<\/p>\n<p>Da Venezia, il direttore della Mostra <a href=\"https:\/\/www.ilmattino.it\/t\/alberto-barbera\" rel=\"nofollow noopener\" target=\"_blank\">Alberto Barbera<\/a>, nel clou della rassegna cinematografica, far\u00e0 il punto su una delle pi\u00f9 prestigiose manifestazioni mondiali, mentre Pietro Castellitto sar\u00e0 tra le voci del cinema italiano protagonista in Laguna con \u201cSerpenti\u201d di Roberto De Paolis. <\/p>\n<p>Cinema e spettacolo saranno al centro anche degli incontri con Terence Hill, in occasione del raduno del Bud Spencer Fan Club a Cinecitt\u00e0 World, Raoul Bova, tra i volti pi\u00f9 amati dal pubblico italiano, e altri protagonisti della scena artistica nazionale.<\/p>\n<p>Grande spazio alla <a href=\"https:\/\/www.ilmattino.it\/t\/musica\" rel=\"nofollow noopener\" target=\"_blank\">musica<\/a> con Massimo Ranieri e Gianni Morandi, due autentiche icone dello spettacolo italiano, protagonisti di carriere che attraversano generazioni, televisione, cinema e canzone. Con loro anche Lorena Bianchetti e il maestro Leonardo De Amicis, tra i pi\u00f9 apprezzati direttori musicali della televisione e dei grandi eventi italiani, oltre agli Oliver Onions, Guido e Maurizio De Angelis, protagonisti di pagine indimenticabili della musica per il cinema e la televisione.<\/p>\n<p>Da L\u2019Aquila, invece, Paradise racconter\u00e0 una citt\u00e0 diventata simbolo di rinascita attraverso la cultura, nell\u2019anno in cui porta il titolo di Capitale Italiana della Cultura 2026.<\/p>\n<p>Un percorso che unisce spettacolo, istituzioni, territorio e valorizzazione del patrimonio, con gli interventi del ministro Adolfo Urso, della sottosegretaria Lucia Borgonzoni, del Cardinale Jos\u00e9 Tolentino de Mendon\u00e7a e di Michele Coppola, direttore Cultura di Intesa Sanpaolo.<\/p>\n<p>Tra gli altri protagonisti della puntata anche Don Maurizio Patriciello, parroco di <a href=\"https:\/\/www.ilmattino.it\/t\/caivano\" rel=\"nofollow noopener\" target=\"_blank\">Caivano<\/a> e voce impegnata nella difesa della legalit\u00e0. E poi Giovanni Acanfora, presidente di Givova, l\u2019attrice Shaen Barletta, reduce da \u201cBlue\u201d di Eleonora Puglia, e il professor Pietro Lorenzetti, in una puntata che, come da tradizione di Paradise, intreccia cinema, musica, costume, cultura e attualit\u00e0 attraverso incontri con i protagonisti italiani del momento.<\/p>\n","protected":false},"excerpt":{"rendered":"Ogni giorno le notizie pi\u00f9 lette della giornata Iscriviti e ricevi le notizie via email Massimo Ranieri, Terence&hellip;\n","protected":false},"author":3,"featured_media":665060,"comment_status":"","ping_status":"","sticky":false,"template":"","format":"standard","meta":{"footnotes":"","_share_on_mastodon":"0"},"categories":[1444],"tags":[203,204,1537,90,89,90008,65498,5486,253,222],"class_list":["post-665059","post","type-post","status-publish","format-standard","has-post-thumbnail","category-tv","tag-entertainment","tag-intrattenimento","tag-it","tag-italia","tag-italy","tag-paradise","tag-rai2","tag-televisione","tag-tv","tag-venezia"],"share_on_mastodon":{"url":"","error":""},"_links":{"self":[{"href":"https:\/\/www.europesays.com\/it\/wp-json\/wp\/v2\/posts\/665059","targetHints":{"allow":["GET"]}}],"collection":[{"href":"https:\/\/www.europesays.com\/it\/wp-json\/wp\/v2\/posts"}],"about":[{"href":"https:\/\/www.europesays.com\/it\/wp-json\/wp\/v2\/types\/post"}],"author":[{"embeddable":true,"href":"https:\/\/www.europesays.com\/it\/wp-json\/wp\/v2\/users\/3"}],"replies":[{"embeddable":true,"href":"https:\/\/www.europesays.com\/it\/wp-json\/wp\/v2\/comments?post=665059"}],"version-history":[{"count":0,"href":"https:\/\/www.europesays.com\/it\/wp-json\/wp\/v2\/posts\/665059\/revisions"}],"wp:featuredmedia":[{"embeddable":true,"href":"https:\/\/www.europesays.com\/it\/wp-json\/wp\/v2\/media\/665060"}],"wp:attachment":[{"href":"https:\/\/www.europesays.com\/it\/wp-json\/wp\/v2\/media?parent=665059"}],"wp:term":[{"taxonomy":"category","embeddable":true,"href":"https:\/\/www.europesays.com\/it\/wp-json\/wp\/v2\/categories?post=665059"},{"taxonomy":"post_tag","embeddable":true,"href":"https:\/\/www.europesays.com\/it\/wp-json\/wp\/v2\/tags?post=665059"}],"curies":[{"name":"wp","href":"https:\/\/api.w.org\/{rel}","templated":true}]}}