{"id":665088,"date":"2026-09-04T18:54:11","date_gmt":"2026-09-04T18:54:11","guid":{"rendered":"https:\/\/www.europesays.com\/it\/665088\/"},"modified":"2026-09-04T18:54:11","modified_gmt":"2026-09-04T18:54:11","slug":"fantacalcio-perche-comprare-e-perche-no-leonardo-balerdi","status":"publish","type":"post","link":"https:\/\/www.europesays.com\/it\/665088\/","title":{"rendered":"Fantacalcio, perch\u00e9 comprare (e perch\u00e9 no) Leonardo Balerdi"},"content":{"rendered":"<p>Chi \u00e8 Leonardo Balerdi<\/p>\n<p><strong data-mw=\"{&quot;parts&quot;:[{&quot;template&quot;:{&quot;target&quot;:{&quot;wt&quot;:&quot;Bio\\n&quot;,&quot;href&quot;:&quot;.\/Template:Bio&quot;},&quot;params&quot;:{&quot;Nome&quot;:{&quot;wt&quot;:&quot;Leonardo Juli\u00e1n&quot;},&quot;Cognome&quot;:{&quot;wt&quot;:&quot;Balerdi Rosa&quot;},&quot;Sesso&quot;:{&quot;wt&quot;:&quot;M&quot;},&quot;LuogoNascita&quot;:{&quot;wt&quot;:&quot;Villa Mercedes&quot;},&quot;GiornoMeseNascita&quot;:{&quot;wt&quot;:&quot;26 gennaio&quot;},&quot;AnnoNascita&quot;:{&quot;wt&quot;:&quot;1999&quot;},&quot;LuogoMorte&quot;:{&quot;wt&quot;:&quot;&quot;},&quot;GiornoMeseMorte&quot;:{&quot;wt&quot;:&quot;&quot;},&quot;AnnoMorte&quot;:{&quot;wt&quot;:&quot;&quot;},&quot;Epoca&quot;:{&quot;wt&quot;:&quot;2000&quot;},&quot;Attivit\u00e0&quot;:{&quot;wt&quot;:&quot;calciatore&quot;},&quot;Nazionalit\u00e0&quot;:{&quot;wt&quot;:&quot;argentino&quot;},&quot;PostNazionalit\u00e0&quot;:{&quot;wt&quot;:&quot;con [[passaporto italiano]], [[Difensore (calcio)|difensore]] della {{Calcio Roma|N}}, in prestito dall'{{Calcio Olympique Marsiglia|N}}, e della [[Nazionale maschile di calcio dell'Argentina|nazionale argentina]]&quot;}},&quot;i&quot;:0}}]}\">Leonardo Juli\u00e1n Balerdi Rosa<\/strong>\u00a0(Villa Mercedes,\u00a026 gennaio\u00a01999) \u00e8 un\u00a0calciatore\u00a0argentino\u00a0con\u00a0passaporto italiano,\u00a0difensore\u00a0della\u00a0Roma, in prestito dall&#8217;Olympique Marsiglia, e della\u00a0nazionale argentina.<\/p>\n<p>Cresciuto nelle giovanili del Boca Juniors, nel 2019 approda in Europa con la maglia del Borussia Dortmund. Nel 2020 il passaggio al Marsiglia, con cui si \u00e8 guadagnato un posto nella Nazionale argentina.<\/p>\n<p>Il 30 agosto 2026 viene acquistato a titolo temporaneo dalla Roma.<\/p>\n<p>Il ruolo di Leonardo Balerdi<\/p>\n<p>Centrale di esperienza, sempre molto lucido e diligente in entrambe le fasi. Elegante nella gestione del possesso, di 187 cm, predilige spesso temporeggiare negli 1vs1. Di piede destro, non particolarmente agile e veloce. Risulta sempre molto attento in marcatura.\u00a0<\/p>\n<p><strong>Il suo ruolo al Fantacalcio Classic \u00e8 D al Mantra parliamo di un Dc.<\/strong><\/p>\n<p>Perch\u00e9 comprare Leonardo Balerdi al Fantacalcio<\/p>\n<p>Calciatore esperto e di buon livello che potrebbe entrare stabilmente nelle rotazioni. Prezzo sicuramente abbordabile, affidabile per MV.<\/p>\n<p>Perch\u00e9 non comprare Leonardo Balerdi al Fantacalcio<\/p>\n<p>Parte ovviamente leggermente dietro nelle gerarchie, non si pu\u00f2 considerare di certo un inamovibile. Incline a qualche problema fisico di troppo.<\/p>\n<p>Leonardo Balerdi, le statistiche<\/p>\n<p>Ha collezionato 229 partite tra i professionisti in carriera con le maglie dei club. In totale ha collezionato 7 gol e 3 assist.<\/p>\n","protected":false},"excerpt":{"rendered":"Chi \u00e8 Leonardo Balerdi Leonardo Juli\u00e1n Balerdi Rosa\u00a0(Villa Mercedes,\u00a026 gennaio\u00a01999) \u00e8 un\u00a0calciatore\u00a0argentino\u00a0con\u00a0passaporto italiano,\u00a0difensore\u00a0della\u00a0Roma, in prestito dall&#8217;Olympique Marsiglia, e&hellip;\n","protected":false},"author":3,"featured_media":665089,"comment_status":"","ping_status":"","sticky":false,"template":"","format":"standard","meta":{"footnotes":"","_share_on_mastodon":"0"},"categories":[1452],"tags":[721,719,720,1740,1537,90,89,251,1739,245,244],"class_list":["post-665088","post","type-post","status-publish","format-standard","has-post-thumbnail","category-calcio","tag-calcio","tag-fanta","tag-fantacalcio","tag-football","tag-it","tag-italia","tag-italy","tag-serie-a","tag-soccer","tag-sport","tag-sports"],"share_on_mastodon":{"url":"","error":""},"_links":{"self":[{"href":"https:\/\/www.europesays.com\/it\/wp-json\/wp\/v2\/posts\/665088","targetHints":{"allow":["GET"]}}],"collection":[{"href":"https:\/\/www.europesays.com\/it\/wp-json\/wp\/v2\/posts"}],"about":[{"href":"https:\/\/www.europesays.com\/it\/wp-json\/wp\/v2\/types\/post"}],"author":[{"embeddable":true,"href":"https:\/\/www.europesays.com\/it\/wp-json\/wp\/v2\/users\/3"}],"replies":[{"embeddable":true,"href":"https:\/\/www.europesays.com\/it\/wp-json\/wp\/v2\/comments?post=665088"}],"version-history":[{"count":0,"href":"https:\/\/www.europesays.com\/it\/wp-json\/wp\/v2\/posts\/665088\/revisions"}],"wp:featuredmedia":[{"embeddable":true,"href":"https:\/\/www.europesays.com\/it\/wp-json\/wp\/v2\/media\/665089"}],"wp:attachment":[{"href":"https:\/\/www.europesays.com\/it\/wp-json\/wp\/v2\/media?parent=665088"}],"wp:term":[{"taxonomy":"category","embeddable":true,"href":"https:\/\/www.europesays.com\/it\/wp-json\/wp\/v2\/categories?post=665088"},{"taxonomy":"post_tag","embeddable":true,"href":"https:\/\/www.europesays.com\/it\/wp-json\/wp\/v2\/tags?post=665088"}],"curies":[{"name":"wp","href":"https:\/\/api.w.org\/{rel}","templated":true}]}}