{"id":665107,"date":"2026-09-04T19:05:21","date_gmt":"2026-09-04T19:05:21","guid":{"rendered":"https:\/\/www.europesays.com\/it\/665107\/"},"modified":"2026-09-04T19:05:21","modified_gmt":"2026-09-04T19:05:21","slug":"stangata-luce-e-gas-in-provincia-di-sondrio-bollette-piu-care-del-40","status":"publish","type":"post","link":"https:\/\/www.europesays.com\/it\/665107\/","title":{"rendered":"Stangata luce e gas: in provincia di Sondrio bollette pi\u00f9 care del 40%"},"content":{"rendered":"<p>Oltre al caro carburante presto i lombardi dovranno fare i conti con il caro energia; secondo l\u2019analisi di <a href=\"https:\/\/www.facile.it\/\" rel=\"nofollow noopener\" target=\"_blank\">Facile.it<\/a>, tra settembre e dicembre le bollette in Lombardia potrebbero aumentare tra il +37,1% di Milano e il +39,5% di Como.<\/p>\n<p>Il prorogarsi della situazione di conflitto potrebbe tradursi in un autunno e un inverno \u201cbollenti\u201d dal punto di vista delle bollette. Oggi i forward sui prezzi dell\u2019energia elaborati da EEX ed analizzati da Facile.it prevedono per i prossimi 4 mesi un PUN (prezzo di riferimento all&#8217;ingrosso dell&#8217;energia elettrica) in aumento del 65% rispetto allo scorso anno, mentre il PSV (indice di riferimento per il costo del gas) \u00e8 in crescita addirittura del 113% rispetto al 2025.<\/p>\n<p>\u201cQuesto \u00e8 il momento giusto per valutare la propria offerta in vista dell\u2019autunno e dell\u2019inverno e confrontarla con le altre presenti sul mercato &#8211; spiegano gli esperti di Facile.it -. Passare ad una tariffa fissa, ad esempio, potrebbe essere una soluzione per mettersi al riparo dai possibili futuri aumenti, ma il consiglio \u00e8 di farlo al pi\u00f9 presto, prima che i prezzi, anche quelli bloccati, inizino a crescere\u201d.<\/p>\n<p>Le bollette lombarde<\/p>\n<p>Se i valori saranno confermati, quindi, considerando tutte le componenti che gravano in bolletta, tra settembre e dicembre 2026 la provincia lombarda dove si spender\u00e0 di pi\u00f9 per le bollette sar\u00e0 Como dove, tra luce e gas, si dovranno mettere a budget circa 1.298 euro, in aumento del 39,5% su base annua. Al secondo posto Sondrio, area lombarda in cui per le bollette energetiche si spender\u00e0 1.204 euro (+39,2%); segue Varese (1.161 euro, +38,9%).<\/p>\n<p>Continuando a scorrere la classifica regionale si posizionano Mantova (1.150 euro, +38,6%), Monza e Brianza (1.140 euro, +38,6%), Brescia (1.125 euro, +38,4%), Lodi (1.101 euro, +38,8%), seguita a brevissima distanza da Pavia (1.100 euro, +38,6%), Lecco (1.098 euro, +38,6%), Cremona (1.094 euro, +38,5%) e Bergamo, area in cui si dovranno mettere a budget 1.079 euro per luce e gas (+38,3%).<\/p>\n<p>Chiude la graduatoria la provincia di Milano, area dove &#8211; nel periodo analizzato &#8211; si spenderanno per le bollette circa 927 euro, in rialzo del 37,1% rispetto allo scorso anno.<\/p>\n<p>Il dettaglio degli aumenti<\/p>\n<p>Nella tabella successiva le stime delle bollette energetiche tra settembre e dicembre 2026:<\/p>\n<tr>\n<td><strong>Provincia<\/strong><\/td>\n<td><strong>Bollette luce e gas settembre-dicembre 2026<\/strong><\/td>\n<td><strong>Aumento percentuale bollette luce e gas<\/strong><br \/><strong>set-dic 2025 vs set-dic 2026<\/strong><\/td>\n<\/tr>\n<tr>\n<td>Bergamo<\/td>\n<td>1.079 \u20ac<\/td>\n<td>+38,3%<\/td>\n<\/tr>\n<tr>\n<td>Brescia<\/td>\n<td>1.125 \u20ac<\/td>\n<td>+38,4%<\/td>\n<\/tr>\n<tr>\n<td>Como<\/td>\n<td>1.298 \u20ac<\/td>\n<td>+39,5%<\/td>\n<\/tr>\n<tr>\n<td>Cremona<\/td>\n<td>1.094 \u20ac<\/td>\n<td>+38,5%<\/td>\n<\/tr>\n<tr>\n<td>Lecco<\/td>\n<td>1.098 \u20ac<\/td>\n<td>+38,6%<\/td>\n<\/tr>\n<tr>\n<td>Lodi<\/td>\n<td>1.101 \u20ac<\/td>\n<td>+38,8%<\/td>\n<\/tr>\n<tr>\n<td>Mantova<\/td>\n<td>1.150 \u20ac<\/td>\n<td>+38,6%<\/td>\n<\/tr>\n<tr>\n<td>Milano<\/td>\n<td>927 \u20ac<\/td>\n<td>+37,1%<\/td>\n<\/tr>\n<tr>\n<td>Monza Brianza<\/td>\n<td>1.140 \u20ac<\/td>\n<td>+38,6%<\/td>\n<\/tr>\n<tr>\n<td>Pavia<\/td>\n<td>1.100 \u20ac<\/td>\n<td>+38,6%<\/td>\n<\/tr>\n<tr>\n<td>Sondrio<\/td>\n<td>1.204 \u20ac<\/td>\n<td>+39,2%<\/td>\n<\/tr>\n<tr>\n<td>Varese<\/td>\n<td>1.161 \u20ac<\/td>\n<td>+38,9%<\/td>\n<\/tr>\n","protected":false},"excerpt":{"rendered":"Oltre al caro carburante presto i lombardi dovranno fare i conti con il caro energia; secondo l\u2019analisi di&hellip;\n","protected":false},"author":3,"featured_media":665108,"comment_status":"","ping_status":"","sticky":false,"template":"","format":"standard","meta":{"footnotes":"","_share_on_mastodon":"0"},"categories":[172],"tags":[178,737,32637,177,7580,6316,1537,90,89,18494,2128],"class_list":["post-665107","post","type-post","status-publish","format-standard","has-post-thumbnail","category-affari","tag-affari","tag-aumento","tag-bollette","tag-business","tag-facile-it","tag-gas","tag-it","tag-italia","tag-italy","tag-luce","tag-studio"],"share_on_mastodon":{"url":"https:\/\/pubeurope.com\/@it\/117214335958209286","error":""},"_links":{"self":[{"href":"https:\/\/www.europesays.com\/it\/wp-json\/wp\/v2\/posts\/665107","targetHints":{"allow":["GET"]}}],"collection":[{"href":"https:\/\/www.europesays.com\/it\/wp-json\/wp\/v2\/posts"}],"about":[{"href":"https:\/\/www.europesays.com\/it\/wp-json\/wp\/v2\/types\/post"}],"author":[{"embeddable":true,"href":"https:\/\/www.europesays.com\/it\/wp-json\/wp\/v2\/users\/3"}],"replies":[{"embeddable":true,"href":"https:\/\/www.europesays.com\/it\/wp-json\/wp\/v2\/comments?post=665107"}],"version-history":[{"count":0,"href":"https:\/\/www.europesays.com\/it\/wp-json\/wp\/v2\/posts\/665107\/revisions"}],"wp:featuredmedia":[{"embeddable":true,"href":"https:\/\/www.europesays.com\/it\/wp-json\/wp\/v2\/media\/665108"}],"wp:attachment":[{"href":"https:\/\/www.europesays.com\/it\/wp-json\/wp\/v2\/media?parent=665107"}],"wp:term":[{"taxonomy":"category","embeddable":true,"href":"https:\/\/www.europesays.com\/it\/wp-json\/wp\/v2\/categories?post=665107"},{"taxonomy":"post_tag","embeddable":true,"href":"https:\/\/www.europesays.com\/it\/wp-json\/wp\/v2\/tags?post=665107"}],"curies":[{"name":"wp","href":"https:\/\/api.w.org\/{rel}","templated":true}]}}