{"id":665122,"date":"2026-09-04T19:21:15","date_gmt":"2026-09-04T19:21:15","guid":{"rendered":"https:\/\/www.europesays.com\/it\/665122\/"},"modified":"2026-09-04T19:21:15","modified_gmt":"2026-09-04T19:21:15","slug":"lazio-idea-alaba-tra-gli-svincolati-la-situazione","status":"publish","type":"post","link":"https:\/\/www.europesays.com\/it\/665122\/","title":{"rendered":"Lazio, idea Alaba tra gli svincolati: la situazione"},"content":{"rendered":"<p class=\"isSelectedEnd\" style=\"text-align: justify;\">La <strong>Lazio<\/strong> non ha intenzione di avere fretta sul mercato degli svincolati. La linea della societ\u00e0 \u00e8 stata ribadita anche dal direttore sportivo <strong>Fabiani<\/strong>, che in conferenza stampa ha lasciato aperta la porta a eventuali opportunit\u00e0 visti anche i tanti infortuni gi\u00e0 arrivati nella rosa biancoceleste. Tra i nomi che il club biancoceleste starebbe valutando per la difesa c&#8217;\u00e8 anche quello di <strong>David Alaba<\/strong>. Il centrale austriaco, 34 anni, \u00e8 attualmente svincolato dopo la lunga esperienza al <strong>Real Madrid<\/strong>, conclusa al termine di un periodo particolarmente complicato dal punto di vista fisico.<\/p>\n<p class=\"isSelectedEnd\" style=\"text-align: justify;\"><strong>Nelle ultime tre stagioni, infatti, Alaba ha dovuto fare i conti con diversi problemi fisici che ne hanno limitato fortemente l&#8217;impiego. <\/strong>Proprio le sue condizioni rappresentano uno degli aspetti da valutare con maggiore attenzione prima di qualsiasi eventuale affondo. Per il momento quella di Alaba resta quindi soprattutto un&#8217;idea, sicuramente affascinante ma anche complessa. La Lazio continuer\u00e0 a monitorare la situazione nei prossimi giorni, senza escludere a priori un intervento qualora dovesse presentarsi l&#8217;occasione giusta.<\/p>\n","protected":false},"excerpt":{"rendered":"La Lazio non ha intenzione di avere fretta sul mercato degli svincolati. La linea della societ\u00e0 \u00e8 stata&hellip;\n","protected":false},"author":3,"featured_media":665123,"comment_status":"","ping_status":"","sticky":false,"template":"","format":"standard","meta":{"footnotes":"","_share_on_mastodon":"0"},"categories":[1452],"tags":[721,719,720,1740,1537,90,89,251,1739,245,244],"class_list":["post-665122","post","type-post","status-publish","format-standard","has-post-thumbnail","category-calcio","tag-calcio","tag-fanta","tag-fantacalcio","tag-football","tag-it","tag-italia","tag-italy","tag-serie-a","tag-soccer","tag-sport","tag-sports"],"share_on_mastodon":{"url":"https:\/\/pubeurope.com\/@it\/117214398954758784","error":""},"_links":{"self":[{"href":"https:\/\/www.europesays.com\/it\/wp-json\/wp\/v2\/posts\/665122","targetHints":{"allow":["GET"]}}],"collection":[{"href":"https:\/\/www.europesays.com\/it\/wp-json\/wp\/v2\/posts"}],"about":[{"href":"https:\/\/www.europesays.com\/it\/wp-json\/wp\/v2\/types\/post"}],"author":[{"embeddable":true,"href":"https:\/\/www.europesays.com\/it\/wp-json\/wp\/v2\/users\/3"}],"replies":[{"embeddable":true,"href":"https:\/\/www.europesays.com\/it\/wp-json\/wp\/v2\/comments?post=665122"}],"version-history":[{"count":0,"href":"https:\/\/www.europesays.com\/it\/wp-json\/wp\/v2\/posts\/665122\/revisions"}],"wp:featuredmedia":[{"embeddable":true,"href":"https:\/\/www.europesays.com\/it\/wp-json\/wp\/v2\/media\/665123"}],"wp:attachment":[{"href":"https:\/\/www.europesays.com\/it\/wp-json\/wp\/v2\/media?parent=665122"}],"wp:term":[{"taxonomy":"category","embeddable":true,"href":"https:\/\/www.europesays.com\/it\/wp-json\/wp\/v2\/categories?post=665122"},{"taxonomy":"post_tag","embeddable":true,"href":"https:\/\/www.europesays.com\/it\/wp-json\/wp\/v2\/tags?post=665122"}],"curies":[{"name":"wp","href":"https:\/\/api.w.org\/{rel}","templated":true}]}}