{"id":665158,"date":"2026-09-04T19:48:17","date_gmt":"2026-09-04T19:48:17","guid":{"rendered":"https:\/\/www.europesays.com\/it\/665158\/"},"modified":"2026-09-04T19:48:17","modified_gmt":"2026-09-04T19:48:17","slug":"perche-pio-esposito-gioca-nellinter-e-non-nel-napoli","status":"publish","type":"post","link":"https:\/\/www.europesays.com\/it\/665158\/","title":{"rendered":"Perch\u00e9 Pio Esposito gioca nell&#8217;Inter e non nel Napoli"},"content":{"rendered":"<p>                                Nel 2011 Roberto Clerici and\u00f2 vide una partita del Club Napoli, dove giocava Salvatore Esposito, e a fine match convinse la famiglia a trasferirsi a Brescia&#8230;<\/p>\n<p class=\"paragraph\" spellcheck=\"true\">Strade parallele e dove trovare. Quella di Pio Esposito \u00e8 partita da Castellammare, rione Cicerone &#8211; il famoso campetto restaurato insieme ai fratelli -, ma non ha mai incrociato Napoli. Non ne ha avuto neanche il tempo. \u201cColpa\u201d dei suoi fratelli maggiori, Sebastiano e Salvatore, arpionati dal Brescia prima che lui iniziasse a farsi notare.<\/p>\n<p>        esposito, la voluntas e clerici\u2014 \u00a0<\/p>\n<p class=\"paragraph\" spellcheck=\"true\">La storia \u00e8 nota e passa da uno scout, Roberto Clerici, osservatore della Voluntas Brescia, storico settore giovanile capace di lanciare negli anni dozzine di nomi poi arrivati in Serie A. Oltre ad Andrea Pirlo \u2013 il pi\u00f9 noto &#8211; sono passati da questo stadietto anche i gemelli Antonio ed Emanuele Filippini, Eugenio Corini, Daniele Bonera, Aimo Diana, Roberto Baronio e Francesco Acerbi. Clerici plan\u00f2 nel Sud Italia nel 2011 per cercare talenti. And\u00f2 a vedere una partita di classe 2000 del Club Napoli. In campo c\u2019era Salvatore Esposito, centrocampista ora alla Sampdoria. All\u2019epoca giocava nel Club Napoli, la societ\u00e0 da cui sono passati anche Antonio Mirante, Gigio Donnarumma, Sebastiano Esposito e anche Pio, giovanissimo. \u201cAveva cinque anni, ma il talento si notava gi\u00e0. Era il pi\u00f9 forte dei tre fratelli\u201d. Parola del presidente Ciro Amore. Quell\u2019amichevole tra classe \u201999 e 2000 fu organizzata da Ernesto Ferrara, responsabile del settore giovanile, per permettere a Clerici di notare Gigio: \u201cNegli ultimi venti minuti entr\u00f2 anche Sebastiano. Aveva tre anni in meno di compagni e avversari, ma inizi\u00f2 a dribblare tutti e a correre fortissimo\u201d. A quel punto lo scout and\u00f2 da pap\u00e0 Agostino e gli prospett\u00f2 l\u2019idea di giocare nella Voluntas Brescia. Fece lo stesso anche con i genitori di Donnarumma, ma a dire di s\u00ec furono gli Esposito.<\/p>\n<p>        all&#8217;inter\u2014 \u00a0<\/p>\n<p class=\"paragraph\" spellcheck=\"true\">Il resto \u00e8 storia nota: prima Salvatore, poi Sebastiano e infine anche Pio. Tutti a Brescia, e ovviamente addio Napoli. L\u2019Inter li ha presi tutti e tre nel 2014. \u201cSeba\u201d ha giocato e segnato in nerazzurro quand\u2019era pi\u00f9 giovane, mentre Pio ha vinto lo scudetto l\u2019anno scorso. L\u2019unico a non aver mai giocato un minuto in nerazzurro \u00e8 stato Salvatore. Nel 2025 i tre fratelli hanno acquistato la Voluntas per rendere onore alle proprie origini: \u201cEssere proprietari di questa societ\u00e0 \u00e8 un sogno realizzato \u2013 ha detto Salvatore Esposito. \u00c8 un segno di riconoscimento per Clerici, la prima persona ad aver creduto in noi. Glielo avevamo promesso\u201d. Nessun rimpianto per il Napoli, che tra l&#8217;altro ha provato a prenderlo in pi\u00f9 occasioni, come svelato dal suo agente Mario Giuffredi: &#8220;De Laurentiis \u00e8 stato il primo a chiedermelo. Pio giocava a La Spezia, il presidente fece di tutto per portarlo al Maradona&#8221;. L&#8217;Inter non ha mai aperto.\u00a0<\/p>\n","protected":false},"excerpt":{"rendered":"Nel 2011 Roberto Clerici and\u00f2 vide una partita del Club Napoli, dove giocava Salvatore Esposito, e a fine&hellip;\n","protected":false},"author":3,"featured_media":665159,"comment_status":"","ping_status":"","sticky":false,"template":"","format":"standard","meta":{"footnotes":"","_share_on_mastodon":"0"},"categories":[1452],"tags":[11180,119,6073,721,3155,66102,554,366520,14394,7171,1740,322,18401,2267,57965,14446,350,1537,90,89,248,8392,852,3090,1290,21904,7173,135,9638,124851,45141,129319,37937,10629,861,1858,1739,245,244,68543],"class_list":["post-665158","post","type-post","status-publish","format-standard","has-post-thumbnail","category-calcio","tag-ando","tag-antonio","tag-brescia","tag-calcio","tag-classe","tag-clerici","tag-club","tag-club-napoli","tag-donnarumma","tag-esposito","tag-football","tag-fratelli","tag-gigio","tag-giocato","tag-giocava","tag-giovanile","tag-inter","tag-it","tag-italia","tag-italy","tag-napoli","tag-nerazzurro","tag-nota","tag-notare","tag-partita","tag-passati","tag-pio","tag-presidente","tag-roberto","tag-roberto-clerici","tag-salvatore","tag-salvatore-esposito","tag-scout","tag-sebastiano","tag-settore","tag-settore-giovanile","tag-soccer","tag-sport","tag-sports","tag-voluntas"],"share_on_mastodon":{"url":"https:\/\/pubeurope.com\/@it\/117214504704345220","error":""},"_links":{"self":[{"href":"https:\/\/www.europesays.com\/it\/wp-json\/wp\/v2\/posts\/665158","targetHints":{"allow":["GET"]}}],"collection":[{"href":"https:\/\/www.europesays.com\/it\/wp-json\/wp\/v2\/posts"}],"about":[{"href":"https:\/\/www.europesays.com\/it\/wp-json\/wp\/v2\/types\/post"}],"author":[{"embeddable":true,"href":"https:\/\/www.europesays.com\/it\/wp-json\/wp\/v2\/users\/3"}],"replies":[{"embeddable":true,"href":"https:\/\/www.europesays.com\/it\/wp-json\/wp\/v2\/comments?post=665158"}],"version-history":[{"count":0,"href":"https:\/\/www.europesays.com\/it\/wp-json\/wp\/v2\/posts\/665158\/revisions"}],"wp:featuredmedia":[{"embeddable":true,"href":"https:\/\/www.europesays.com\/it\/wp-json\/wp\/v2\/media\/665159"}],"wp:attachment":[{"href":"https:\/\/www.europesays.com\/it\/wp-json\/wp\/v2\/media?parent=665158"}],"wp:term":[{"taxonomy":"category","embeddable":true,"href":"https:\/\/www.europesays.com\/it\/wp-json\/wp\/v2\/categories?post=665158"},{"taxonomy":"post_tag","embeddable":true,"href":"https:\/\/www.europesays.com\/it\/wp-json\/wp\/v2\/tags?post=665158"}],"curies":[{"name":"wp","href":"https:\/\/api.w.org\/{rel}","templated":true}]}}