{"id":665176,"date":"2026-09-04T19:59:17","date_gmt":"2026-09-04T19:59:17","guid":{"rendered":"https:\/\/www.europesays.com\/it\/665176\/"},"modified":"2026-09-04T19:59:17","modified_gmt":"2026-09-04T19:59:17","slug":"pollo-fritto-gratis-a-vita-se-ti-tatui-il-marchio-kfc-al-modena-nerd-liniziativa-delle-polemiche-dovete-fermarli","status":"publish","type":"post","link":"https:\/\/www.europesays.com\/it\/665176\/","title":{"rendered":"Pollo fritto gratis a vita se ti tatui il marchio Kfc, al Modena Nerd l&#8217;iniziativa delle polemiche: \u00abDovete fermarli\u00bb"},"content":{"rendered":"<p>    di<br \/>\n    Valentina Lanzilli<\/p>\n<p class=\"summary-art is-line-h-12\">L&#8217;annuncio della collaborazione tra l&#8217;evento e la catena di fast food: due tatuatori saranno presenti tra gli stand della fiera di fumetti, videogiochi e cultura pop ma Federconsumatori solleva il caso. Il Comune: \u00abSono in regola\u00bb<\/p>\n<p class=\"chapter-paragraph\">\u00abTi <b>tatui Kfc<\/b>? Il pollo fritto \u00e8 gratis a vita. La<b> Kfc Tattoo Experience<\/b> torna a Modena Ner\u00bb. <b>L\u2019annuncio \u00e8 dei giorni scorsi<\/b>\u00a0e da quel momento la polemica \u00e8 esplosa.\u00a0<\/p>\n<p class=\"chapter-paragraph\">A Modena <b>la fiera annuale dedicata a fumetto, ai videogiochi e alla cultura pop<\/b>, che ogni anno porta in citt\u00e0 migliaia di persone, sta per aprire i battenti, <b>ma Federconsumatori e altri associazioni chiedono di bloccarla<\/b>.\u00a0    &#13;<br \/>\n&#13;<br \/>\n&#13;<br \/>\n&#13;<br \/>\n&#13;<br \/>\n&#13;<br \/>\n&#13;<br \/>\n&#13;<br \/>\n&#13;<br \/>\n&#13;<br \/>\n&#13;<br \/>\n&#13;<br \/>\n&#13;<br \/>\n&#13;<br \/>\n&#13;<br \/>\n&#13;<br \/>\n&#13;<br \/>\n&#13;<br \/>\n&#13;<br \/>\n&#13;<br \/>\n&#13;<br \/>\n&#13;<br \/>\n&#13;<br \/>\n&#13;<br \/>\n&#13;<br \/>\n&#13;<br \/>\n&#13;<br \/>\n&#13;<br \/>\n&#13;<br \/>\n&#13;<br \/>\n&#13;<br \/>\n&#13;<br \/>\n&#13;<br \/>\n&#13;<br \/>\n&#13;<br \/>\n&#13;<br \/>\n&#13;<br \/>\n&#13;<br \/>\n&#13;<br \/>\n&#13;<br \/>\n&#13;<br \/>\n&#13;<br \/>\n&#13;<br \/>\n&#13;<br \/>\n&#13;<br \/>\n&#13;<br \/>\n&#13;<br \/>\n&#13;<br \/>\n&#13;<br \/>\n&#13;<br \/>\n&#13;<br \/>\n&#13;<br \/>\n&#13;\n<\/p>\n<p class=\"chapter-paragraph\">\u00abIl<b> 5 e il 6 settembre due tatuatori<\/b> saranno protagonisti dello stand del brand e chi sceglier\u00e0 di tatuarsi un soggetto ufficiale<b> ricever\u00e0 KFC gratis a vita<\/b> nei ristoranti di Modena, Reggio Emilia e Parma\u00bb.\u00a0<\/p>\n<p>    L&#8217;iniziativa di Kfc al Modena Nerd e le polemiche<\/p>\n<p class=\"chapter-paragraph\">Questo l\u2019annuncio della <b>nota catena internazionale di fast food <\/b>fondata dal <b>Colonnello Harland Sanders<\/b>, specializzata nella preparazione del <b>pollo fritto<\/b>, che ripropone anche per il 2026 una formula gi\u00e0 testata lo scorso anno quando lo stand avrebbe &#8216;marchiato&#8217; una cinquantina di persone.\u00a0<\/p>\n<p class=\"chapter-paragraph\">\u00ab<b>Un&#8217;attivazione originale e fuori dagli schemi<\/b> che celebra il legame sempre pi\u00f9 forte tra KFC e la sua community, trasformando un tatuaggio in un simbolo di appartenenza e in un&#8217;esperienza destinata a lasciare il segno\u00bb\u00a0 si legge nel comunicato stampa di presentazione della partnership.\u00a0<\/p>\n<p class=\"chapter-paragraph\">\u00abTatuaggi<b> fatti in assenza di autorizzazione e dei necessari protocolli<\/b> igienico-sanitari definiti da una rigida normativa\u00bb tuona invece<b> Federconsumatori Modena<\/b>, che critica l\u2019iniziativa e ora<b> chiede al Comune e all\u2019Azienda Usl<\/b> di non consentire \u00abquesto iniquo scambio tra pollo fritto e tatuaggi pubblicitari\u00bb.\u00a0<\/p>\n<p>    La richiesta di Fedeconsumatori per bloccare l&#8217;evento<\/p>\n<p class=\"chapter-paragraph\">\u00abAl di l\u00e0 del rilevantissimo aspetto di ordine igienico-sanitario, a sollevare pi\u00f9 di una perplessit\u00e0 \u2013 continua l&#8217;associazione &#8211; <b>\u00e8 l&#8217;iniziativa in s\u00e9. Tra l&#8217;altro non l&#8217;unica <\/b>a quanto ci risulta, dal momento che pratiche simili vengono adottate anche da noti locali che promettono consumazioni gratis ai clienti che si tatuano il logo.<b> Chiediamo inoltre opportune verifiche<\/b> sulle autorizzazioni rilasciate lo scorso anno\u00bb.\u00a0<\/p>\n<p>    Anche Cna chiede il rispetto delle regole<\/p>\n<p class=\"chapter-paragraph\">A <b>Modena Nerd<\/b>, per la sua parte, chiediamo di<b> cancellare la presenza della catena di fast food dai propri stand<\/b>, \u00abdifendendo il buon nome che una Fiera cos\u00ec apprezzata si \u00e8 guadagnata negli anni\u00bb.\u00a0<\/p>\n<p class=\"chapter-paragraph\">Sulla questione \u00e8 intervenuta anche<b> Cna Sanit\u00e0 e Benessere <\/b>sottolineando che le iniziative promozionali che abbinano l&#8217;esecuzione di un <b>tatuaggio a omaggio<\/b> ripropongono un tema che l\u2019associazione segue con attenzione da tempo: <b>il pieno rispetto della normativa che disciplina l&#8217;attivit\u00e0 di tatuaggio<\/b>, a tutela sia della salute dei cittadini sia della professionalit\u00e0 di chi opera nel settore.<\/p>\n<p>    Il Comune:\u00a0\u00abPer questa edizione \u00e8 tutto nella norma\u00bb<\/p>\n<p class=\"chapter-paragraph\">Il <b>Comune di Modena<\/b>, dal canto suo, informa: \u00abI due tatuatori incaricati da Kfc di realizzare, presso lo stand della catena a <b>Modena<\/b> Nerd, i tatuaggi oggetto della campagna di marketing &#8216;Tattoo Experience&#8217;, al centro delle polemiche di questi giorni, <b>hanno presentato al Suap la Scia <\/b>(Segnalazione certificata di inizio attivit\u00e0) e tutta la documentazione necessaria a svolgere la propria attivit\u00e0 in occasione della manifestazione\u00bb.<\/p>\n<p class=\"chapter-paragraph\">Per quanto riguarda<b> l&#8217;edizione 2025 della fiera<\/b>, invece, gli uffici comunali \u00ab<b>non sono mai stati informati dell&#8217;iniziativa promozionale di Kfc <\/b>e la notizia \u00e8 stata appresa solo in questi giorni a mezzo stampa. Dai controlli fatti, per\u00f2, non risulta che sia stata presentata alcuna documentazione\u00bb.<\/p>\n<p class=\"is-mr-t-20 is-mr-b-20\"><b><br \/>\n                    <a href=\"https:\/\/corrieredibologna.corriere.it\/?intcmp=Notizielocali_nd_010623_corriere_ss_bologna\" target=\"_blank\" rel=\"nofollow noopener\">Vai a tutte le notizie di Bologna<\/a><br \/>\n            <\/b><\/p>\n<p class=\"is-last-update\" datetime=\"2026-09-04T18:27:33+02:00\">4 settembre 2026 ( modifica il 4 settembre 2026 | 18:27)<\/p>\n<p class=\"is-copyright\">\n            \u00a9 RIPRODUZIONE RISERVATA\n        <\/p>\n","protected":false},"excerpt":{"rendered":"di Valentina Lanzilli L&#8217;annuncio della collaborazione tra l&#8217;evento e la catena di fast food: due tatuatori saranno presenti&hellip;\n","protected":false},"author":3,"featured_media":665177,"comment_status":"","ping_status":"","sticky":false,"template":"","format":"standard","meta":{"footnotes":"","_share_on_mastodon":"0"},"categories":[172],"tags":[178,3825,2332,1498,177,11474,262345,262346,475,15483,28971,393,1644,111083,63522,2239,451,85712,34367,34368,4031,30347,22017,19269,131824,366539,14020,99088,6402,1537,90,89,179682,7742,366536,34139,15266,15800,366537,9677,2667,2663,366538],"class_list":["post-665176","post","type-post","status-publish","format-standard","has-post-thumbnail","category-affari","tag-affari","tag-annuncio","tag-associazione","tag-attivita","tag-business","tag-catena","tag-catena-fast","tag-catena-fast-food","tag-chiede","tag-chiediamo","tag-cna","tag-comune","tag-cultura","tag-cultura-pop","tag-documentazione","tag-edizione","tag-evento","tag-experience","tag-fast","tag-fast-food","tag-fatti","tag-federconsumatori","tag-fiera","tag-food","tag-fritto","tag-fritto-gratis","tag-gratis","tag-igienico","tag-iniziativa","tag-it","tag-italia","tag-italy","tag-kfc","tag-modena","tag-modena-nerd","tag-nerd","tag-polemiche","tag-pollo","tag-pollo-fritto","tag-stand","tag-tatuaggi","tag-tatuaggio","tag-tatuatori"],"share_on_mastodon":{"url":"","error":"Validation failed: Text character limit of 500 exceeded"},"_links":{"self":[{"href":"https:\/\/www.europesays.com\/it\/wp-json\/wp\/v2\/posts\/665176","targetHints":{"allow":["GET"]}}],"collection":[{"href":"https:\/\/www.europesays.com\/it\/wp-json\/wp\/v2\/posts"}],"about":[{"href":"https:\/\/www.europesays.com\/it\/wp-json\/wp\/v2\/types\/post"}],"author":[{"embeddable":true,"href":"https:\/\/www.europesays.com\/it\/wp-json\/wp\/v2\/users\/3"}],"replies":[{"embeddable":true,"href":"https:\/\/www.europesays.com\/it\/wp-json\/wp\/v2\/comments?post=665176"}],"version-history":[{"count":0,"href":"https:\/\/www.europesays.com\/it\/wp-json\/wp\/v2\/posts\/665176\/revisions"}],"wp:featuredmedia":[{"embeddable":true,"href":"https:\/\/www.europesays.com\/it\/wp-json\/wp\/v2\/media\/665177"}],"wp:attachment":[{"href":"https:\/\/www.europesays.com\/it\/wp-json\/wp\/v2\/media?parent=665176"}],"wp:term":[{"taxonomy":"category","embeddable":true,"href":"https:\/\/www.europesays.com\/it\/wp-json\/wp\/v2\/categories?post=665176"},{"taxonomy":"post_tag","embeddable":true,"href":"https:\/\/www.europesays.com\/it\/wp-json\/wp\/v2\/tags?post=665176"}],"curies":[{"name":"wp","href":"https:\/\/api.w.org\/{rel}","templated":true}]}}