{"id":665182,"date":"2026-09-04T20:02:17","date_gmt":"2026-09-04T20:02:17","guid":{"rendered":"https:\/\/www.europesays.com\/it\/665182\/"},"modified":"2026-09-04T20:02:17","modified_gmt":"2026-09-04T20:02:17","slug":"traffico-weekend-da-bollino-rosso-le-strade-piu-a-rischio","status":"publish","type":"post","link":"https:\/\/www.europesays.com\/it\/665182\/","title":{"rendered":"Traffico, weekend da bollino rosso: le strade pi\u00f9 a rischio"},"content":{"rendered":"<p>Il calendario dice settembre e per milioni di italiani \u00e8 arrivato il momento di rimettere le valigie nel bagagliaio, stavolta puntando verso casa. Il primo weekend del mese chiude infatti la stagione dell\u2019esodo estivo e sulle strade italiane si prepara un nuovo aumento del <strong>traffico<\/strong>, alimentato dai rientri dalle localit\u00e0 di villeggiatura verso le grandi citt\u00e0.\n<\/p>\n<p>Controesodo: 27 milioni di spostamenti nel weekend<\/p>\n<p>Secondo le stime dell\u2019Osservatorio Mobilit\u00e0 Stradale di Anas, in queste ore sono previsti oltre 27 milioni di spostamenti sulle strade e autostrade gestite dalla societ\u00e0 del Gruppo FS. Viabilit\u00e0 Italia ha indicato il <strong>bollino ross<\/strong>o nel pomeriggio di <strong>sabato 5<\/strong> e in quello di <strong>domenica 6 settembre<\/strong>, quando i flussi verso i centri urbani dovrebbero diventare particolarmente intensi.<\/p>\n<p>A fotografare la situazione \u00e8 Claudio Andrea Gemme, amministratore delegato di Anas:<\/p>\n<blockquote>\n<p>\u201cCon questo weekend si conclude la stagione degli spostamenti estivi. In base alle stime dell\u2019Osservatorio Mobilit\u00e0 Stradale di Anas, da oggi sino a domenica 6 settembre sulle strade e autostrade della societ\u00e0 del Gruppo Fs, ci saranno oltre 27 milioni di spostamenti\u201d.<\/p>\n<\/blockquote>\n<p>Anas ha organizzato la rete in vista del <a href=\"https:\/\/www.virgilio.it\/motori\/info-utili\/controesodo-28-30-agosto-traffico\/344191\/\" rel=\"nofollow noopener\" target=\"_blank\">controesodo<\/a> riducendo la presenza dei cantieri. Fino al 7 settembre ne saranno chiusi o sospesi 1.175, pari all\u201983% dei 1.414 attivi. Sul territorio sono impegnati circa 2.500 tra tecnici e personale di esercizio, affiancati dagli operatori delle Sale Operative Territoriali e della Sala Situazioni Nazionale.<\/p>\n<p>Le strade interessate dal controesodo<\/p>\n<p>La circolazione dovrebbe aumentare soprattutto sulle direttrici utilizzate per rientrare dalle localit\u00e0 turistiche, tra cui figura la <strong>A2 Autostrada del Mediterraneo<\/strong>, insieme alle statali 106 Jonica e 18 Tirrena Inferiore in Calabria. In Sicilia figurano tra le arterie da tenere sotto osservazione la<strong> A19 Palermo-Catania<\/strong> e la <strong>A29 Palermo-Mazara del Vallo<\/strong>, mentre in Sardegna i flussi interesseranno la SS131 Carlo Felice.<\/p>\n<p>Nel Lazio i rientri coinvolgeranno soprattutto la Pontina e l\u2019Appia, due arterie importanti per chi torna a Roma dalle localit\u00e0 turistiche della regione: tra le direttrici da tenere d\u2019occhio figurano pure l\u2019E45, l\u2019Aurelia e l\u2019Adriatica. Spostandosi verso Nord il <a href=\"https:\/\/www.virgilio.it\/motori\/info-utili\/il-traffico-sulle-autostrade-oggi\/294854\/\" rel=\"nofollow noopener\" target=\"_blank\">traffico<\/a> interesser\u00e0 la SS36 del Lago di Como e dello Spluga, la SS45 di Val Trebbia e la Romea.<\/p>\n<p>Con 27 milioni di spostamenti previsti in tre giorni, Anas chiede prudenza a chiunque si metter\u00e0 in viaggio. Gemme insiste soprattutto sull\u2019attenzione alla guida:<\/p>\n<blockquote>\n<p>\u201cI flussi di traffico interessano l\u2019intero territorio nazionale e richiedono la massima attenzione da parte di tutti gli utenti della strada\u201d<\/p>\n<\/blockquote>\n<p>Tra le raccomandazioni trova spazio pure il cellulare, da lasciare perdere una volta partiti:<\/p>\n<blockquote>\n<p>\u201cNon utilizzare mai il cellulare mentre si guida. Bastano pochi secondi di distrazione per mettere a rischio la propria vita e quella degli altri\u201d<\/p>\n<\/blockquote>\n<p>Stop ai mezzi pesanti domenica<\/p>\n<p>Domenica ci sar\u00e0 una variabile in meno sulle strade. Dalle 7 alle 22 scatter\u00e0 infatti il divieto di circolazione per i veicoli con massa superiore a 7,5 tonnellate, proprio nella giornata in cui \u00e8 previsto uno dei picchi del controesodo.<\/p>\n<p>Prima di partire vale la pena controllare la situazione del <a href=\"https:\/\/www.virgilio.it\/motori\/curiosita\/fermo-coda-cambiare-corsia\/345415\/\" rel=\"nofollow noopener\" target=\"_blank\">traffico<\/a> e considerare tempi di percorrenza pi\u00f9 lunghi del solito. Sabato e domenica pomeriggio saranno i momenti peggiori, con il bollino rosso indicato da Viabilit\u00e0 Italia e milioni di persone sulla strada di casa.<\/p>\n","protected":false},"excerpt":{"rendered":"Il calendario dice settembre e per milioni di italiani \u00e8 arrivato il momento di rimettere le valigie nel&hellip;\n","protected":false},"author":3,"featured_media":665183,"comment_status":"","ping_status":"","sticky":false,"template":"","format":"standard","meta":{"footnotes":"","_share_on_mastodon":"0"},"categories":[6],"tags":[14,8,1537,90,89,7,15,82,9,83,10,13,1780,11,80,84,12,81,85],"class_list":["post-665182","post","type-post","status-publish","format-standard","has-post-thumbnail","category-ultime-notizie","tag-cronaca","tag-headlines","tag-it","tag-italia","tag-italy","tag-news","tag-notizie","tag-notizie-di-cronaca","tag-notizie-principali","tag-notiziedicronaca","tag-notizieprincipali","tag-titoli","tag-traffico","tag-ultime-notizie","tag-ultime-notizie-di-cronaca","tag-ultime-notizie-e-news-di-oggi","tag-ultimenotizie","tag-ultimenotiziedicronaca","tag-ultimenotizieenewsdioggi"],"share_on_mastodon":{"url":"https:\/\/pubeurope.com\/@it\/117214560044677605","error":""},"_links":{"self":[{"href":"https:\/\/www.europesays.com\/it\/wp-json\/wp\/v2\/posts\/665182","targetHints":{"allow":["GET"]}}],"collection":[{"href":"https:\/\/www.europesays.com\/it\/wp-json\/wp\/v2\/posts"}],"about":[{"href":"https:\/\/www.europesays.com\/it\/wp-json\/wp\/v2\/types\/post"}],"author":[{"embeddable":true,"href":"https:\/\/www.europesays.com\/it\/wp-json\/wp\/v2\/users\/3"}],"replies":[{"embeddable":true,"href":"https:\/\/www.europesays.com\/it\/wp-json\/wp\/v2\/comments?post=665182"}],"version-history":[{"count":0,"href":"https:\/\/www.europesays.com\/it\/wp-json\/wp\/v2\/posts\/665182\/revisions"}],"wp:featuredmedia":[{"embeddable":true,"href":"https:\/\/www.europesays.com\/it\/wp-json\/wp\/v2\/media\/665183"}],"wp:attachment":[{"href":"https:\/\/www.europesays.com\/it\/wp-json\/wp\/v2\/media?parent=665182"}],"wp:term":[{"taxonomy":"category","embeddable":true,"href":"https:\/\/www.europesays.com\/it\/wp-json\/wp\/v2\/categories?post=665182"},{"taxonomy":"post_tag","embeddable":true,"href":"https:\/\/www.europesays.com\/it\/wp-json\/wp\/v2\/tags?post=665182"}],"curies":[{"name":"wp","href":"https:\/\/api.w.org\/{rel}","templated":true}]}}