{"id":665193,"date":"2026-09-04T20:16:21","date_gmt":"2026-09-04T20:16:21","guid":{"rendered":"https:\/\/www.europesays.com\/it\/665193\/"},"modified":"2026-09-04T20:16:21","modified_gmt":"2026-09-04T20:16:21","slug":"elodie-il-bacio-con-franceska-tra-gli-scogli-fine-della-fuga","status":"publish","type":"post","link":"https:\/\/www.europesays.com\/it\/665193\/","title":{"rendered":"Elodie, il bacio con Franceska tra gli scogli: &#8220;Fine della fuga&#8221;"},"content":{"rendered":"<p>Per <strong>Elodie e Franceska Nuredini<\/strong> l\u2019estate sembra chiudersi esattamente come era iniziata: insieme. La cantante ha affidato a Instagram alcune immagini degli ultimi giorni trascorsi lontano dalla citt\u00e0, regalando ai follower un nuovo piccolo album di coppia. Il dettaglio che ha attirato pi\u00f9 attenzione, per\u00f2, \u00e8 <strong>un bacio tra gli scogli<\/strong> con il mare sullo sfondo: un modo dolcissimo di allontanare una volta per tutte i rumor su una loro presunta crisi.\n<\/p>\n<p>Elodie e Franceska Nuredini, l\u2019ultimo capitolo delle vacanze<\/p>\n<p class=\"isSelectedEnd\">Il nuovo post di <a href=\"https:\/\/dilei.it\/star-e-vip\/elodie\/\" rel=\"nofollow noopener\" target=\"_blank\">Elodie<\/a> non contiene spiegazioni n\u00e9 riferimenti diretti alle indiscrezioni circolate nelle ultime settimane. La cantante ha preferito affidare il racconto a una sequenza di scatti e brevi video, mostrando alcuni momenti condivisi con Franceska durante la pausa estiva.<\/p>\n<p class=\"isSelectedEnd\">Le immagini restituiscono <strong>un\u2019atmosfera rilassata<\/strong>: il mare, una barca, giornate trascorse all\u2019aperto e l\u2019incredibile complicit\u00e0 tra le due. Un racconto semplice, costruito pi\u00f9 sui fatti che sulle parole, nel quale trovano spazio anche gesti affettuosi e momenti di quotidianit\u00e0, come in una qualsiasi storia d\u2019amore.<\/p>\n<p class=\"isSelectedEnd\"><a href=\"https:\/\/dilei.it\/vip\/elodie-franceska-ibiza-baci-foto-sensuali-instagram\/2647550\/\" rel=\"nofollow noopener\" target=\"_blank\">Franceska Nuredini<\/a> ha reagito al post con due sole emoji: una sirena e un cuore bianco. Un gesto essenziale, ma in linea con l\u2019atmosfera intima delle immagini condivise dalla sua partner.<\/p>\n<blockquote class=\"instagram-media\" data-instgrm-captioned=\"\" data-instgrm-permalink=\"https:\/\/www.instagram.com\/p\/Dc3V9kxjbJS\/?utm_source=ig_embed&amp;utm_campaign=loading\" data-instgrm-version=\"14\" style=\" background:#FFF; border:0; border-radius:3px; box-shadow:0 0 1px 0 rgba(0,0,0,0.5),0 1px 10px 0 rgba(0,0,0,0.15); margin: 1px; max-width:100%; min-width:326px; padding:0; width:99.375%; width:-webkit-calc(100% - 2px); width:calc(100% - 2px);\"\/>\n<p class=\"isSelectedEnd\">La pubblicazione arriva dopo alcuni giorni in cui erano riemerse voci su una possibile distanza tra le due. L\u2019assenza di dichiarazioni ufficiali aveva poi lasciato spazio alle interpretazioni, alimentate soprattutto dai contenuti condivisi o non condivisi sui social. Insomma, <strong>si \u00e8 scambiato il silenzio per qualcosa che non \u00e8<\/strong>: niente di pi\u00f9 semplice, sui social, ma lo ricordiamo: la vita vera \u00e8 fuori da l\u00ec.<\/p>\n<p class=\"isSelectedEnd\">Il nuovo carosello sembra proporre un\u2019immagine diversa. Le fotografie mostrano le Elodie e Franceska <strong>vicine, sorridenti e a proprio agio<\/strong>, mentre si godono gli ultimi momenti di una vacanza da sogno.<\/p>\n<p>La relazione, dai primi rumors alla storia vissuta alla luce del sole<\/p>\n<p class=\"isSelectedEnd\">La loro storia aveva iniziato a far parlare di s\u00e9 lontano dai riflettori, quando Franceska Nuredini, ballerina di 24 anni, aveva cominciato a comparire accanto a Elodie anche oltre gli impegni professionali. Le due si conoscevano gi\u00e0 grazie al lavoro sul palco, ma con il tempo la loro <strong>sintonia<\/strong> era diventata sempre pi\u00f9 evidente.<\/p>\n<p class=\"isSelectedEnd\">A rendere il rapporto impossibile da ignorare era stato un momento preciso: il <strong>Pride di Milano<\/strong>. In quell\u2019occasione, un bacio aveva trasformato le voci in una conferma pubblica, arrivata dopo la fine della relazione tra Elodie e Andrea Iannone.<\/p>\n<p class=\"isSelectedEnd\">Da allora, Elodie e Franceska hanno scelto di mostrarsi senza per\u00f2 raccontare ogni dettaglio della loro vita privata. Foto, commenti e gesti affettuosi hanno alimentato in questi mesi l\u2019interesse del pubblico, mentre le due hanno continuato a evitare spiegazioni ufficiali. Franceska, tuttavia, aveva lasciato poco spazio ai dubbi definendo Elodie \u201c<strong>la mia fidanzata stupenda<\/strong>\u201d.<\/p>\n<p class=\"isSelectedEnd\">Poi era arrivato un piccolo segnale (proprio sui social) capace di riaccendere le ipotesi. Un <a href=\"https:\/\/dilei.it\/vip\/elodie-foto-topless-cuore-spezzato-franceska\/2636740\/\" rel=\"nofollow noopener\" target=\"_blank\">cuore spezzato<\/a> pubblicato da Elodie sotto una foto della compagna era stato interpretato come il possibile indizio di un momento difficile. Nel giro di poche ore, il gesto aveva dato origine a nuove letture sulla solidit\u00e0 della coppia.<\/p>\n<p>Erano poi circolate anche voci su <a href=\"https:\/\/dilei.it\/vip\/elodie-cosa-successo-con-megan-ria-franceska\/2576681\/\" rel=\"nofollow noopener\" target=\"_blank\">Megan Ria<\/a>, ballerina legata allo stesso ambiente professionale. Nessuna delle persone coinvolte aveva per\u00f2 confermato o smentito le indiscrezioni, lasciando che il rumore del gossip si esaurisse da solo. E ora che la vacanza \u00e8 ormai terminata, quel bacio tenero e appassionato insieme, scambiato tra gli scogli, sembra allontanare le voci su una possibile crisi.<\/p>\n<p>\t\t\t\tScopri i personaggi in trend, le storie del momento e molto altro.<br \/>Dove? Sul <a href=\"https:\/\/whatsapp.com\/channel\/0029Vb68mVyHVvTWezDm7d0R\" target=\"_blank\" rel=\"noopener nofollow\">canale WhatsApp di DiLei!<\/a><\/p>\n<p>\t\t\t<a class=\"buttonCall\" href=\"https:\/\/whatsapp.com\/channel\/0029Vb68mVyHVvTWezDm7d0R\" target=\"_blank\" rel=\"noopener nofollow\" title=\"Seguici su WhatsApp\"><br \/>\n\t\t\t\tSeguici su WhatsApp<br \/>\n\t\t\t<\/a><\/p>\n<p>\t<script async src=\"\/\/www.instagram.com\/embed.js\"><\/script><\/p>\n","protected":false},"excerpt":{"rendered":"Per Elodie e Franceska Nuredini l\u2019estate sembra chiudersi esattamente come era iniziata: insieme. La cantante ha affidato a&hellip;\n","protected":false},"author":3,"featured_media":665194,"comment_status":"","ping_status":"","sticky":false,"template":"","format":"standard","meta":{"footnotes":"","_share_on_mastodon":"0"},"categories":[1451],"tags":[25098,1621,1620,8049,203,204,1537,90,89,86],"class_list":["post-665193","post","type-post","status-publish","format-standard","has-post-thumbnail","category-celebrita","tag-baciare","tag-celebrita","tag-celebrities","tag-elodie","tag-entertainment","tag-intrattenimento","tag-it","tag-italia","tag-italy","tag-vip"],"share_on_mastodon":{"url":"https:\/\/pubeurope.com\/@it\/117214615127158430","error":""},"_links":{"self":[{"href":"https:\/\/www.europesays.com\/it\/wp-json\/wp\/v2\/posts\/665193","targetHints":{"allow":["GET"]}}],"collection":[{"href":"https:\/\/www.europesays.com\/it\/wp-json\/wp\/v2\/posts"}],"about":[{"href":"https:\/\/www.europesays.com\/it\/wp-json\/wp\/v2\/types\/post"}],"author":[{"embeddable":true,"href":"https:\/\/www.europesays.com\/it\/wp-json\/wp\/v2\/users\/3"}],"replies":[{"embeddable":true,"href":"https:\/\/www.europesays.com\/it\/wp-json\/wp\/v2\/comments?post=665193"}],"version-history":[{"count":0,"href":"https:\/\/www.europesays.com\/it\/wp-json\/wp\/v2\/posts\/665193\/revisions"}],"wp:featuredmedia":[{"embeddable":true,"href":"https:\/\/www.europesays.com\/it\/wp-json\/wp\/v2\/media\/665194"}],"wp:attachment":[{"href":"https:\/\/www.europesays.com\/it\/wp-json\/wp\/v2\/media?parent=665193"}],"wp:term":[{"taxonomy":"category","embeddable":true,"href":"https:\/\/www.europesays.com\/it\/wp-json\/wp\/v2\/categories?post=665193"},{"taxonomy":"post_tag","embeddable":true,"href":"https:\/\/www.europesays.com\/it\/wp-json\/wp\/v2\/tags?post=665193"}],"curies":[{"name":"wp","href":"https:\/\/api.w.org\/{rel}","templated":true}]}}