{"id":665195,"date":"2026-09-04T20:17:23","date_gmt":"2026-09-04T20:17:23","guid":{"rendered":"https:\/\/www.europesays.com\/it\/665195\/"},"modified":"2026-09-04T20:17:23","modified_gmt":"2026-09-04T20:17:23","slug":"lutto-a-crotone-si-e-spento-a-roma-lo-scultore-ludovico-graziani","status":"publish","type":"post","link":"https:\/\/www.europesays.com\/it\/665195\/","title":{"rendered":"Lutto a Crotone: si \u00e8 spento a Roma lo scultore Ludovico Graziani"},"content":{"rendered":"<p>Roma \u00e8 stata la sua dimora per gran parte della sua esistenza, ma il suo cuore non ha mai smesso di battere tra i vicoli e il mare della sua amata Crotone. Il maestro Ludovico Graziani si \u00e8 spento all\u2019et\u00e0 di 86 anni nella Capitale, citt\u00e0 in cui risiedeva da tempo. Scultore, pittore e restauratore ha arricchito profondamente il patrimonio artistico e culturale del territorio crotonese.<\/p>\n<p>Le radici crotonesi al Carmine<img alt=\"Ludovico Graziani\" class=\"frontity-lazy-image\" loading=\"lazy\" decoding=\"async\" src=\"https:\/\/www.europesays.com\/it\/wp-content\/uploads\/2026\/09\/ludovico-graziani-48451.jpg\"\/><\/p>\n<p>Nato nel 1940 nello storico quartiere del Carmine, il maestro \u00e8 sempre stato considerato un cittadino del mondo, pur mantenendo salde e vitali le proprie origini. Durante un incontro con il pubblico nel febbraio del 1998, in occasione della consegna della Targa della professionalit\u00e0 da parte del Rotary presso il bastione Toledo, dichiar\u00f2: \u00abIl mondo per me \u00e8 come la tavolozza, i cui colori sono i vari paesi ed il pennello una lingua unica con la quale poter trasmettere solo messaggi di pace e d\u2019amore tra gli uomini\u00bb. Parole che descrivono in modo magistrale lo spirito universale e la sensibilit\u00e0 che animava l\u2019artista crotonese Ludovico Graziani, il quale, seppur lontano geograficamente, ha sempre continuato a restituire un frammento di eternit\u00e0 alla sua amata terra.<\/p>\n<p>Il capolavoro in bronzo della Cattedrale<\/p>\n<p>L\u2019opera che forse pi\u00f9 di tutte ha legato indissolubilmente il suo nome alla citt\u00e0 pitagorica \u00e8 la maestosa porta centrale in bronzo della Basilica Cattedrale. Realizzata tra il 1982 e il 1986 su commissione dell\u2019allora arcivescovo Giuseppe Agostino, la creazione \u00e8 un gigante di quattordici quintali che misura circa sei metri per tre. Sulla sua superficie si stagliano otto scene sacre, gli stemmi di dodici vescovi predecessori e le splendide maniglie raffiguranti San Francesco di Paola e San Giuseppe.<\/p>\n<p>Presentata originariamente a Roma nell\u2019ottobre del 1985 in sala Santa Rita, l\u2019opera ricevette lodi entusiaste da figure di spicco, tra cui l\u2019assessore capitolino alla Cultura Ludovico Gatto e il presidente dell\u2019Ente nazionale sordi, Cesare Magarotto. Questo dettaglio non \u00e8 casuale: il maestro Graziani conviveva con una disabilit\u00e0 uditiva, motivo per cui monsignor Agostino lo accost\u00f2 alla figura di Beethoven, definendolo un uomo che aveva vinto sul suo limite personale trasformando la propria angoscia pi\u00f9 profonda in un trionfo della forma. Un capolavoro imponente.<\/p>\n<p>L\u2019ultimo grande dono al Teatro Scaramuzza<\/p>\n<p>Il capitolo pi\u00f9 recente della lunga vicenda d\u2019amore tra l\u2019uomo e la sua terra risale allo scorso luglio 2025. In quell\u2019occasione, Graziani ha voluto donare alla sua collettivit\u00e0 \u201cUn altro mondo\u201d, una scultura in bronzo alta 170 centimetri e pesante un quintale e mezzo. Voluta dallo stesso autore nel foyer del Teatro comunale \u201cVincenzo Scaramuzza\u201d, la forma di grande vaso ellittico a bassorilievo fa affiorare in superficie il dramma della guerra e della povert\u00e0, ma in cima lascia dominare una barca \u2014 chiaro richiamo alle origini marinare di Crotone e simbolo di salvezza \u2014 sormontata da una Croce.<\/p>\n<p><img alt=\"Ludovico Graziani\" class=\"frontity-lazy-image\" loading=\"lazy\" decoding=\"async\" src=\"https:\/\/www.europesays.com\/it\/wp-content\/uploads\/2026\/09\/ludovico-graziani-48452.jpg\"\/><\/p>\n<p>Durante l\u2019inaugurazione, il sindaco Vincenzo Voce lo aveva ringraziato a nome dei cittadini e l\u2019Amministrazione gli aveva conferito la Menzione speciale delle benemerenze civiche, lodando la sua capacit\u00e0 di fondere tradizione e sperimentazione. Oggi che la sua vita \u00e8 giunta al termine, resta nitido un filo rosso mai reciso: nella sua lunga e fiorente attivit\u00e0, ha sempre conservato ben chiare nel suo animo le immagini della Calabria, continuando a restituire a Crotone \u2014 alla piazza, alla fede e all\u2019arte \u2014 tutto ci\u00f2 che la citt\u00e0 gli aveva generosamente dato fin dalla sua nascita.<\/p>\n<p>I funerali giorno 7 settembre<\/p>\n<p>Graziani aveva chiesto espressamente di essere sepolto a Crotone. I funerali si terranno il prossimo 7 settembre alle ore 10.30 presso la chiesa dell\u2019Immacolata a Crotone, dove parenti, amici e l\u2019intera comunit\u00e0 potranno stringersi per tributargli un ultimo e commosso saluto. La salma giunger\u00e0 a Crotone domenica 6 settembre presso la Casa funeraria Cosentino (bivio per Papanice) in tarda serata.<\/p>\n","protected":false},"excerpt":{"rendered":"Roma \u00e8 stata la sua dimora per gran parte della sua esistenza, ma il suo cuore non ha&hellip;\n","protected":false},"author":3,"featured_media":665196,"comment_status":"","ping_status":"","sticky":false,"template":"","format":"standard","meta":{"footnotes":"","_share_on_mastodon":"0"},"categories":[1446],"tags":[1615,1613,1614,1611,1610,1612,203,204,1537,90,89],"class_list":["post-665195","post","type-post","status-publish","format-standard","has-post-thumbnail","category-arte-e-design","tag-arte","tag-arte-e-design","tag-arteedesign","tag-arts","tag-arts-and-design","tag-design","tag-entertainment","tag-intrattenimento","tag-it","tag-italia","tag-italy"],"share_on_mastodon":{"url":"https:\/\/pubeurope.com\/@it\/117214620000201928","error":""},"_links":{"self":[{"href":"https:\/\/www.europesays.com\/it\/wp-json\/wp\/v2\/posts\/665195","targetHints":{"allow":["GET"]}}],"collection":[{"href":"https:\/\/www.europesays.com\/it\/wp-json\/wp\/v2\/posts"}],"about":[{"href":"https:\/\/www.europesays.com\/it\/wp-json\/wp\/v2\/types\/post"}],"author":[{"embeddable":true,"href":"https:\/\/www.europesays.com\/it\/wp-json\/wp\/v2\/users\/3"}],"replies":[{"embeddable":true,"href":"https:\/\/www.europesays.com\/it\/wp-json\/wp\/v2\/comments?post=665195"}],"version-history":[{"count":0,"href":"https:\/\/www.europesays.com\/it\/wp-json\/wp\/v2\/posts\/665195\/revisions"}],"wp:featuredmedia":[{"embeddable":true,"href":"https:\/\/www.europesays.com\/it\/wp-json\/wp\/v2\/media\/665196"}],"wp:attachment":[{"href":"https:\/\/www.europesays.com\/it\/wp-json\/wp\/v2\/media?parent=665195"}],"wp:term":[{"taxonomy":"category","embeddable":true,"href":"https:\/\/www.europesays.com\/it\/wp-json\/wp\/v2\/categories?post=665195"},{"taxonomy":"post_tag","embeddable":true,"href":"https:\/\/www.europesays.com\/it\/wp-json\/wp\/v2\/tags?post=665195"}],"curies":[{"name":"wp","href":"https:\/\/api.w.org\/{rel}","templated":true}]}}