{"id":665228,"date":"2026-09-04T20:42:25","date_gmt":"2026-09-04T20:42:25","guid":{"rendered":"https:\/\/www.europesays.com\/it\/665228\/"},"modified":"2026-09-04T20:42:25","modified_gmt":"2026-09-04T20:42:25","slug":"fantacalcio-perche-comprare-e-perche-no-lucas-perri","status":"publish","type":"post","link":"https:\/\/www.europesays.com\/it\/665228\/","title":{"rendered":"Fantacalcio, perch\u00e9 comprare (e perch\u00e9 no) Lucas Perri"},"content":{"rendered":"<p>Chi \u00e8 Lucas Perri<\/p>\n<p><strong data-mw=\"{&quot;parts&quot;:[{&quot;template&quot;:{&quot;target&quot;:{&quot;wt&quot;:&quot;Bio\\n&quot;,&quot;href&quot;:&quot;.\/Template:Bio&quot;},&quot;params&quot;:{&quot;Nome&quot;:{&quot;wt&quot;:&quot;Lucas&quot;},&quot;Cognome&quot;:{&quot;wt&quot;:&quot;Estella Perri&quot;},&quot;ForzaOrdinamento&quot;:{&quot;wt&quot;:&quot;Perri, Lucas&quot;},&quot;Sesso&quot;:{&quot;wt&quot;:&quot;M&quot;},&quot;LuogoNascita&quot;:{&quot;wt&quot;:&quot;Campinas&quot;},&quot;GiornoMeseNascita&quot;:{&quot;wt&quot;:&quot;10 dicembre&quot;},&quot;AnnoNascita&quot;:{&quot;wt&quot;:&quot;1997&quot;},&quot;LuogoMorte&quot;:{&quot;wt&quot;:&quot;&quot;},&quot;GiornoMeseMorte&quot;:{&quot;wt&quot;:&quot;&quot;},&quot;AnnoMorte&quot;:{&quot;wt&quot;:&quot;&quot;},&quot;Epoca&quot;:{&quot;wt&quot;:&quot;2000&quot;},&quot;Attivit\u00e0&quot;:{&quot;wt&quot;:&quot;calciatore&quot;},&quot;Nazionalit\u00e0&quot;:{&quot;wt&quot;:&quot;brasiliano&quot;},&quot;PostNazionalit\u00e0&quot;:{&quot;wt&quot;:&quot;, [[Portiere (calcio)|portiere]] del {{Calcio Torino|N}} in prestito dal {{Calcio Leeds|N}}&quot;}},&quot;i&quot;:0}}]}\">Lucas Estella Perri<\/strong>\u00a0(Campinas,\u00a010 dicembre\u00a01997) \u00e8 un\u00a0calciatore\u00a0brasiliano,\u00a0portiere\u00a0del\u00a0Torino\u00a0in prestito dal\u00a0Leeds Utd.<\/p>\n<p>Cresciuto nelle giovanili del San Paolo, nel 2018 approda in prima squadra. Dopo una serie di prestiti, nel 2022 passa al Botafogo prima del grande salto in Europa nel 2023 al Lione. Nel 2025 passa al Leeds.<\/p>\n<p>Il 29 agosto 2026 viene acquistato a titolo temporaneo dal Torino.<\/p>\n<p>Il ruolo di Lucas Perri<\/p>\n<p>Imperioso per la sua statura fisica, imponente dall&#8217;alto dei suoi 197 cm. Sempre molto sicuro nella gestione del possesso con i piedi (destrorso). Buon senso del posizionamento e discreta reattivit\u00e0 tra i pali, deve migliorare nelle uscite basse.\u00a0<\/p>\n<p><strong>Il suo ruolo al Fantacalcio Classic \u00e8 P al Mantra parliamo di un Por.<\/strong><\/p>\n<p>Perch\u00e9 comprare Lucas Perri al Fantacalcio<\/p>\n<p>Portiere affidabile, arriva per essere titolare. Per rapporto qualit\u00e0-prezzo pu\u00f2 essere un acquisto interessante.<\/p>\n<p>Perch\u00e9 non comprare Lucas Perri al Fantacalcio<\/p>\n<p>Non \u00e8 un profilo da modificatore e la difesa del Torino non \u00e8 esattamente a prova di gol. Pu\u00f2 subire tanto, soprattutto nelle prime gare.<\/p>\n<p>Lucas Perri, le statistiche<\/p>\n<p>Ha collezionato 195 partite tra i professionisti in carriera con le maglie dei club. In totale ha collezionato 215 gol subiti e 64 clean sheet.<\/p>\n","protected":false},"excerpt":{"rendered":"Chi \u00e8 Lucas Perri Lucas Estella Perri\u00a0(Campinas,\u00a010 dicembre\u00a01997) \u00e8 un\u00a0calciatore\u00a0brasiliano,\u00a0portiere\u00a0del\u00a0Torino\u00a0in prestito dal\u00a0Leeds Utd. Cresciuto nelle giovanili del San&hellip;\n","protected":false},"author":3,"featured_media":635108,"comment_status":"","ping_status":"","sticky":false,"template":"","format":"standard","meta":{"footnotes":"","_share_on_mastodon":"0"},"categories":[1452],"tags":[721,719,720,1740,1537,90,89,251,1739,245,244],"class_list":["post-665228","post","type-post","status-publish","format-standard","has-post-thumbnail","category-calcio","tag-calcio","tag-fanta","tag-fantacalcio","tag-football","tag-it","tag-italia","tag-italy","tag-serie-a","tag-soccer","tag-sport","tag-sports"],"share_on_mastodon":{"url":"https:\/\/pubeurope.com\/@it\/117214717444563840","error":""},"_links":{"self":[{"href":"https:\/\/www.europesays.com\/it\/wp-json\/wp\/v2\/posts\/665228","targetHints":{"allow":["GET"]}}],"collection":[{"href":"https:\/\/www.europesays.com\/it\/wp-json\/wp\/v2\/posts"}],"about":[{"href":"https:\/\/www.europesays.com\/it\/wp-json\/wp\/v2\/types\/post"}],"author":[{"embeddable":true,"href":"https:\/\/www.europesays.com\/it\/wp-json\/wp\/v2\/users\/3"}],"replies":[{"embeddable":true,"href":"https:\/\/www.europesays.com\/it\/wp-json\/wp\/v2\/comments?post=665228"}],"version-history":[{"count":0,"href":"https:\/\/www.europesays.com\/it\/wp-json\/wp\/v2\/posts\/665228\/revisions"}],"wp:featuredmedia":[{"embeddable":true,"href":"https:\/\/www.europesays.com\/it\/wp-json\/wp\/v2\/media\/635108"}],"wp:attachment":[{"href":"https:\/\/www.europesays.com\/it\/wp-json\/wp\/v2\/media?parent=665228"}],"wp:term":[{"taxonomy":"category","embeddable":true,"href":"https:\/\/www.europesays.com\/it\/wp-json\/wp\/v2\/categories?post=665228"},{"taxonomy":"post_tag","embeddable":true,"href":"https:\/\/www.europesays.com\/it\/wp-json\/wp\/v2\/tags?post=665228"}],"curies":[{"name":"wp","href":"https:\/\/api.w.org\/{rel}","templated":true}]}}