{"id":665231,"date":"2026-09-04T20:44:17","date_gmt":"2026-09-04T20:44:17","guid":{"rendered":"https:\/\/www.europesays.com\/it\/665231\/"},"modified":"2026-09-04T20:44:17","modified_gmt":"2026-09-04T20:44:17","slug":"cultura-inaugurata-la-mostra-alla-prima","status":"publish","type":"post","link":"https:\/\/www.europesays.com\/it\/665231\/","title":{"rendered":"Cultura: inaugurata la mostra &#8216;Alla prima"},"content":{"rendered":"<p>Nel Fortilizio della Cittadella \u00e8 stata inaugurata gioved\u00ec 3 settembre \u2018Alla prima &#8211; La pittura dell\u2019istante\u2019, una mostra che riunisce ventiquattro artisti provenienti da Pisa, dalla Toscana e da diverse regioni italiane.<\/p>\n<p>Promossa dal Comune di Pisa e curata dal pittore pisano Giacomo Roberto, fondatore della Scuola di Pittura \u2018Alla Prima\u2019, l\u2019esposizione sar\u00e0 visitabile fino al 27 settembre, dal marted\u00ec alla domenica a ingresso gratuito. Nei giorni di apertura sar\u00e0 anche possibile visitare la Torre Guelfa.<\/p>\n<p>All\u2019inaugurazione sono intervenuti il presidente della terza Commissione consiliare permanente del Comune di Pisa, Edoardo Cerri, e il curatore della mostra Giacomo Roberto.<\/p>\n<p>Nata da un percorso dedicato allo studio e alla diffusione della pittura attraverso corsi, attivit\u00e0 formative e momenti di confronto, l\u2019esposizione riunisce artisti provenienti da Pisa e da tutta Italia, accomunati da una stessa idea di pittura: un linguaggio fondato sull\u2019osservazione, sulla capacit\u00e0 di sintesi e sulla qualit\u00e0 del gesto pittorico.<\/p>\n<p>Al centro della mostra \u00e8 la pittura \u2018alla prima\u2019, un metodo di lavoro nel quale il dipinto viene costruito attraverso una successione di decisioni rapide e consapevoli, in cui pensiero, osservazione e gesto pittorico convivono nello stesso momento. Il metodo affonda le proprie radici nella grande tradizione europea della Belle \u00c9poque, rappresentata da artisti come Sargent, Zorn e Sorolla, che non si \u00e8 mai interrotta e che continua ancora oggi a rinnovarsi attraverso artisti contemporanei.<\/p>\n<p>Il percorso espositivo propone una pittura che rimette al centro lo sguardo dell\u2019artista e il rapporto consapevole con l\u2019immagine, attraverso una reinterpretazione della tradizione che si confronta anche con le possibilit\u00e0 offerte dalla sperimentazione. In questa prospettiva, la sperimentazione non viene intesa come semplice invenzione di nuove tecniche e linguaggi, ma come rinnovamento dei linguaggi esistenti e ricerca delle loro possibilit\u00e0 ancora inesplorate.<\/p>\n<p>Le opere esposte sono il risultato di un processo nel quale ogni dipinto nasce da una serie di scelte e intuizioni che appartengono all\u2019artista, in contrapposizione alla produzione automatizzata e impersonale dell\u2019immagine. La mostra restituisce cos\u00ec anche il percorso di una rete di relazioni costruita negli anni attraverso la formazione, lo studio e la condivisione di un comune percorso artistico.<\/p>\n<p>Gli artisti presenti sono: Ada Angelica Perchinenna, Alda Cristiani, Alessandra Valentina Bruzzi, Antonella Mannucci, Arianna Catalli, Carmen Vitello, Chiara Paciello, Danuta Sandomierska, Eleonora Giorgetti, Gabriella Donati, Giacomo Roberto, Giampaolo Bortignon, Leonardo Chiarini, Lisa Marcello, Luca Girolami, Luigia Saba, Marco Marraccini, Marco Reggiannini, Mario Migliaro, Michele D\u2019Adderio, Roberta Beni, Stefano Agostini, Vincenza Dolce e Yuri Foschi.<\/p>\n<p>La mostra, a ingresso libero, sar\u00e0 visitabile fino a domenica 27 nei giorni di marted\u00ec, mercoled\u00ec e gioved\u00ec con orario 16-19; venerd\u00ec, sabato e domenica la mattina con orario 10-13 e il pomeriggio 16-19. Rimarr\u00e0 chiusa il luned\u00ec.<\/p>\n","protected":false},"excerpt":{"rendered":"Nel Fortilizio della Cittadella \u00e8 stata inaugurata gioved\u00ec 3 settembre \u2018Alla prima &#8211; La pittura dell\u2019istante\u2019, una mostra&hellip;\n","protected":false},"author":3,"featured_media":665232,"comment_status":"","ping_status":"","sticky":false,"template":"","format":"standard","meta":{"footnotes":"","_share_on_mastodon":"0"},"categories":[1446],"tags":[1615,1613,1614,1611,1610,1644,1612,203,366555,13162,204,1537,90,89,632,16756],"class_list":["post-665231","post","type-post","status-publish","format-standard","has-post-thumbnail","category-arte-e-design","tag-arte","tag-arte-e-design","tag-arteedesign","tag-arts","tag-arts-and-design","tag-cultura","tag-design","tag-entertainment","tag-fortilizio-della-cittadella","tag-inaugurazione","tag-intrattenimento","tag-it","tag-italia","tag-italy","tag-mostra","tag-pittura"],"share_on_mastodon":{"url":"https:\/\/pubeurope.com\/@it\/117214725041473895","error":""},"_links":{"self":[{"href":"https:\/\/www.europesays.com\/it\/wp-json\/wp\/v2\/posts\/665231","targetHints":{"allow":["GET"]}}],"collection":[{"href":"https:\/\/www.europesays.com\/it\/wp-json\/wp\/v2\/posts"}],"about":[{"href":"https:\/\/www.europesays.com\/it\/wp-json\/wp\/v2\/types\/post"}],"author":[{"embeddable":true,"href":"https:\/\/www.europesays.com\/it\/wp-json\/wp\/v2\/users\/3"}],"replies":[{"embeddable":true,"href":"https:\/\/www.europesays.com\/it\/wp-json\/wp\/v2\/comments?post=665231"}],"version-history":[{"count":0,"href":"https:\/\/www.europesays.com\/it\/wp-json\/wp\/v2\/posts\/665231\/revisions"}],"wp:featuredmedia":[{"embeddable":true,"href":"https:\/\/www.europesays.com\/it\/wp-json\/wp\/v2\/media\/665232"}],"wp:attachment":[{"href":"https:\/\/www.europesays.com\/it\/wp-json\/wp\/v2\/media?parent=665231"}],"wp:term":[{"taxonomy":"category","embeddable":true,"href":"https:\/\/www.europesays.com\/it\/wp-json\/wp\/v2\/categories?post=665231"},{"taxonomy":"post_tag","embeddable":true,"href":"https:\/\/www.europesays.com\/it\/wp-json\/wp\/v2\/tags?post=665231"}],"curies":[{"name":"wp","href":"https:\/\/api.w.org\/{rel}","templated":true}]}}