{"id":665266,"date":"2026-09-04T21:10:23","date_gmt":"2026-09-04T21:10:23","guid":{"rendered":"https:\/\/www.europesays.com\/it\/665266\/"},"modified":"2026-09-04T21:10:23","modified_gmt":"2026-09-04T21:10:23","slug":"i-capelli-di-diletta-leotta-pieni-e-vaporosi-anche-dopo-il-parto","status":"publish","type":"post","link":"https:\/\/www.europesays.com\/it\/665266\/","title":{"rendered":"I capelli di Diletta Leotta pieni e vaporosi anche dopo il parto"},"content":{"rendered":"<p data-journey-content=\"true\" data-node-id=\"3\" class=\"css-1ood0zq emevuu60\">Per <strong data-node-id=\"3.1\">Diletta Leotta<\/strong> \u00e8 stata un&#8217;estate all&#8217;insegna della famiglia, accanto al marito Loris Karius e ai figli, Aria (che ha appena compiuto 3 anni) e Leonardo, nato lo scorso maggio. Momenti spensierati condivisi dalla conduttrice sportiva su Instagram, tra compleanni, abbracci a borso piscina e la consueta sensualit\u00e0. C&#8217;\u00e8 un dettaglio, per\u00f2, che non pu\u00f2 essere sfuggito agli osservatori pi\u00f9 attenti: i <strong data-node-id=\"3.3\">capelli pieni, vaporosi e voluminosi di Diletta Leotta<\/strong>, biondi e bellissimi sotto il cielo estivo. \u00c8 segno di una chioma che \u00e8 stata curata, <strong data-node-id=\"3.5\">prima, durante e dopo il parto<\/strong>. Gli ormoni, infatti, sono uno dei fattori che maggiormente influenzano la salute del capello e, soprattutto, la caduta: proprio per questo, molte neo-mamme sperimentano una perdita di capelli importante dopo il parto, un evento normale e legato al <strong data-node-id=\"3.7\">rapido calo degli estrogeni<\/strong>, che portano a una maggior fragilit\u00e0 capillare. E sebbene non tutti i corpi reagiscano allo stesso modo, la bellezza della chioma di Diletta Leotta suggerisce un concetto importante: la <strong data-node-id=\"3.9\">prevenzione<\/strong> \u00e8 sempre l&#8217;arma migliore e <strong data-node-id=\"3.11\">prendersi cura di s\u00e9 stesse<\/strong> non \u00e8 mai un&#8217;opzione. <\/p>\n<p data-journey-content=\"true\" data-node-id=\"9\" class=\"css-1ood0zq emevuu60\"><a href=\"https:\/\/iscriviti-elle.hearst.it\/registrazione\/?utm_source=sito&amp;utm_medium=articoli&amp;utm_campaign=nl_beauty\" target=\"_blank\" data-vars-ga-ux-element=\"Hyperlink\" data-mrf-link=\"https:\/\/iscriviti-elle.hearst.it\/registrazione\/?utm_source=sito&amp;utm_medium=articoli&amp;utm_campaign=nl_beauty\" data-node-id=\"9.0.0\" data-vars-ga-outbound-link=\"https:\/\/iscriviti-elle.hearst.it\/registrazione\/?utm_source=sito&amp;utm_medium=articoli&amp;utm_campaign=nl_beauty\" data-vars-ga-call-to-action=\"***Il meglio della settimana di moda e beauty. Iscriviti alla newsletter di Elle pensata per raccontarti trend, prodotti e insider tips.***\" class=\"body-link css-ohbdae emevuu60\" rel=\"nofollow noopener\">***Il meglio della settimana di moda e beauty. Iscriviti alla newsletter di Elle pensata per raccontarti trend, prodotti e insider tips.***<\/a><\/p>\n<p>Come avere capelli belli e voluminosi come Diletta Leotta dopo il parto<\/p>\n<p id=\"come-avere-capelli-belli-e-voluminosi-come-diletta-leotta-dopo-il-parto\" data-journey-content=\"true\" data-node-id=\"16\" class=\"body-text css-1ood0zq emevuu60\">Generalmente, dopo circa 3 mesi dal parto, notare i capelli cadere \u00e8 piuttosto normale: \u00e8 un effetto degli alti livelli di prolattina, un ormone essenziale durante l&#8217;allattamento, ma con un&#8217;azione negativa sulla salute del capello. Il confronto con la bellezza della chioma durante la gravidanza, poi, pu\u00f2 risultare impietoso: gli <strong data-node-id=\"16.1\">estrogeni<\/strong>, infatti, permettono ai capelli di vivere una fase prolungata di crescita, mentre le lunghezze appaiono pi\u00f9 folte, lucide e sane.<\/p>\n<p id=\"come-avere-capelli-belli-e-voluminosi-come-diletta-leotta-dopo-il-parto\" data-journey-content=\"true\" data-node-id=\"23\" class=\"css-1ood0zq emevuu60\">Trattandosi di un processo ormonale incontrollabile, fermare la <strong data-node-id=\"23.1\">caduta dei capelli post partum<\/strong> \u00e8 impossibile, ma adottare alcuni accorgimenti pu\u00f2 di certo aiutare una ripresa rapida della chioma, per un effetto alla <strong data-node-id=\"23.3\">Diletta Leotta<\/strong>. Un ruolo centrale \u00e8, ovviamente, quello dell&#8217;alimentazione, che deve essere <strong data-node-id=\"23.5\">varia, sana e ricca di frutta e verdura<\/strong>. L&#8217;haircare, invece, dovrebbe essere delicata e mirata, per non stressare i capelli con lavaggi troppo frequenti o aggressivi, arricchita con attivi come <strong data-node-id=\"23.9\">cheratina, acido ialuronico ed estratti botanici<\/strong> che possono rinforzare la fibra capillare. Sotto prescrizione medica, inoltre, pu\u00f2 essere utile anche assumere degli integratori specifici, da scegliere per aiutare la chioma a ripartire dopo il cambiamento ormonale legato al posto. <strong data-node-id=\"23.11.0\"\/><strong data-node-id=\"23.11.1\"\/><strong data-node-id=\"23.11.3\"\/><strong data-node-id=\"23.11.4\"\/><strong data-node-id=\"23.11.5\"\/><\/p>\n<p data-journey-content=\"true\" data-node-id=\"27\" class=\"css-1ood0zq emevuu60\">Le informazioni contenute in questo articolo hanno esclusivamente scopo informativo e divulgativo e non intendono sostituire il parere, la diagnosi o il trattamento di un professionista sanitario qualificato. Per qualsiasi dubbio o problema di salute, si consiglia sempre di consultare un medico o uno specialista.<\/p>\n<p><img decoding=\"async\" data-dynamic-svg=\"true\" src=\"https:\/\/www.elle.com\/_assets\/design-tokens\/fre\/static\/icons\/arrow-right.7440adc.svg?primary=%2523D4D4D4\" loading=\"lazy\" data-testid=\"dynamic-svg-base\" height=\"auto\" width=\"auto\" aria-label=\"Prev carousel button\" alt=\"Chevron Left Icon\" data-theme-key=\"icon-button-icon\" transform=\"scaleX(-1)\" class=\"css-14vtfey erhb41k0\"\/><img decoding=\"async\" data-dynamic-svg=\"true\" src=\"https:\/\/www.elle.com\/_assets\/design-tokens\/fre\/static\/icons\/arrow-right.7440adc.svg?primary=%25230f0f15\" loading=\"lazy\" data-testid=\"dynamic-svg-base\" height=\"auto\" width=\"auto\" aria-label=\"Next carousel button\" alt=\"Chevron Right Icon\" data-theme-key=\"icon-button-icon\" class=\"css-18znc9e erhb41k0\"\/>I migliori shampoo delicati per capelli Antica Erboristeria  Shampoo Addolcente Camomilla<a target=\"_blank\" rel=\"nofollow noopener\" data-theme-key=\"product-image-wrapper\" href=\"https:\/\/www.amazon.it\/dp\/B0FTSRYZTK?tag=a-elle-21\" aria-label=\"2\u00a0\u20ac su Amazon per Shampoo Addolcente Camomilla\" data-href=\"https:\/\/www.amazon.it\/dp\/B0FTSRYZTK\" data-product-url=\"https:\/\/www.amazon.it\/dp\/B0FTSRYZTK\" data-affiliate=\"true\" data-affiliate-url=\"https:\/\/www.amazon.it\/dp\/B0FTSRYZTK?tag=a-elle-21\" data-affiliate-network=\"{&quot;site_id&quot;:&quot;315b2bba-c4a8-446d-9237-6e6750390ee7&quot;,&quot;metadata&quot;:{&quot;links&quot;:{&quot;default&quot;:&quot;https:\/\/www.amazon.it\/dp\/B0FTSRYZTK?tag=a-elle-21&quot;}},&quot;network&quot;:{&quot;name&quot;:&quot;Amazon&quot;}}\" data-fp-affiliate-inline-link=\"true\" data-fp-affiliate-button-link=\"false\" data-vars-ga-call-to-action=\"2\u00a0\u20ac su Amazon\" data-vars-ga-media-role=\"\" data-vars-ga-media-type=\"Single Product Embed\" data-vars-ga-outbound-link=\"https:\/\/www.amazon.it\/dp\/B0FTSRYZTK\" data-vars-ga-product-brand=\"Antica Erboristeria \" data-vars-ga-product-id=\"cd49e11c-f158-44af-98f1-7cb0840890c5\" data-vars-ga-product-price=\"2,29\u00a0\u20ac\" data-vars-ga-product-retailer-id=\"edf22d17-fa72-4c89-9ecb-de94c721d53d\" data-vars-ga-product-sem3-brand=\"Antica Erboristeria Laboratorio Natura\" data-vars-ga-product-sem3-category=\"Shampoo capelli\" data-vars-ga-link-treatment=\"(not set) | (not set)\" data-vars-ga-sku=\"B0FTSRYZTK\" data-vars-ga-magento-tracking=\"1\" class=\"product-image-link ebgq4gw7 e12px3ys0 css-g6od0w e1socmtw0\"><img  alt=\"Shampoo Addolcente Camomilla\" title=\"Shampoo Addolcente Camomilla\" data-fp-product-image=\"true\" datafptag=\"data-fp-product-image\" src=\"https:\/\/www.europesays.com\/it\/wp-content\/uploads\/2026\/09\/1788260869-f85e5760-2883-4e14-a095-f83f6ef2c1f3.jpg\" width=\"1278\" height=\"1046\" decoding=\"async\" loading=\"lazy\"\/><\/a>Antica Erboristeria  Shampoo Addolcente CamomillaCredit: AmazonAveeno Skin Relief Shampoo Lenitivo <a target=\"_blank\" rel=\"nofollow noopener\" data-theme-key=\"product-image-wrapper\" href=\"https:\/\/www.amazon.it\/dp\/B08GNZS4B1?tag=a-elle-21\" aria-label=\"11\u00a0\u20ac su Amazon per Skin Relief Shampoo Lenitivo \" data-href=\"https:\/\/www.amazon.it\/dp\/B08GNZS4B1\" data-product-url=\"https:\/\/www.amazon.it\/dp\/B08GNZS4B1\" data-affiliate=\"true\" data-affiliate-url=\"https:\/\/www.amazon.it\/dp\/B08GNZS4B1?tag=a-elle-21\" data-affiliate-network=\"{&quot;site_id&quot;:&quot;315b2bba-c4a8-446d-9237-6e6750390ee7&quot;,&quot;metadata&quot;:{&quot;links&quot;:{&quot;default&quot;:&quot;https:\/\/www.amazon.it\/dp\/B08GNZS4B1?tag=a-elle-21&quot;}},&quot;network&quot;:{&quot;name&quot;:&quot;Amazon&quot;}}\" data-fp-affiliate-inline-link=\"true\" data-fp-affiliate-button-link=\"false\" data-vars-ga-call-to-action=\"11\u00a0\u20ac su Amazon\" data-vars-ga-media-role=\"\" data-vars-ga-media-type=\"Single Product Embed\" data-vars-ga-outbound-link=\"https:\/\/www.amazon.it\/dp\/B08GNZS4B1\" data-vars-ga-product-brand=\"Aveeno\" data-vars-ga-product-id=\"e85f3ce1-1012-459c-85b5-8fe88c01b570\" data-vars-ga-product-price=\"11,16\u00a0\u20ac\" data-vars-ga-product-retailer-id=\"06ffa4f1-cf4c-4e0d-bcb3-bb25dddb2bb9\" data-vars-ga-product-sem3-brand=\"Aveeno\" data-vars-ga-product-sem3-category=\"Shampoo capelli\" data-vars-ga-link-treatment=\"sale | (not set)\" data-vars-ga-sku=\"B08GNZS4B1\" data-vars-ga-magento-tracking=\"1\" class=\"product-image-link ebgq4gw7 e12px3ys0 css-g6od0w e1socmtw0\"><img  alt=\"Skin Relief Shampoo Lenitivo \" title=\"Skin Relief Shampoo Lenitivo \" data-fp-product-image=\"true\" datafptag=\"data-fp-product-image\" src=\"https:\/\/www.europesays.com\/it\/wp-content\/uploads\/2026\/09\/1768821928-61QUJstvqjL.jpg\" width=\"2560\" height=\"2560\" decoding=\"async\" loading=\"lazy\"\/><\/a>Aveeno Skin Relief Shampoo Lenitivo <\/p>\n<p>Ora in sconto del 19%<\/p>\n<p>Credit: AmazonEquilibra Aloe Ialuronica Dermo Shampoo Idratante<a target=\"_blank\" rel=\"nofollow noopener\" data-theme-key=\"product-image-wrapper\" href=\"https:\/\/www.amazon.it\/dp\/B0743JHBRJ?tag=a-elle-21\" aria-label=\"4\u00a0\u20ac su Amazon per Aloe Ialuronica Dermo Shampoo Idratante\" data-href=\"https:\/\/www.amazon.it\/dp\/B0743JHBRJ\" data-product-url=\"https:\/\/www.amazon.it\/dp\/B0743JHBRJ\" data-affiliate=\"true\" data-affiliate-url=\"https:\/\/www.amazon.it\/dp\/B0743JHBRJ?tag=a-elle-21\" data-affiliate-network=\"{&quot;site_id&quot;:&quot;315b2bba-c4a8-446d-9237-6e6750390ee7&quot;,&quot;metadata&quot;:{&quot;links&quot;:{&quot;default&quot;:&quot;https:\/\/www.amazon.it\/dp\/B0743JHBRJ?tag=a-elle-21&quot;}},&quot;network&quot;:{&quot;name&quot;:&quot;Amazon&quot;}}\" data-fp-affiliate-inline-link=\"true\" data-fp-affiliate-button-link=\"false\" data-vars-ga-call-to-action=\"4\u00a0\u20ac su Amazon\" data-vars-ga-media-role=\"\" data-vars-ga-media-type=\"Single Product Embed\" data-vars-ga-outbound-link=\"https:\/\/www.amazon.it\/dp\/B0743JHBRJ\" data-vars-ga-product-brand=\"Equilibra\" data-vars-ga-product-id=\"3ee77d0f-fb0d-42ec-a475-e5cad8881f90\" data-vars-ga-product-price=\"3,68\u00a0\u20ac\" data-vars-ga-product-retailer-id=\"33247cc4-a1e1-4cdf-8bc4-db55d0357b2a\" data-vars-ga-product-sem3-brand=\"Equilibra\" data-vars-ga-link-treatment=\"sale | (not set)\" data-vars-ga-sku=\"B0743JHBRJ\" data-vars-ga-magento-tracking=\"1\" class=\"product-image-link ebgq4gw7 e12px3ys0 css-g6od0w e1socmtw0\"><img  alt=\"Aloe Ialuronica Dermo Shampoo Idratante\" title=\"Aloe Ialuronica Dermo Shampoo Idratante\" data-fp-product-image=\"true\" datafptag=\"data-fp-product-image\" src=\"https:\/\/www.europesays.com\/it\/wp-content\/uploads\/2026\/09\/1709028084-61ZP9hmtLhL.jpg\" width=\"2400\" height=\"2400\" decoding=\"async\" loading=\"lazy\"\/><\/a>Equilibra Aloe Ialuronica Dermo Shampoo Idratante<\/p>\n<p>Ora in sconto del 22%<\/p>\n<p>Credit: Amazon<\/p>\n","protected":false},"excerpt":{"rendered":"Per Diletta Leotta \u00e8 stata un&#8217;estate all&#8217;insegna della famiglia, accanto al marito Loris Karius e ai figli, Aria&hellip;\n","protected":false},"author":3,"featured_media":665267,"comment_status":"","ping_status":"","sticky":false,"template":"","format":"standard","meta":{"footnotes":"","_share_on_mastodon":"0"},"categories":[1451],"tags":[1621,1620,203,204,1537,90,89,5140,1780],"class_list":["post-665266","post","type-post","status-publish","format-standard","has-post-thumbnail","category-celebrita","tag-celebrita","tag-celebrities","tag-entertainment","tag-intrattenimento","tag-it","tag-italia","tag-italy","tag-shopping","tag-traffico"],"share_on_mastodon":{"url":"https:\/\/pubeurope.com\/@it\/117214828365312681","error":""},"_links":{"self":[{"href":"https:\/\/www.europesays.com\/it\/wp-json\/wp\/v2\/posts\/665266","targetHints":{"allow":["GET"]}}],"collection":[{"href":"https:\/\/www.europesays.com\/it\/wp-json\/wp\/v2\/posts"}],"about":[{"href":"https:\/\/www.europesays.com\/it\/wp-json\/wp\/v2\/types\/post"}],"author":[{"embeddable":true,"href":"https:\/\/www.europesays.com\/it\/wp-json\/wp\/v2\/users\/3"}],"replies":[{"embeddable":true,"href":"https:\/\/www.europesays.com\/it\/wp-json\/wp\/v2\/comments?post=665266"}],"version-history":[{"count":0,"href":"https:\/\/www.europesays.com\/it\/wp-json\/wp\/v2\/posts\/665266\/revisions"}],"wp:featuredmedia":[{"embeddable":true,"href":"https:\/\/www.europesays.com\/it\/wp-json\/wp\/v2\/media\/665267"}],"wp:attachment":[{"href":"https:\/\/www.europesays.com\/it\/wp-json\/wp\/v2\/media?parent=665266"}],"wp:term":[{"taxonomy":"category","embeddable":true,"href":"https:\/\/www.europesays.com\/it\/wp-json\/wp\/v2\/categories?post=665266"},{"taxonomy":"post_tag","embeddable":true,"href":"https:\/\/www.europesays.com\/it\/wp-json\/wp\/v2\/tags?post=665266"}],"curies":[{"name":"wp","href":"https:\/\/api.w.org\/{rel}","templated":true}]}}