{"id":665272,"date":"2026-09-04T21:14:25","date_gmt":"2026-09-04T21:14:25","guid":{"rendered":"https:\/\/www.europesays.com\/it\/665272\/"},"modified":"2026-09-04T21:14:25","modified_gmt":"2026-09-04T21:14:25","slug":"myplay-coldplay-tribute-show-live-sagra-della-madonna-del-rosario-casier-treviso","status":"publish","type":"post","link":"https:\/\/www.europesays.com\/it\/665272\/","title":{"rendered":"myplay coldplay tribute show live @ sagra della madonna del rosario, casier, treviso"},"content":{"rendered":"<p>&#13;<br \/>\n      &#13;<br \/>\n&#13;<br \/>\n     &#13;<br \/>\n        &#13;<\/p>\n<p>MyPlay Coldplay Tribute Show: il 18 settembre live alla Sagra della Madonna del Rosario di Casier<br \/>Casier, Treviso \u2013 Venerd\u00ec 18 settembre i MyPlay Coldplay Tribute Show saranno in concerto alla Sagra della Madonna del Rosario di Casier, per una serata dedicata alla musica dei Coldplay.<br \/>Il live ripercorre oltre vent\u2019anni di carriera della band britannica, alternando i brani dei primi album alle produzioni pi\u00f9 recenti. In scaletta trovano spazio canzoni come Yellow, The Scientist, Clocks, Fix You e Viva La Vida, accanto a Paradise, Adventure of a Lifetime, Hymn for the Weekend, Higher Power, My Universe e A Sky Full of Stars.<br \/>La proposta dei MyPlay Coldplay Tribute Show parte dall\u2019esecuzione dal vivo del repertorio e si sviluppa attraverso una produzione tecnica progettata insieme alla parte musicale. Luci sincronizzate, visual, contenuti video ed effetti scenici seguono la struttura dei singoli brani e accompagnano i diversi cambi di atmosfera dello spettacolo.<br \/>\u00c8 proprio la variet\u00e0 della discografia dei Coldplay a guidare la costruzione del live: dalle composizioni pi\u00f9 essenziali, basate su piano, voce e chitarre, fino ai brani degli ultimi anni, caratterizzati da synth, elettronica e produzioni pensate per i grandi palchi.<br \/>Nato nella primavera del 2025, il progetto MyPlay Coldplay Tribute Show \u00e8 stato sviluppato con l\u2019obiettivo di andare oltre la formula della classica cover band, lavorando parallelamente sulla componente musicale e su quella scenica. Ogni brano viene affrontato con un arrangiamento specifico e con una propria programmazione di luci e contenuti visivi.<br \/>I MyPlay Coldplay Tribute Show sono Gabriele Corrente alla voce, Francesco Nichele alle chitarre e programmazioni, Enrico Cipolla al basso e Massimo Andreetta alla batteria.<br \/>Parte integrante del progetto \u00e8 anche lo staff tecnico e creativo: Andrea Pedron di Officine Eventi cura il suono, Marco Scolaro la programmazione luci, Beppe Acacia la fotografia, Damian Laing i contenuti video e Cristian Fior la realizzazione dei video ufficiali.<br \/>L\u2019appuntamento \u00e8 per venerd\u00ec 18 settembre alle ore 21:00, nell\u2019ambito della Sagra della Madonna del Rosario di Casier. La data e l\u2019orario sono presenti anche nel calendario ufficiale della band.<br \/>Per informazioni<br \/>Sagra della Madonna del Rosario<br \/>Piazza Pio X, 31030, Casier (TV)<br \/>Evento Facebook:<br \/>https:\/\/www.facebook.com\/events\/1012030911922340\/<br \/>Sito ufficiale MyPlay Coldplay Tribute Show:<br \/>myplaycoldplaytribute.it<\/p>\n<p> &#13;<br \/>\n       &#13;<br \/>\n&#13;<br \/>\n&#13;<br \/>\n  &#13;<br \/>\n  &#13;<br \/>\n&#13;<br \/>\n&#13;<br \/>\n  &#13;<br \/>\n&#13;<br \/>\n        &#13;<br \/>\n        &#13;<br \/>\n               &#13;<br \/>\n      &#13;<br \/>\n      &#13;<br \/>\n      &#13;<br \/>\n&#13;<br \/>\n&#13;<br \/>\n            &#13;<br \/>\n   &#13;<br \/>\n       &#13;<br \/>\n     &#13;<br \/>\n     &#13;<br \/>\n     &#13;<br \/>\n&#13;<br \/>\n&#13;<br \/>\n&#13;<br \/>\n&#13;<br \/>\n    &#13;<br \/>\n&#13;<br \/>\n &#13;<br \/>\n &#13;<br \/>\n      &#13;<br \/>\n&#13;<br \/>\n      &#13;<\/p>\n","protected":false},"excerpt":{"rendered":"&#13; &#13; &#13; &#13; &#13; MyPlay Coldplay Tribute Show: il 18 settembre live alla Sagra della Madonna del&hellip;\n","protected":false},"author":3,"featured_media":665273,"comment_status":"","ping_status":"","sticky":false,"template":"","format":"standard","meta":{"footnotes":"","_share_on_mastodon":"0"},"categories":[1443],"tags":[203,626,204,1537,90,89,1538,1539],"class_list":["post-665272","post","type-post","status-publish","format-standard","has-post-thumbnail","category-musica","tag-entertainment","tag-eventi","tag-intrattenimento","tag-it","tag-italia","tag-italy","tag-music","tag-musica"],"share_on_mastodon":{"url":"https:\/\/pubeurope.com\/@it\/117214843303481457","error":""},"_links":{"self":[{"href":"https:\/\/www.europesays.com\/it\/wp-json\/wp\/v2\/posts\/665272","targetHints":{"allow":["GET"]}}],"collection":[{"href":"https:\/\/www.europesays.com\/it\/wp-json\/wp\/v2\/posts"}],"about":[{"href":"https:\/\/www.europesays.com\/it\/wp-json\/wp\/v2\/types\/post"}],"author":[{"embeddable":true,"href":"https:\/\/www.europesays.com\/it\/wp-json\/wp\/v2\/users\/3"}],"replies":[{"embeddable":true,"href":"https:\/\/www.europesays.com\/it\/wp-json\/wp\/v2\/comments?post=665272"}],"version-history":[{"count":0,"href":"https:\/\/www.europesays.com\/it\/wp-json\/wp\/v2\/posts\/665272\/revisions"}],"wp:featuredmedia":[{"embeddable":true,"href":"https:\/\/www.europesays.com\/it\/wp-json\/wp\/v2\/media\/665273"}],"wp:attachment":[{"href":"https:\/\/www.europesays.com\/it\/wp-json\/wp\/v2\/media?parent=665272"}],"wp:term":[{"taxonomy":"category","embeddable":true,"href":"https:\/\/www.europesays.com\/it\/wp-json\/wp\/v2\/categories?post=665272"},{"taxonomy":"post_tag","embeddable":true,"href":"https:\/\/www.europesays.com\/it\/wp-json\/wp\/v2\/tags?post=665272"}],"curies":[{"name":"wp","href":"https:\/\/api.w.org\/{rel}","templated":true}]}}