{"id":665286,"date":"2026-09-04T21:22:17","date_gmt":"2026-09-04T21:22:17","guid":{"rendered":"https:\/\/www.europesays.com\/it\/665286\/"},"modified":"2026-09-04T21:22:17","modified_gmt":"2026-09-04T21:22:17","slug":"serata-calda-in-pizzeria-cane-morde-al-volto-una-bimba-il-padre-litiga-con-il-padrone-e-si-scaglia-sullinfermiere","status":"publish","type":"post","link":"https:\/\/www.europesays.com\/it\/665286\/","title":{"rendered":"Serata \u2018calda\u2019 in pizzeria, cane morde al volto una bimba: il\u00a0padre litiga con il padrone e si scaglia sull\u2019infermiere"},"content":{"rendered":"<p>Rimini, 4 settembre. Correva tra i tavoli, giocando all\u2019interno della<strong> pizzeria<\/strong> e pi\u00f9 volte si era avvicinata a quel <strong>cagnolino<\/strong> che stava accanto al suo padrone, un animale di piccola taglia tenuto al guinzaglio.<\/p>\n<p>Il proprietario aveva gi\u00e0 richiamato l\u2019attenzione dei genitori sulla necessit\u00e0 di non far avvicinare troppo la bambina. Poi il cane ha reagito e l\u2019ha morsa al volto. La bambina di cinque anni ha riportato soltanto qualche graffio al naso e al labbro, ma a farsi sentire pi\u00f9 delle ferite \u00e8 stata la paura. Il fatto \u00e8 accaduto domenica, in una nota <strong>pizzeria della Perla<\/strong>, sul posto \u00e8 intervenuto il 118 e la piccola \u00e8 stata accompagnata in ambulanza all\u2019<strong>Infermi di Rimini<\/strong> insieme alla madre per le medicazioni del caso. Ma mentre i soccorritori cercavano di occuparsi di lei, nella locale la situazione ha cominciato a scaldarsi. Il padre della bambina ha iniziato a discutere con il proprietario del cane.<\/p>\n<p>Approfondisci:<\/p>\n<p><a href=\"https:\/\/www.ilrestodelcarlino.it\/meteo\/svolta-meteo-data-crollo-temperature-emilia-romagna-wxu8vwwj\" class=\"ArticleEmbed_article__embed__content__Jzqnz\" rel=\"nofollow noopener\" target=\"_blank\">Svolta meteo, l&#8217;anticiclone africano cede: ecco la data del crollo delle temperature in Emilia Romagna<img alt=\"Svolta meteo, l'anticiclone africano cede: ecco la data del crollo delle temperature in Emilia Romagna\" loading=\"lazy\" width=\"140\" height=\"78\" decoding=\"async\" data-nimg=\"1\" style=\"color:transparent\"  src=\"https:\/\/www.europesays.com\/it\/wp-content\/uploads\/2026\/09\/la-perturbazione-in-arrivo-dall-europa-occidentale-arrivera-in-italia-da-mercoledi-9-settembre-immag.webp\"\/><\/a><br \/>\n&#8220;L\u2019uomo ha iniziato a lanciare oggetti\u201d <\/p>\n<p>Le parole sono diventate sempre pi\u00f9 pesanti e l\u2019uomo, secondo il racconto di <strong>Andrea Calisi, carabiniere della Tenenza di Riccione<\/strong> che quella sera era fuori servizio e stava cenando con la sua famiglia, era in evidente stato di <strong>agitazione.<\/strong> \u201cHa iniziato a inveire e a lanciare oggetti in aria\u201d, racconta Calisi. Lui osserva la scena dal suo tavolo, senza intervenire subito.<\/p>\n<p>Poi arriva anche il\u00a0118. Un infermiere si avvicina al padre della bambina e prova a spiegargli che non era riuscito a trovare il ristorante e che sarebbe bastato un cenno dall\u2019esterno per indicargli dove entrare. \u00c8 in quel momento che la tensione sale ancora. \u201cL\u2019uomo ha iniziato a <strong>insultare il sanitario<\/strong>, per poi afferrarlo per le spalle e spingerlo, intimandogli di farsi da parte\u201d.<\/p>\n<p> <img alt=\"L'ospedale &quot;Infermi&quot; di Rimini\" loading=\"lazy\" width=\"1600\" height=\"900\" decoding=\"async\" data-nimg=\"1\" style=\"color:transparent;max-width:100%;height:auto\"   src=\"https:\/\/www.europesays.com\/it\/wp-content\/uploads\/2026\/09\/l-ospedale-infermi-di-rimini.webp\"\/><\/p>\n<p>L&#8217;ospedale &#8220;Infermi&#8221; di Rimini<\/p>\n<p>Prognosi di 4 giorni, l\u2019infermiere denuncia <\/p>\n<p>Non ci sono <strong>pugni<\/strong>, ma l\u2019infermiere viene preso e spostato proprio mentre deve occuparsi della bambina. In seguito presenter\u00e0 denuncia nei confronti del padre e ricever\u00e0 una prognosi di 4 giorni per lesioni. A quel punto <strong>Calisi <\/strong>capisce che \u00e8 il momento di intervenire. \u201cVisto che si era messo faccia a faccia con l\u2019infermiere e sembrava sul punto di alzare le mani, sono intervenuto\u201d. Si alza dal tavolo, si qualifica come carabiniere e si mette tra i due. Poi accompagna il padre della bambina fuori dalla pizzeria. \u201cL\u00ec per l\u00ec l\u2019uomo \u00e8 sbiancato. Ho cercato di calmarlo, anche se con molta difficolt\u00e0\u201d. Fuori dal locale, Calisi riesce progressivamente a riportare l\u2019uomo alla calma.<\/p>\n<p>Approfondisci:<\/p>\n<p><a href=\"https:\/\/www.ilrestodelcarlino.it\/ancona\/cronaca\/libreria-mondadori-portati-via-libri-sndqgbx7\" class=\"ArticleEmbed_article__embed__content__Jzqnz\" rel=\"nofollow noopener\" target=\"_blank\">Libreria Mondadori, \u00e8 finita: gi\u00e0 portati via tutti i volumi<img alt=\"Libreria Mondadori, \u00e8 finita: gi\u00e0 portati via tutti i volumi\" loading=\"lazy\" width=\"140\" height=\"78\" decoding=\"async\" data-nimg=\"1\" style=\"color:transparent\"  src=\"https:\/\/www.europesays.com\/it\/wp-content\/uploads\/2026\/09\/saracinesche-chiuse-alla-libreria-mondadori-in-corso-mazzini-chiusura-definitiva.webp\"\/><\/a><br \/>\nIl carabiniere: \u201cHo atteso il momento giusto per intervenire\u201d <\/p>\n<p>Dentro, intanto, i soccorritori possono finalmente occuparsi della bambina senza altre tensioni. Poco dopo arriva anche la polizia locale e quando l\u2019ambulanza riparte verso Rimini con la bambina e la madre, la situazione \u00e8 ormai rientrata e Calisi affida l\u2019uomo agli agenti. \u201cHo mantenuto la calma e ho atteso il momento opportuno per intervenire\u201d, racconta il carabiniere. Alcune delle persone presenti lo ringraziano per quello che ha fatto. Lui invece, ha pensato soprattutto a una cosa: separare i due uomini e lasciare che i soccorritori potessero fare il loro lavoro.<\/p>\n","protected":false},"excerpt":{"rendered":"Rimini, 4 settembre. Correva tra i tavoli, giocando all\u2019interno della pizzeria e pi\u00f9 volte si era avvicinata a&hellip;\n","protected":false},"author":3,"featured_media":665287,"comment_status":"","ping_status":"","sticky":false,"template":"","format":"standard","meta":{"footnotes":"","_share_on_mastodon":"0"},"categories":[79],"tags":[2750,16541,100,14,93,94,14823,1537,90,89,105320,366567,7,15,3608,13229,18417,9065,11,84,91,12,85,92,13637],"class_list":["post-665286","post","type-post","status-publish","format-standard","has-post-thumbnail","category-italia","tag-bimba","tag-calda","tag-cane","tag-cronaca","tag-cronaca-italiana","tag-cronacaitaliana","tag-infermiere","tag-it","tag-italia","tag-italy","tag-litiga","tag-morde","tag-news","tag-notizie","tag-padre","tag-padrone","tag-pizzeria","tag-serata","tag-ultime-notizie","tag-ultime-notizie-e-news-di-oggi","tag-ultime-notizie-italia","tag-ultimenotizie","tag-ultimenotizieenewsdioggi","tag-ultimenotizieitalia","tag-volto"],"share_on_mastodon":{"url":"https:\/\/pubeurope.com\/@it\/117214875490377745","error":""},"_links":{"self":[{"href":"https:\/\/www.europesays.com\/it\/wp-json\/wp\/v2\/posts\/665286","targetHints":{"allow":["GET"]}}],"collection":[{"href":"https:\/\/www.europesays.com\/it\/wp-json\/wp\/v2\/posts"}],"about":[{"href":"https:\/\/www.europesays.com\/it\/wp-json\/wp\/v2\/types\/post"}],"author":[{"embeddable":true,"href":"https:\/\/www.europesays.com\/it\/wp-json\/wp\/v2\/users\/3"}],"replies":[{"embeddable":true,"href":"https:\/\/www.europesays.com\/it\/wp-json\/wp\/v2\/comments?post=665286"}],"version-history":[{"count":0,"href":"https:\/\/www.europesays.com\/it\/wp-json\/wp\/v2\/posts\/665286\/revisions"}],"wp:featuredmedia":[{"embeddable":true,"href":"https:\/\/www.europesays.com\/it\/wp-json\/wp\/v2\/media\/665287"}],"wp:attachment":[{"href":"https:\/\/www.europesays.com\/it\/wp-json\/wp\/v2\/media?parent=665286"}],"wp:term":[{"taxonomy":"category","embeddable":true,"href":"https:\/\/www.europesays.com\/it\/wp-json\/wp\/v2\/categories?post=665286"},{"taxonomy":"post_tag","embeddable":true,"href":"https:\/\/www.europesays.com\/it\/wp-json\/wp\/v2\/tags?post=665286"}],"curies":[{"name":"wp","href":"https:\/\/api.w.org\/{rel}","templated":true}]}}